{"id":26646,"date":"2025-09-05T18:30:09","date_gmt":"2025-09-05T18:30:09","guid":{"rendered":"https:\/\/www.europesays.com\/fi\/26646\/"},"modified":"2025-09-05T18:30:09","modified_gmt":"2025-09-05T18:30:09","slug":"jotain-vakavaa-on-tapahtunut-myyrmaessa","status":"publish","type":"post","link":"https:\/\/www.europesays.com\/fi\/26646\/","title":{"rendered":"Jotain vakavaa on tapahtunut Myyrm\u00e4ess\u00e4"},"content":{"rendered":"<p>Poliisi tutkii Myyrm\u00e4ess\u00e4 tapahtunutta vakavaa rikosta.<\/p>\n<p><img decoding=\"async\" class=\"image image-show image-preview\" src=\"https:\/\/www.europesays.com\/fi\/wp-content\/uploads\/2025\/08\/1756494487_470_09b73e1c6e48f0ea818f3d9c592369e4829c556e59e9c50476c010b12c6de0b2.jpg\" alt=\"\"\/><img decoding=\"async\" class=\"image image-show\" src=\"https:\/\/www.europesays.com\/fi\/wp-content\/uploads\/2025\/09\/09b73e1c6e48f0ea818f3d9c592369e4829c556e59e9c50476c010b12c6de0b2.jpg\" alt=\"\"\/><\/p>\n<p>Poliisi oli niukkasanainen tapahtuneesta. Kuvituskuva. Inka Soveri<\/p>\n<p class=\"paragraph\">It\u00e4-Uudenmaan poliisi tutkii perjantai-iltana tapahtunutta vakavaa henkeen ja terveyteen kohdistunutta rikosta Vantaan Myyrm\u00e4ess\u00e4.<\/p>\n<p class=\"paragraph\">Poliisi ei hieman ennen kello 21 kertonut tapauksen yksityiskohdista, sill\u00e4 teht\u00e4v\u00e4 on pahasti kesken.<\/p>\n<p class=\"paragraph\">Poliisilla on k\u00e4ynniss\u00e4 etsint\u00f6j\u00e4 tapaukseen liittyen. Etsinn\u00e4t kohdistuvat Myyrm\u00e4ke\u00e4 laajemmalle alueelle, mutta niist\u00e4 ei poliisin mukaan aiheudu sivullisille vaaraa.<\/p>\n<p class=\"paragraph\">It\u00e4-Uudenmaan poliisi kertoo tapauksesta lis\u00e4tietoja viimeist\u00e4\u00e4n lauantaiaamuna.<\/p>\n","protected":false},"excerpt":{"rendered":"Poliisi tutkii Myyrm\u00e4ess\u00e4 tapahtunutta vakavaa rikosta. Poliisi oli niukkasanainen tapahtuneesta. Kuvituskuva. Inka Soveri It\u00e4-Uudenmaan poliisi tutkii perjantai-iltana tapahtunutta&hellip;\n","protected":false},"author":2,"featured_media":20055,"comment_status":"","ping_status":"","sticky":false,"template":"","format":"standard","meta":{"footnotes":""},"categories":[12],"tags":[35,22,23,26,27,33,31,30,17,55,24,25,28,29,15,18,21,122,54,103,32,19,20,546,16],"class_list":{"0":"post-26646","1":"post","2":"type-post","3":"status-publish","4":"format-standard","5":"has-post-thumbnail","7":"category-suomi","8":"tag-24h","9":"tag-breaking-news","10":"tag-breakingnews","11":"tag-featured-news","12":"tag-featurednews","13":"tag-fi","14":"tag-finland","15":"tag-finnish","16":"tag-headlines","17":"tag-lainvalvonta","18":"tag-latest-news","19":"tag-latestnews","20":"tag-main-news","21":"tag-mainnews","22":"tag-news","23":"tag-otsikot","24":"tag-paauutiset","25":"tag-pelastaminen","26":"tag-pelastuspalvelut","27":"tag-sosiaalikysymykset","28":"tag-suomi","29":"tag-top-stories","30":"tag-topstories","31":"tag-turvallisuus","32":"tag-uutiset"},"share_on_mastodon":{"url":"","error":""},"_links":{"self":[{"href":"https:\/\/www.europesays.com\/fi\/wp-json\/wp\/v2\/posts\/26646","targetHints":{"allow":["GET"]}}],"collection":[{"href":"https:\/\/www.europesays.com\/fi\/wp-json\/wp\/v2\/posts"}],"about":[{"href":"https:\/\/www.europesays.com\/fi\/wp-json\/wp\/v2\/types\/post"}],"author":[{"embeddable":true,"href":"https:\/\/www.europesays.com\/fi\/wp-json\/wp\/v2\/users\/2"}],"replies":[{"embeddable":true,"href":"https:\/\/www.europesays.com\/fi\/wp-json\/wp\/v2\/comments?post=26646"}],"version-history":[{"count":0,"href":"https:\/\/www.europesays.com\/fi\/wp-json\/wp\/v2\/posts\/26646\/revisions"}],"wp:featuredmedia":[{"embeddable":true,"href":"https:\/\/www.europesays.com\/fi\/wp-json\/wp\/v2\/media\/20055"}],"wp:attachment":[{"href":"https:\/\/www.europesays.com\/fi\/wp-json\/wp\/v2\/media?parent=26646"}],"wp:term":[{"taxonomy":"category","embeddable":true,"href":"https:\/\/www.europesays.com\/fi\/wp-json\/wp\/v2\/categories?post=26646"},{"taxonomy":"post_tag","embeddable":true,"href":"https:\/\/www.europesays.com\/fi\/wp-json\/wp\/v2\/tags?post=26646"}],"curies":[{"name":"wp","href":"https:\/\/api.w.org\/{rel}","templated":true}]}}