{"id":26676,"date":"2025-09-05T19:21:07","date_gmt":"2025-09-05T19:21:07","guid":{"rendered":"https:\/\/www.europesays.com\/fi\/26676\/"},"modified":"2025-09-05T19:21:07","modified_gmt":"2025-09-05T19:21:07","slug":"valko-venaja-pidatti-puolalaisen-munkin-epailtyna-vakoilusta-uutisia-lyhyesti","status":"publish","type":"post","link":"https:\/\/www.europesays.com\/fi\/26676\/","title":{"rendered":"Valko-Ven\u00e4j\u00e4 pid\u00e4tti puolalaisen munkin ep\u00e4iltyn\u00e4 vakoilusta | Uutisia lyhyesti"},"content":{"rendered":"<p class=\"sc-jYczwO sc-ciCoXh frIBdZ cPdSqu yle__article__paragraph\">Valko-Ven\u00e4j\u00e4n viranomaiset ovat pid\u00e4tt\u00e4neet puolalaisen munkin ep\u00e4iltyn\u00e4 vakoilusta, mik\u00e4 nostaa j\u00e4nnitteit\u00e4 Minskin ja sen NATO-naapurimaan Puolan v\u00e4lill\u00e4.<\/p>\n<p class=\"sc-jYczwO sc-ciCoXh frIBdZ cPdSqu yle__article__paragraph\">Asiasta kertoo uutistoimisto AP.<\/p>\n<p class=\"sc-jYczwO sc-ciCoXh frIBdZ cPdSqu yle__article__paragraph\">Valko-Ven\u00e4j\u00e4n viranomaisten mukaan 27-vuotias <strong class=\"sc-eEHciv kkmMDs yle__article__strong\">Grzegorz Gawe<\/strong> pid\u00e4tettiin torstaina Lepelin kaupungissa, joka sijaitsee luoteessa maan p\u00e4\u00e4kaupungista Minskist\u00e4.<\/p>\n<p class=\"sc-jYczwO sc-ciCoXh frIBdZ cPdSqu yle__article__paragraph\">H\u00e4nen ep\u00e4ill\u00e4\u00e4n hankkineen arkaluonteisia asiakirjoja, jotka liittyv\u00e4t Ven\u00e4j\u00e4n kanssa j\u00e4rjestettyihin sotaharjoituksiin. Gawe voi saada rikoksesta jopa 15 vuoden vankeusrangaistuksen.<\/p>\n<p class=\"sc-jYczwO sc-ciCoXh frIBdZ cPdSqu yle__article__paragraph\">Valko-Ven\u00e4j\u00e4 on Moskovan l\u00e4heinen ja taloudellisesti riippuvainen liittolainen. Maa antoi Kremlin k\u00e4ytt\u00e4\u00e4 aluettaan joukkojen l\u00e4hett\u00e4miseen Ukrainaan vuonna 2022 ja on my\u00f6s toiminut Ven\u00e4j\u00e4n taktisten ydinaseiden is\u00e4nt\u00e4maana.<\/p>\n<p class=\"sc-jYczwO sc-ciCoXh frIBdZ cPdSqu yle__article__paragraph\">L\u00e4hde: AP<\/p>\n","protected":false},"excerpt":{"rendered":"Valko-Ven\u00e4j\u00e4n viranomaiset ovat pid\u00e4tt\u00e4neet puolalaisen munkin ep\u00e4iltyn\u00e4 vakoilusta, mik\u00e4 nostaa j\u00e4nnitteit\u00e4 Minskin ja sen NATO-naapurimaan Puolan v\u00e4lill\u00e4. Asiasta&hellip;\n","protected":false},"author":2,"featured_media":74,"comment_status":"","ping_status":"","sticky":false,"template":"","format":"standard","meta":{"footnotes":""},"categories":[14],"tags":[22,23,26,27,33,31,30,17,24,25,28,29,15,18,21,2700,581,32,19,20,56,16,6104,3194,59,60,61],"class_list":{"0":"post-26676","1":"post","2":"type-post","3":"status-publish","4":"format-standard","5":"has-post-thumbnail","7":"category-ulkomaat","8":"tag-breaking-news","9":"tag-breakingnews","10":"tag-featured-news","11":"tag-featurednews","12":"tag-fi","13":"tag-finland","14":"tag-finnish","15":"tag-headlines","16":"tag-latest-news","17":"tag-latestnews","18":"tag-main-news","19":"tag-mainnews","20":"tag-news","21":"tag-otsikot","22":"tag-paauutiset","23":"tag-puola","24":"tag-rikokset","25":"tag-suomi","26":"tag-top-stories","27":"tag-topstories","28":"tag-ulkomaat","29":"tag-uutiset","30":"tag-vakoilu","31":"tag-valko-venaja","32":"tag-world","33":"tag-world-news","34":"tag-worldnews"},"share_on_mastodon":{"url":"","error":""},"_links":{"self":[{"href":"https:\/\/www.europesays.com\/fi\/wp-json\/wp\/v2\/posts\/26676","targetHints":{"allow":["GET"]}}],"collection":[{"href":"https:\/\/www.europesays.com\/fi\/wp-json\/wp\/v2\/posts"}],"about":[{"href":"https:\/\/www.europesays.com\/fi\/wp-json\/wp\/v2\/types\/post"}],"author":[{"embeddable":true,"href":"https:\/\/www.europesays.com\/fi\/wp-json\/wp\/v2\/users\/2"}],"replies":[{"embeddable":true,"href":"https:\/\/www.europesays.com\/fi\/wp-json\/wp\/v2\/comments?post=26676"}],"version-history":[{"count":0,"href":"https:\/\/www.europesays.com\/fi\/wp-json\/wp\/v2\/posts\/26676\/revisions"}],"wp:featuredmedia":[{"embeddable":true,"href":"https:\/\/www.europesays.com\/fi\/wp-json\/wp\/v2\/media\/74"}],"wp:attachment":[{"href":"https:\/\/www.europesays.com\/fi\/wp-json\/wp\/v2\/media?parent=26676"}],"wp:term":[{"taxonomy":"category","embeddable":true,"href":"https:\/\/www.europesays.com\/fi\/wp-json\/wp\/v2\/categories?post=26676"},{"taxonomy":"post_tag","embeddable":true,"href":"https:\/\/www.europesays.com\/fi\/wp-json\/wp\/v2\/tags?post=26676"}],"curies":[{"name":"wp","href":"https:\/\/api.w.org\/{rel}","templated":true}]}}