{"id":26700,"date":"2025-09-05T20:02:09","date_gmt":"2025-09-05T20:02:09","guid":{"rendered":"https:\/\/www.europesays.com\/fi\/26700\/"},"modified":"2025-09-05T20:02:09","modified_gmt":"2025-09-05T20:02:09","slug":"raumalle-suunniteltu-muoto-tuotetehdas-peruuntumassa-metsa-group-kaavailee-nyt-uutta-linjaa-aanekoskelle","status":"publish","type":"post","link":"https:\/\/www.europesays.com\/fi\/26700\/","title":{"rendered":"Raumalle suunniteltu Muoto-tuotetehdas peruuntumassa? Mets\u00e4 Group kaavailee nyt uutta linjaa \u00c4\u00e4nekoskelle"},"content":{"rendered":"<p>Markkinoiden ep\u00e4varmuus heijastuu Mets\u00e4 Springin valmistamaan Muoto-tuoteperheeseen. Muoto-tuotteet ovat puukuituisia, muotoonpuristettuja, elintarvikek\u00e4ytt\u00f6\u00f6n tarkoitettuja astioita.<\/p>\n<p>Niiden tulevaan menekkiin vaikuttaa valtavasti, millaiseksi EU:n pakkausj\u00e4teasetus muodostuu, Mets\u00e4 Springin toimitusjohtaja <strong>Niklas von Weymarn<\/strong> totesi torstaina Raumalla j\u00e4rjestetyss\u00e4 lehdist\u00f6tilaisuudessa.<\/p>\n<p>Muoto-tuotteita on valmistettu toistaiseksi \u00c4\u00e4nekosken koetehtaalla, mutta suunnitteilla on ollut tehtaan rakentaminen Rauman tehdasalueelle. Siell\u00e4 tuotantolinjojen m\u00e4\u00e4r\u00e4\u00e4 olisi ollut tarkoitus kasvattaa kolmessa vaiheessa kahdeksasta per\u00e4ti 48:aan.<\/p>\n<p>\u201dSellaisen investoinnin riskitasot ovat suuret. Kaupallinen evidenssi on helpompi saavuttaa, jos on vain yksi linja\u201d, von Weymarn kertoi.<\/p>\n<p>Niinp\u00e4 yhti\u00f6ss\u00e4 selvitet\u00e4\u00e4n nyt vaihtoehtoa, jossa \u00c4\u00e4nekosken-koetehtaan viereen rakennettaisiin ensin yksi uusi Muoto-tuotteita valmistava linja.<\/p>\n<p>Von Weymarnin mukaan kaupallinen ja tekninen puoli on saatava riitt\u00e4v\u00e4n hyv\u00e4lle tasolle ennen mink\u00e4\u00e4nlaisen investointip\u00e4\u00e4t\u00f6ksen tekemist\u00e4.<\/p>\n<p>Kuluneena kes\u00e4n\u00e4 Muoto-tuotteet ovat olleet kokeilussa Citymarketeissa, Keskon p\u00e4\u00e4konttorilla ja Mets\u00e4 Groupin lounasravintolassa. Niist\u00e4 ker\u00e4tty asiakaspalaute on ollut kiitt\u00e4v\u00e4\u00e4.<\/p>\n<p>Lue my\u00f6s: <a href=\"https:\/\/www.metsalehti.fi\/uutiset\/metsa-group-valmistelee-uutta-jatti-investointia\/#d6a86f61\" rel=\"nofollow noopener\" target=\"_blank\">Rauma kisan voittaja \u2013 Mets\u00e4 Group valmistelee uutta j\u00e4tti-investointia<\/a><\/p>\n<p class=\"subscribe_mag_text_cta\">Jos ajankohtaiset mets\u00e4asiat kiinnostavat, <a href=\"https:\/\/www.metsalehti.fi\/tilaa-lehti\/\" rel=\"nofollow noopener\" target=\"_blank\">tilaa Mets\u00e4lehti t\u00e4st\u00e4<\/a>.<\/p>\n<p class=\"gform_description\">Mets\u00e4lehden uutiskirjeess\u00e4 perehdymme mets\u00e4alan kuumimpiin puheenaiheisiin. Kun tilaat Mets\u00e4lehden uutiskirjeen, annat samalla luvan Mets\u00e4lehdelle l\u00e4hett\u00e4\u00e4 sinulle muita mets\u00e4\u00e4n liittyvi\u00e4 viestej\u00e4. Voit muuttaa suostumustasi milloin tahansa.<\/p>\n","protected":false},"excerpt":{"rendered":"Markkinoiden ep\u00e4varmuus heijastuu Mets\u00e4 Springin valmistamaan Muoto-tuoteperheeseen. Muoto-tuotteet ovat puukuituisia, muotoonpuristettuja, elintarvikek\u00e4ytt\u00f6\u00f6n tarkoitettuja astioita. Niiden tulevaan menekkiin vaikuttaa&hellip;\n","protected":false},"author":2,"featured_media":26701,"comment_status":"","ping_status":"","sticky":false,"template":"","format":"standard","meta":{"footnotes":""},"categories":[135],"tags":[389,387,388,390,137,33,31,30,32,394,393,391,392,109],"class_list":{"0":"post-26700","1":"post","2":"type-post","3":"status-publish","4":"format-standard","5":"has-post-thumbnail","7":"category-taiteet-ja-suunnittelu","8":"tag-arts","9":"tag-arts-and-design","10":"tag-artsanddesign","11":"tag-design","12":"tag-entertainment","13":"tag-fi","14":"tag-finland","15":"tag-finnish","16":"tag-suomi","17":"tag-suunnittelu","18":"tag-taiteet","19":"tag-taiteet-ja-suunnittelu","20":"tag-taiteetsuunnittelu","21":"tag-viihde"},"share_on_mastodon":{"url":"","error":""},"_links":{"self":[{"href":"https:\/\/www.europesays.com\/fi\/wp-json\/wp\/v2\/posts\/26700","targetHints":{"allow":["GET"]}}],"collection":[{"href":"https:\/\/www.europesays.com\/fi\/wp-json\/wp\/v2\/posts"}],"about":[{"href":"https:\/\/www.europesays.com\/fi\/wp-json\/wp\/v2\/types\/post"}],"author":[{"embeddable":true,"href":"https:\/\/www.europesays.com\/fi\/wp-json\/wp\/v2\/users\/2"}],"replies":[{"embeddable":true,"href":"https:\/\/www.europesays.com\/fi\/wp-json\/wp\/v2\/comments?post=26700"}],"version-history":[{"count":0,"href":"https:\/\/www.europesays.com\/fi\/wp-json\/wp\/v2\/posts\/26700\/revisions"}],"wp:featuredmedia":[{"embeddable":true,"href":"https:\/\/www.europesays.com\/fi\/wp-json\/wp\/v2\/media\/26701"}],"wp:attachment":[{"href":"https:\/\/www.europesays.com\/fi\/wp-json\/wp\/v2\/media?parent=26700"}],"wp:term":[{"taxonomy":"category","embeddable":true,"href":"https:\/\/www.europesays.com\/fi\/wp-json\/wp\/v2\/categories?post=26700"},{"taxonomy":"post_tag","embeddable":true,"href":"https:\/\/www.europesays.com\/fi\/wp-json\/wp\/v2\/tags?post=26700"}],"curies":[{"name":"wp","href":"https:\/\/api.w.org\/{rel}","templated":true}]}}