{"id":267035,"date":"2026-06-04T17:47:14","date_gmt":"2026-06-04T17:47:14","guid":{"rendered":"https:\/\/www.europesays.com\/fi\/267035\/"},"modified":"2026-06-04T17:47:14","modified_gmt":"2026-06-04T17:47:14","slug":"britanniassa-kiistellaan-poliisin-vaitetysta-rasismista-valkoisia-kohtaan-nuori-kuoli-poliisin-kasiin-ulkomaat","status":"publish","type":"post","link":"https:\/\/www.europesays.com\/fi\/267035\/","title":{"rendered":"Britanniassa kiistell\u00e4\u00e4n poliisin v\u00e4itetyst\u00e4 rasismista valkoisia kohtaan \u2013 nuori kuoli poliisin k\u00e4siin | Ulkomaat"},"content":{"rendered":"<ul class=\"aw__sc-1yb43iq-0 gFXHv yle__article__list yle__article__list--ul\">\n<li class=\"aw__sc-1yb43iq-1 gVAzbt\">Britanniassa v\u00e4itell\u00e4\u00e4n, kohteleeko poliisi valkoisia ep\u00e4oikeudenmukaisesti. Keskustelun sytytti 18-vuotiaan Henry Nowakin kuolema.<\/li>\n<li class=\"aw__sc-1yb43iq-1 gVAzbt\">Puukotuksen uhriksi joutunut Nowak kuoli, kun poliisi ei uskonut h\u00e4nt\u00e4, vaan pani h\u00e4net k\u00e4sirautoihin.<\/li>\n<li class=\"aw__sc-1yb43iq-1 gVAzbt\">Tapaus on nostanut esiin kritiikki\u00e4 poliisin rasisminvastaista ohjeistusta kohtaan, jota pidet\u00e4\u00e4n ongelmallisena.<\/li>\n<li class=\"aw__sc-1yb43iq-1 gVAzbt\">Tilastojen mukaan poliisi pys\u00e4ytt\u00e4\u00e4 kuitenkin mustia viisi kertaa valkoisia useammin.<\/li>\n<\/ul>\n<p class=\"aw__sc-1qwuw0s-0 aw__sc-ngllmo-0 epAWpq fzYpjk yle__article__paragraph\"><strong class=\"aw__sc-ngllmo-2 gdRrun yle__article__strong\">LONTOO<\/strong> Britanniassa k\u00e4yd\u00e4\u00e4n kiivasta keskustelua siit\u00e4, kohteleeko poliisi valkoihoista v\u00e4est\u00f6\u00e4 ep\u00e4oikeudenmukaisesti.<\/p>\n<p class=\"aw__sc-1qwuw0s-0 aw__sc-ngllmo-0 epAWpq fzYpjk yle__article__paragraph\">Kiista leimahti, kun britit j\u00e4rkyttyiv\u00e4t 18-vuotiaan <strong class=\"aw__sc-ngllmo-2 gdRrun yle__article__strong\">Henry Nowakin<\/strong> traagisesta kuolemasta Southamptonissa Etel\u00e4-Englannissa.<\/p>\n<p class=\"aw__sc-1qwuw0s-0 aw__sc-ngllmo-0 epAWpq fzYpjk yle__article__paragraph\">23-vuotias <strong class=\"aw__sc-ngllmo-2 gdRrun yle__article__strong\">Vickrum Digwa<\/strong> puukotti joulukuussa yliopisto-opiskelijaa \u00f6isell\u00e4 kadulla. Puukotusta edelsi sanaharkka. Digwa on etniselt\u00e4 taustaltaan sikhi. Ryhm\u00e4n uskonnollisiin oikeuksiin kuuluu veitsen kantaminen. Digwa valehteli poliisille, ett\u00e4 Nowak hy\u00f6kk\u00e4si h\u00e4nt\u00e4 vastaan rasistisesti.<\/p>\n<p class=\"aw__sc-1qwuw0s-0 aw__sc-ngllmo-0 epAWpq fzYpjk yle__article__paragraph\"><strong class=\"aw__sc-ngllmo-2 gdRrun yle__article__strong\">Katso poliisin haalarikameran kuvaama video Nowakin pid\u00e4tyksest\u00e4 alla. Varoitus: video voi j\u00e4rkytt\u00e4\u00e4 katsojaa.<\/strong><\/p>\n<p class=\"aw__sc-1qwuw0s-0 aw__sc-ngllmo-0 epAWpq fzYpjk yle__article__paragraph\">Julkisuuteen levinneess\u00e4 poliisivideossa maassa makaava Nowak sanoo moneen kertaan, ett\u00e4 h\u00e4nt\u00e4 on puukotettu. \u201dEn pysty hengitt\u00e4m\u00e4\u00e4n\u201d, h\u00e4n toistelee.<\/p>\n<p class=\"aw__sc-1qwuw0s-0 aw__sc-ngllmo-0 epAWpq fzYpjk yle__article__paragraph\">Poliisi ei usko h\u00e4nt\u00e4, vaan panee h\u00e4net k\u00e4sirautoihin. Nowak kuoli muutaman minuutin kuluttua. Digwa tuomittiin t\u00e4ll\u00e4 viikolla elinkautiseen vankeuteen.<\/p>\n<p>Kiistelty ohjeistus puhuttaa<\/p>\n<p class=\"aw__sc-1qwuw0s-0 aw__sc-ngllmo-0 epAWpq fzYpjk yle__article__paragraph\">Tapaus on nostanut esiin Britannian poliisin rasisminvastaisen ohjeistuksen. Sen sanamuoto on her\u00e4tt\u00e4nyt laajaa kritiikki\u00e4.<\/p>\n<p class=\"aw__sc-1qwuw0s-0 aw__sc-ngllmo-0 epAWpq fzYpjk yle__article__paragraph\">Kansallisen poliisip\u00e4\u00e4llik\u00f6iden neuvoston (NPCC) ohjeessa todetaan, ett\u00e4 rodullinen tasa-arvo ei tarkoita kaikkien kohtelemista samalla tavalla tai \u201dv\u00e4risokeutta\u201d. Sen sijaan ohje kehottaa suhtautumaan jokaiseen yksil\u00f6n tai yhteis\u00f6n erityistarpeiden mukaan.<\/p>\n<p class=\"aw__sc-1qwuw0s-0 aw__sc-ngllmo-0 epAWpq fzYpjk yle__article__paragraph\">Jopa poliisiministeri <strong class=\"aw__sc-ngllmo-2 gdRrun yle__article__strong\">Sarah Jones<\/strong> pit\u00e4\u00e4 ohjeen sanamuotoa ongelmallisena.<\/p>\n<p class=\"aw__sc-1qwuw0s-0 aw__sc-ngllmo-0 epAWpq fzYpjk yle__article__paragraph\">\u2013 Se antaa v\u00e4\u00e4r\u00e4n kuvan. Kaikkia pit\u00e4\u00e4 kohdella tasa-arvoisesti, h\u00e4n sanoi BBC:lle.<\/p>\n<p><img decoding=\"async\" alt=\"Mielenosoittajat protestoivat Nowakin puolesta Southamptonissa tiistaina.\" src=\"https:\/\/www.europesays.com\/fi\/wp-content\/uploads\/2026\/06\/1780589762.jpeg\" loading=\"lazy\" class=\"aw__sc-dklauk-0 LPzKX\"\/><\/p>\n<p>Avaa kuvien katselu<\/p>\n<p>Mielenosoittajat arvostelivat poliisia Henry Nowakin kuolemasta mielenosoituksessa Southamptonissa 2. kes\u00e4kuuta. Kuva: Lab Mo \/ AOP<\/p>\n<p class=\"aw__sc-1qwuw0s-0 aw__sc-ngllmo-0 epAWpq fzYpjk yle__article__paragraph\">Oppositiossa olevan konservatiivisen puolueen varjo-oikeusministeri <strong class=\"aw__sc-ngllmo-2 gdRrun yle__article__strong\">Nick Timothy<\/strong> meni viel\u00e4 pidemm\u00e4lle.<\/p>\n<p class=\"aw__sc-1qwuw0s-0 aw__sc-ngllmo-0 epAWpq fzYpjk yle__article__paragraph\">\u2013 Poliittinen korrektius ja vasemmistolainen ideologia korruptoivat lainvalvontaa ja rikosoikeusj\u00e4rjestelm\u00e4\u00e4, h\u00e4n v\u00e4itti BBC:lle.<\/p>\n<p class=\"aw__sc-1qwuw0s-0 aw__sc-ngllmo-0 epAWpq fzYpjk yle__article__paragraph\">NPCC aikoo tutkia lauseen uudelleen.<\/p>\n<p>Koulutus her\u00e4tt\u00e4\u00e4 ristiriitaisia tunteita<\/p>\n<p class=\"aw__sc-1qwuw0s-0 aw__sc-ngllmo-0 epAWpq fzYpjk yle__article__paragraph\">Julkisuudessa on nostettu esiin Hampshiren poliisin j\u00e4rjest\u00e4m\u00e4 Inklusiivisuudella on v\u00e4li\u00e4 -koulutus, joka k\u00e4sittelee rasismia, tiedostamattomia ennakkoluuloja ja etuoikeuksia. Nowak kuoli Hampshiren poliisin piiriss\u00e4.<\/p>\n<p class=\"aw__sc-1qwuw0s-0 aw__sc-ngllmo-0 epAWpq fzYpjk yle__article__paragraph\">Readingin yliopiston tutkimus mittasi koulutukseen osallistuneiden kokemuksia. Valtaosa oli tyytyv\u00e4isi\u00e4, mutta l\u00e4hes joka seitsem\u00e4s osallistuja tunsi, ett\u00e4 heit\u00e4 yritet\u00e4\u00e4n painostaa tai kontrolloida. Liki viidennes pelk\u00e4si hylk\u00e4\u00e4mist\u00e4, jos sanoo jotain v\u00e4\u00e4rin.<\/p>\n<p class=\"aw__sc-1qwuw0s-0 aw__sc-ngllmo-0 epAWpq fzYpjk yle__article__paragraph\">Brittimedia on vet\u00e4nyt ep\u00e4ilij\u00e4t esimerkiksi tasa-arvoisuuskoulutuksen ongelmista.<\/p>\n<p class=\"aw__sc-1qwuw0s-0 aw__sc-ngllmo-0 epAWpq fzYpjk yle__article__paragraph\">Kaikkiaan 6\u00a0250 ty\u00f6ntekij\u00e4\u00e4 on k\u00e4ynyt koulutuksen, ja tutkimukseen vastasi noin 2\u00a0500.<\/p>\n<p>Laitaoikeisto hy\u00f6dynt\u00e4\u00e4 tilannetta<\/p>\n<p class=\"aw__sc-1qwuw0s-0 aw__sc-ngllmo-0 epAWpq fzYpjk yle__article__paragraph\">Mielenosoittajat ottivat v\u00e4kivaltaisesti yhteen poliisin kanssa \u00e4\u00e4rioikeistovaikuttaja <strong class=\"aw__sc-ngllmo-2 gdRrun yle__article__strong\">Tommy Robinsonin<\/strong> johdolla Southamptonissa t\u00e4ll\u00e4 viikolla.<\/p>\n<p><img decoding=\"async\" alt=\"Nigel Farage poistumassa yksityiselt\u00e4 klubilta Lontoossa keskiviikkona. H\u00e4nelle buuattiin parlamentin alahuoneen istunnossa.\" src=\"https:\/\/www.europesays.com\/fi\/wp-content\/uploads\/2026\/06\/1780589756.jpeg\" loading=\"lazy\" class=\"aw__sc-dklauk-0 LPzKX\"\/><\/p>\n<p>Avaa kuvien katselu<\/p>\n<p>Reform UK:n johtaja Nigel Farage kannusti brittej\u00e4 reagoimaan &#8221;puhtaalla, kylm\u00e4ll\u00e4 raivolla&#8221; poliisin toimiin. H\u00e4n v\u00e4itti, ett\u00e4 Southamptonin mielenosoitukset ovat vain alkua laajemmille levottomuuksille.  Kuva: GoffPhotos \/ AOP<\/p>\n<p class=\"aw__sc-1qwuw0s-0 aw__sc-ngllmo-0 epAWpq fzYpjk yle__article__paragraph\">Laitaoikeistolaisen Reform-puolueen johtaja <strong class=\"aw__sc-ngllmo-2 gdRrun yle__article__strong\">Nigel Farage<\/strong> v\u00e4itt\u00e4\u00e4, ett\u00e4 poliisilla on \u201dkahden raiteen\u201d politiikka, jossa se kohtelee valkoisia rajuin ottein.<\/p>\n<p>Tilastot kertovat toista tarinaa<\/p>\n<p class=\"aw__sc-1qwuw0s-0 aw__sc-ngllmo-0 epAWpq fzYpjk yle__article__paragraph\">V\u00e4itteet poliisin \u201dk\u00e4\u00e4nteisest\u00e4 rasismista\u201d ovat nostaneet my\u00f6s voimakasta vastustusta.<\/p>\n<p class=\"aw__sc-1qwuw0s-0 aw__sc-ngllmo-0 epAWpq fzYpjk yle__article__paragraph\"><a class=\"aw__sc-ngllmo-1 bTDnwX yle__article__link\" href=\"https:\/\/www.policeconduct.gov.uk\/race-discrimination-report\" role=\"link\" rel=\"nofollow noopener\" target=\"_blank\">Poliisin toimintaa valvova viranomainen IOPC <\/a>arvioi, ett\u00e4 poliisi pys\u00e4ytt\u00e4\u00e4 ja tutkii viisi kertaa enemm\u00e4n mustia kuin valkoisia. Etnisten v\u00e4hemmist\u00f6jen luottamus poliisiin on v\u00e4hentynyt, eiv\u00e4tk\u00e4 he tee valituksia yht\u00e4 herk\u00e4sti.<\/p>\n<p class=\"aw__sc-1qwuw0s-0 aw__sc-ngllmo-0 epAWpq fzYpjk yle__article__paragraph\">Valtioon liittyvi\u00e4 kuolemia tutkiva <a class=\"aw__sc-ngllmo-1 bTDnwX yle__article__link\" href=\"https:\/\/inquest.org.uk\/news-and-comment\/press-releases\/police-racism-report-2023\/\" role=\"link\" rel=\"nofollow noopener\" target=\"_blank\">Inquest-j\u00e4rjest\u00f6 on raportoinut<\/a>, ett\u00e4 mustat pid\u00e4tetyt kuolevat seitsem\u00e4n kertaa todenn\u00e4k\u00f6isemmin kuin valkoiset poliisin kiinnioton seurauksena.<\/p>\n<p class=\"aw__sc-1qwuw0s-0 aw__sc-ngllmo-0 epAWpq fzYpjk yle__article__paragraph\"><a class=\"aw__sc-ngllmo-1 bTDnwX yle__article__link\" href=\"https:\/\/www.bbc.co.uk\/news\/articles\/ceq0jx7ljn9o\" role=\"link\" rel=\"nofollow noopener\" target=\"_blank\">BBC:n Panorama-ohjelma paljasti viime vuonna<\/a> laajaa rasismia ja naisvihaa Lontoon Charing Crossin poliisiasemalla. Sadat ihmiset ottivat yhteytt\u00e4 ja kertoivat rasismista ja uhrien kiusaamisesta ohjelman j\u00e4lkeen.<\/p>\n<p>Stephen Lawrencen perint\u00f6<\/p>\n<p class=\"aw__sc-1qwuw0s-0 aw__sc-ngllmo-0 epAWpq fzYpjk yle__article__paragraph\">Kansallisen mustien poliisien j\u00e4rjest\u00f6n puheenjohtaja, ylikomisario <strong class=\"aw__sc-ngllmo-2 gdRrun yle__article__strong\">Andy George<\/strong> varoittaa, ett\u00e4 keskustelu rasismia koskevien ohjes\u00e4\u00e4nt\u00f6jen muutoksista vaarantaa pitk\u00e4\u00e4n tehdyn ty\u00f6n mustaan v\u00e4est\u00f6\u00f6n kohdistuneiden ennakkoluulojen v\u00e4hent\u00e4miseksi.<\/p>\n<p><img decoding=\"async\" alt=\"Poliisi torjui mielenosoittajia Southamptonissa tiistaina. \" src=\"https:\/\/www.europesays.com\/fi\/wp-content\/uploads\/2026\/06\/1780589761.jpeg\" loading=\"lazy\" class=\"aw__sc-dklauk-0 LPzKX\"\/><\/p>\n<p>Avaa kuvien katselu<\/p>\n<p>Poliisi torjui mielenosoittajia my\u00f6h\u00e4\u00e4n illalla Southamptonissa tiistaina. Kuva: Alamy \/ AOP<\/p>\n<p class=\"aw__sc-1qwuw0s-0 aw__sc-ngllmo-0 epAWpq fzYpjk yle__article__paragraph\">\u2013 On olemassa vaara, ett\u00e4 poliisitoiminta palaa aikaan kauan ennen <strong class=\"aw__sc-ngllmo-2 gdRrun yle__article__strong\">Stephen Lawrencen<\/strong> murhaa, 1960- ja 1970-luvuille, \u00e4\u00e4rioikeiston hy\u00f6kk\u00e4ysten vuoksi, jotka ovat lis\u00e4\u00e4ntyneet viime vuosina,<a class=\"aw__sc-ngllmo-1 bTDnwX yle__article__link\" href=\"https:\/\/www.theguardian.com\/uk-news\/2026\/jun\/03\/police-chief-warns-anti-white-bias-claims-could-drive-uk-policing-back-to-60s\" role=\"link\" rel=\"nofollow noopener\" target=\"_blank\"> h\u00e4n sanoi The Guardianille.<\/a><\/p>\n<p class=\"aw__sc-1qwuw0s-0 aw__sc-ngllmo-0 epAWpq fzYpjk yle__article__paragraph\">18-vuotias Lawrence murhattiin rasistisessa iskussa bussipys\u00e4kill\u00e4 33 vuotta sitten.<\/p>\n<p class=\"aw__sc-1qwuw0s-0 aw__sc-ngllmo-0 epAWpq fzYpjk yle__article__paragraph\">George huomauttaa my\u00f6s, ett\u00e4 kun mustien yhteis\u00f6j\u00e4 koskevia ongelmia on nostettu esiin, poliisi ei ole koskaan reagoinut yht\u00e4 nopeasti kuin nyt. H\u00e4n pit\u00e4\u00e4 reaktiota h\u00e4t\u00e4isen\u00e4 vastauksena sosiaalisessa mediassa n\u00e4ht\u00e4v\u00e4\u00e4n vihan aaltoon.<\/p>\n<p class=\"aw__sc-1qwuw0s-0 aw__sc-ngllmo-0 epAWpq fzYpjk yle__article__paragraph\"><a class=\"aw__sc-ngllmo-1 bTDnwX yle__article__link\" href=\"https:\/\/www.telegraph.co.uk\/news\/2026\/06\/03\/jack-straw-henry-nowak-police-racism-guidelines-too-far\/\" role=\"link\" rel=\"nofollow noopener\" target=\"_blank\">Entinen sis\u00e4ministeri Jack Straw sanoo Telegraph-sanomalehdess\u00e4<\/a>, ett\u00e4 poliisin rasismin vastaiset ohjeet ovat menneet liian pitk\u00e4lle. Korjausliike alkoi Stephen Lawrencen murhan j\u00e4lkeen tehdyn tutkinnan seurauksena.<\/p>\n<p class=\"aw__sc-1qwuw0s-0 aw__sc-ngllmo-0 epAWpq fzYpjk yle__article__paragraph\">Lawrencen murhasta raportin laatinut William Macpherson totesi raportissaan, ett\u00e4 brittipoliisi k\u00e4rsii institutionaalisesta rasismista. Raportti johti laajaan uudistukseen poliisin toiminnassa.<\/p>\n<p>Huolta \u201dhyvesignaloinnista\u201d<\/p>\n<p class=\"aw__sc-1qwuw0s-0 aw__sc-ngllmo-0 epAWpq fzYpjk yle__article__paragraph\">Entinen tasa-arvo- ja ihmisoikeuskomission puheenjohtaja, paronitar <strong class=\"aw__sc-ngllmo-2 gdRrun yle__article__strong\">Kishwer Falkner<\/strong> sanoo, ett\u00e4 k\u00e4sitys valkoisten ep\u00e4oikeudenmukaisesta kohtelusta pit\u00e4\u00e4 tutkia.<\/p>\n<p class=\"aw__sc-1qwuw0s-0 aw__sc-ngllmo-0 epAWpq fzYpjk yle__article__paragraph\">\u2013 K\u00e4sitykset eiv\u00e4t synny tyhj\u00e4st\u00e4. Ne perustuvat anekdootteihin, kokemuksiin ja siihen, mit\u00e4 huomaamme ymp\u00e4rill\u00e4mme, h\u00e4n sanoo.<\/p>\n<p class=\"aw__sc-1qwuw0s-0 aw__sc-ngllmo-0 epAWpq fzYpjk yle__article__paragraph\">H\u00e4nen mukaansa ep\u00e4luottamusta on ruokkinut muun muassa skandaaliksi paisunut grooming-jengin tapaus Manchesterissa, jossa pakistanilaistaustaiset miehet k\u00e4yttiv\u00e4t seksuaalisesti hyv\u00e4kseen alaik\u00e4isi\u00e4 valkoisia tytt\u00f6j\u00e4. Poliisin on ep\u00e4ilty v\u00e4ltt\u00e4neen tutkintaa rasismin pelossa.<\/p>\n<p class=\"aw__sc-1qwuw0s-0 aw__sc-ngllmo-0 epAWpq fzYpjk yle__article__paragraph\">H\u00e4n ei kuitenkaan usko, ett\u00e4 korjauksissa olisi menty liian pitk\u00e4lle.<\/p>\n<p class=\"aw__sc-1qwuw0s-0 aw__sc-ngllmo-0 epAWpq fzYpjk yle__article__paragraph\">\u2013 Tied\u00e4mme, ett\u00e4 rasismia on olemassa ja ett\u00e4 tietyt ryhm\u00e4t k\u00e4rsiv\u00e4t siit\u00e4 enemm\u00e4n. Ongelma on siin\u00e4, ett\u00e4 organisaatiot menev\u00e4t lain vaatimusten yli \u201dhyvesignaloidakseen\u201d. T\u00e4m\u00e4 rapauttaa luottamusta, h\u00e4n sanoi BBC:lle.<\/p>\n<p class=\"aw__sc-1qwuw0s-0 aw__sc-ngllmo-0 epAWpq fzYpjk yle__article__paragraph\">H\u00e4n huomauttaa, ett\u00e4 tiedostamattomien ennakkoluuloja torjuvan koulutuksen on osoitettu olevan tehotonta ja johtavan ihmisten n\u00e4kemysten tukahduttamiseen.<\/p>\n<p>Nuorten luottamus romahtanut<\/p>\n<p class=\"aw__sc-1qwuw0s-0 aw__sc-ngllmo-0 epAWpq fzYpjk yle__article__paragraph\">Lontoon King&#8217;s College -yliopiston professori <strong class=\"aw__sc-ngllmo-2 gdRrun yle__article__strong\">Bobby Duffy<\/strong> tutkii kansalaisten luottamusta poliisiin. H\u00e4n kertoo, ett\u00e4 erityisesti Z-sukupolven (1990-luvun lopun ja 2000-luvun alun v\u00e4lill\u00e4 syntyneiden) luottamus poliisiin on romahtanut. Vain 44 prosenttia nuorista luottaa poliisiin, kun muissa ik\u00e4ryhmiss\u00e4 luku on 70 prosenttia.<\/p>\n<p class=\"aw__sc-1qwuw0s-0 aw__sc-ngllmo-0 epAWpq fzYpjk yle__article__paragraph\">\u2013 T\u00e4m\u00e4 on poikkeuksellista. Aiemmat nuoret sukupolvet, kuten millenniaalit, eiv\u00e4t ole olleet yht\u00e4 kriittisi\u00e4, Duffy sanoi BBC:lle.<\/p>\n<p class=\"aw__sc-1qwuw0s-0 aw__sc-ngllmo-0 epAWpq fzYpjk yle__article__paragraph\">H\u00e4n selitt\u00e4\u00e4 ilmi\u00f6t\u00e4 kahdella tekij\u00e4ll\u00e4. Nuoret n\u00e4kev\u00e4t sosiaalisessa mediassa j\u00e4rkytt\u00e4vi\u00e4 videoita poliisin toimista Britanniassa ja muualla. Lis\u00e4ksi he ovat kasvaneet aikana, jolloin poliisin budjetteja on leikattu, joten he eiv\u00e4t tutustu poliiseihin kaduilla samalla tavoin kuin aikaisemmat sukupolvet.<\/p>\n<p class=\"aw__sc-1qwuw0s-0 aw__sc-ngllmo-0 epAWpq fzYpjk yle__article__paragraph\">Duffy korostaa, ett\u00e4 luottamuspula ei koske vain nuoria valkoisia miehi\u00e4, kuten Farage v\u00e4itt\u00e4\u00e4.<\/p>\n<p><img decoding=\"async\" alt=\"En grupp m\u00e4nniskor demonstrerar utanf\u00f6r polisstationen i Southampton. &quot;Save our kids&quot; st\u00e5r det p\u00e5 ett av deras plakat.\" src=\"https:\/\/www.europesays.com\/fi\/wp-content\/uploads\/2026\/06\/1780450318.jpeg\" loading=\"lazy\" class=\"aw__sc-dklauk-0 LPzKX\"\/><\/p>\n<p>Avaa kuvien katselu<\/p>\n<p>11 poliisia loukkaantui \u00e4\u00e4rioikeiston koolle kutsumassa mielenosoituksessa Southamptonissa tiistaina. Kuva: Lab Mo\/LNP\/Shutterstock\/All Over Press<\/p>\n<p class=\"aw__sc-1qwuw0s-0 aw__sc-ngllmo-0 epAWpq fzYpjk yle__article__paragraph\">Nuoret mustat ja muut etniset v\u00e4hemmist\u00f6t luottavat poliisiin my\u00f6s v\u00e4hemm\u00e4n kuin vanhemmat. My\u00f6s nuorilla naisilla on ep\u00e4luuloja julkisuuteen nousseiden v\u00e4\u00e4rink\u00e4yt\u00f6sten takia. Poliisin on paljastettu aiemmin pid\u00e4tt\u00e4neen muun muassa seksuaalisen v\u00e4kivallan uhreja.<\/p>\n<p>Poliisin haasteet laajemmat<\/p>\n<p class=\"aw__sc-1qwuw0s-0 aw__sc-ngllmo-0 epAWpq fzYpjk yle__article__paragraph\">Hampshiren poliisin p\u00e4\u00e4llikk\u00f6 <strong class=\"aw__sc-ngllmo-2 gdRrun yle__article__strong\">Alexis Boon<\/strong> on pyyt\u00e4nyt anteeksi, ett\u00e4 h\u00e4nen alaisensa panivat Henry Nowakin k\u00e4sirautoihin. IOPC tutkii nyt tapaukseen johtaneita poliisin toimia.<\/p>\n<p class=\"aw__sc-1qwuw0s-0 aw__sc-ngllmo-0 epAWpq fzYpjk yle__article__paragraph\">IOPC:n sidosryhm\u00e4johtaja <strong class=\"aw__sc-ngllmo-2 gdRrun yle__article__strong\">Derrick Campbell<\/strong> on pyyt\u00e4nyt ihmisi\u00e4 lopettamaan spekuloinnin k\u00e4ynniss\u00e4 olevasta tutkimuksesta.<\/p>\n<p class=\"aw__sc-1qwuw0s-0 aw__sc-ngllmo-0 epAWpq fzYpjk yle__article__paragraph\">Keskustelu tuskin loppuu. Se on noussut jo vaaliaiheeksi Suur-Manchesterin alueella Makerfieldin vaalipiiriss\u00e4, jossa hallitseva ty\u00f6v\u00e4enpuolue ja laitaoikeistolainen Reform kilpailevat 18. kes\u00e4kuuta j\u00e4rjestett\u00e4viss\u00e4 t\u00e4rkeiss\u00e4 t\u00e4ytevaaleissa.<\/p>\n","protected":false},"excerpt":{"rendered":"Britanniassa v\u00e4itell\u00e4\u00e4n, kohteleeko poliisi valkoisia ep\u00e4oikeudenmukaisesti. Keskustelun sytytti 18-vuotiaan Henry Nowakin kuolema. Puukotuksen uhriksi joutunut Nowak kuoli, kun&hellip;\n","protected":false},"author":2,"featured_media":267036,"comment_status":"","ping_status":"","sticky":false,"template":"","format":"standard","meta":{"footnotes":"","_share_on_mastodon":"0"},"categories":[14],"tags":[22,23,1775,26,27,33,31,30,17,24,25,28,29,15,18,21,52,3522,1283,1282,4839,29969,581,36271,32,19,20,56,16,59,60,61],"class_list":["post-267035","post","type-post","status-publish","format-standard","has-post-thumbnail","category-ulkomaat","tag-breaking-news","tag-breakingnews","tag-britannia","tag-featured-news","tag-featurednews","tag-fi","tag-finland","tag-finnish","tag-headlines","tag-latest-news","tag-latestnews","tag-main-news","tag-mainnews","tag-news","tag-otsikot","tag-paauutiset","tag-poliisi","tag-poliisin-toimenpiteet","tag-poliisitutkinta","tag-puukotus","tag-rasismi","tag-rasismin-ehkaisy","tag-rikokset","tag-sikhilaisyys","tag-suomi","tag-top-stories","tag-topstories","tag-ulkomaat","tag-uutiset","tag-world","tag-world-news","tag-worldnews"],"share_on_mastodon":{"url":"https:\/\/pubeurope.com\/@fi\/116693097243187947","error":""},"_links":{"self":[{"href":"https:\/\/www.europesays.com\/fi\/wp-json\/wp\/v2\/posts\/267035","targetHints":{"allow":["GET"]}}],"collection":[{"href":"https:\/\/www.europesays.com\/fi\/wp-json\/wp\/v2\/posts"}],"about":[{"href":"https:\/\/www.europesays.com\/fi\/wp-json\/wp\/v2\/types\/post"}],"author":[{"embeddable":true,"href":"https:\/\/www.europesays.com\/fi\/wp-json\/wp\/v2\/users\/2"}],"replies":[{"embeddable":true,"href":"https:\/\/www.europesays.com\/fi\/wp-json\/wp\/v2\/comments?post=267035"}],"version-history":[{"count":0,"href":"https:\/\/www.europesays.com\/fi\/wp-json\/wp\/v2\/posts\/267035\/revisions"}],"wp:featuredmedia":[{"embeddable":true,"href":"https:\/\/www.europesays.com\/fi\/wp-json\/wp\/v2\/media\/267036"}],"wp:attachment":[{"href":"https:\/\/www.europesays.com\/fi\/wp-json\/wp\/v2\/media?parent=267035"}],"wp:term":[{"taxonomy":"category","embeddable":true,"href":"https:\/\/www.europesays.com\/fi\/wp-json\/wp\/v2\/categories?post=267035"},{"taxonomy":"post_tag","embeddable":true,"href":"https:\/\/www.europesays.com\/fi\/wp-json\/wp\/v2\/tags?post=267035"}],"curies":[{"name":"wp","href":"https:\/\/api.w.org\/{rel}","templated":true}]}}