{"id":26750,"date":"2025-09-05T21:07:10","date_gmt":"2025-09-05T21:07:10","guid":{"rendered":"https:\/\/www.europesays.com\/fi\/26750\/"},"modified":"2025-09-05T21:07:10","modified_gmt":"2025-09-05T21:07:10","slug":"vastaamo-hakkerista-kertova-dokumenttisarja-on-jotain-aivan-muuta-kuin-odotimme","status":"publish","type":"post","link":"https:\/\/www.europesays.com\/fi\/26750\/","title":{"rendered":"Vastaamo-hakkerista kertova dokumenttisarja on jotain aivan muuta kuin odotimme"},"content":{"rendered":"<p><a href=\"https:\/\/www.iltalehti.fi\/kirjoittajat\/Julia Viskari\" class=\"article-description-pov-author\" rel=\"nofollow noopener\" target=\"_blank\"><\/p>\n<p>Julia Viskari<\/p>\n<p><img decoding=\"async\" class=\"author-image\" src=\"https:\/\/www.europesays.com\/fi\/wp-content\/uploads\/2025\/08\/b7af9452ac37d3be80e4835266fe496cea6208cf11529da18784234ca3b10cd1.png\" alt=\"\"\/><\/a><\/p>\n<p>Kun dokumentti ei en\u00e4\u00e4 pyri silottelemaan totuutta, vaan n\u00e4ytt\u00e4\u00e4 kohteensa sellaisena kuin h\u00e4n toimii ja puhuu, katsojalle ei j\u00e4\u00e4 paljon tulkinnanvaraa, kirjoittaa Iltalehden toimittaja Julia Viskari.<\/p>\n<p>Eilen klo 21:16<\/p>\n<p><img decoding=\"async\" class=\"image image-show image-preview\" src=\"https:\/\/www.europesays.com\/fi\/wp-content\/uploads\/2025\/09\/f890d0445c1ea8a60b7871d7437c4510eb7cb44938ffd8559bb833f03e4ca3fd.jpg\" alt=\"\"\/><img decoding=\"async\" class=\"image image-show\" src=\"https:\/\/www.europesays.com\/fi\/wp-content\/uploads\/2025\/09\/1757106429_569_f890d0445c1ea8a60b7871d7437c4510eb7cb44938ffd8559bb833f03e4ca3fd.jpg\" alt=\"\"\/><\/p>\n<p>Aleksanteri Kivim\u00e4en rikoksia k\u00e4sittelev\u00e4 dokumenttisarja on her\u00e4tt\u00e4nyt kritiikki\u00e4 jo ennen julkaisuaan. Elle Laitila<\/p>\n<p class=\"paragraph\">HBO Maxin dokumenttisarja Most Wanted: Julius Kivim\u00e4ki on her\u00e4tt\u00e4nyt laajaa <a href=\"https:\/\/www.iltalehti.fi\/tv-ja-leffat\/65376cef-3f6e-4215-bfe9-b06e2cc441b6\" rel=\"nofollow noopener\" target=\"_blank\">keskustelua<\/a> siit\u00e4, miksi tuomittu rikollinen saa mahdollisuuden puhua dokumentissa.<\/p>\n<p class=\"paragraph\">Sarja k\u00e4sittelee Vastaamo-tietomurrosta tunnetuksi tulleen hakkeri <a href=\"https:\/\/www.iltalehti.fi\/henkilot\/Aleksanteri Kivim\u00e4ki\" class=\"article-link-person-page\" rel=\"nofollow noopener\" target=\"_blank\">Aleksanteri Kivim\u00e4en<\/a> (ent. <a href=\"https:\/\/www.iltalehti.fi\/henkilot\/Julius Kivim\u00e4ki\" class=\"article-link-person-page\" rel=\"nofollow noopener\" target=\"_blank\">Julius Kivim\u00e4ki<\/a>) tekemi\u00e4 rikoksia. Huolta on her\u00e4tt\u00e4nyt my\u00f6s se, antaako se Kivim\u00e4est\u00e4 ja h\u00e4nen rikoksistaan romantisoivan kuvan.<\/p>\n<p class=\"paragraph\">Sarjan katsominen kuitenkin osoittaa, ett\u00e4 dokumentin ote ei ole romantisoiva, vaan paljastava: se tuo esiin henkil\u00f6n, jonka omat sanat ja eleet kertovat enemm\u00e4n kuin yksik\u00e4\u00e4n ulkopuolinen arvio h\u00e4nest\u00e4.<\/p>\n<p class=\"paragraph\">Erityisesti Kivim\u00e4en mukanaolo dokumentissa her\u00e4tti huolta siit\u00e4, ett\u00e4 h\u00e4nen rikoksensa saisivat lis\u00e4\u00e4 huomiota tai ett\u00e4 h\u00e4n n\u00e4ytt\u00e4ytyisi jopa sympaattisessa valossa. K\u00e4yt\u00e4nn\u00f6ss\u00e4 dokumentti tekee kuitenkin p\u00e4invastoin.<\/p>\n<p class=\"paragraph\">Kivim\u00e4en esiintyminen kameran edess\u00e4 on kylm\u00e4\u00e4 ja tyly\u00e4. Uhrien kokemuksia ja omia rikoksiaan h\u00e4n v\u00e4h\u00e4ttelee, eik\u00e4 tunne tekojensa vuoksi katumusta. Vankilasellist\u00e4 k\u00e4sin h\u00e4n antaa itsest\u00e4\u00e4n ylimielisen ja itsekeskeisen kuvan. Joissain haastatteluissa h\u00e4n jopa naureskelee rikoksilleen.<\/p>\n<p class=\"paragraph\">T\u00e4llaiset kommentit tekij\u00e4n suusta eiv\u00e4t anna tilaa katsojan my\u00f6t\u00e4tunnolle, vaan alleviivaavat itsek\u00e4st\u00e4 ja v\u00e4linpit\u00e4m\u00e4t\u00f6nt\u00e4 asennetta.<\/p>\n<p class=\"paragraph\">Dokumentti ei kuitenkaan nojaa pelk\u00e4st\u00e4\u00e4n Kivim\u00e4en esiintymiseen. H\u00e4nen tarinaansa t\u00e4ydent\u00e4v\u00e4t muun muassa FBI:n tutkijat ja tietoturva-asiantuntijat, jotka valottavat h\u00e4nen toimintansa laajuutta ja seurauksia.<\/p>\n<p class=\"paragraph\">\u00c4\u00e4neen p\u00e4\u00e4sev\u00e4t my\u00f6s uhrit. Dokumentti onnistuu taitavasti k\u00e4sittelem\u00e4\u00e4n rikoksia korostaen uhrien kokemuksia ja paljastaen samalla tietoturvalains\u00e4\u00e4d\u00e4nn\u00f6n sudenkuoppia.<\/p>\n<p>Yksi sarjassa esiintyvist\u00e4 asiantuntijoista on FBI:n agentti Nathan Burrows. HBO Max<\/p>\n<p class=\"paragraph\">N\u00e4iden asiantuntijapuheenvuorojen ja Kivim\u00e4en oman esiintymisen yhdistelm\u00e4 tekee dokumentista vakuuttavan. Jos dokumentissa olisi pyritty rikollisromantiikkaan, se olisi voinut keskitty\u00e4 Kivim\u00e4en pakomatkojen j\u00e4nnitykseen tai median\u00e4kyvyyteen. Nyt se keskittyy kokonaiskuvaan rikoksien laajuudesta ja tekij\u00e4n kylm\u00e4st\u00e4 v\u00e4linpit\u00e4m\u00e4tt\u00f6myydest\u00e4.<\/p>\n<p class=\"paragraph\">On toki mahdollista v\u00e4itt\u00e4\u00e4, ett\u00e4 dokumentin leikkausvalinnat vaikuttavat siihen, millainen kuva lopulta syntyy. Sek\u00e4 asiantuntijoiden analyysit ett\u00e4 Kivim\u00e4en omat sanat maalaavat samanlaisen kokonaisuuden, on vaikea n\u00e4hd\u00e4 tulkintaa t\u00e4ysin ep\u00e4oikeudenmukaisena.<\/p>\n<p class=\"paragraph\">On totta, ett\u00e4 dokumentti tuo Kivim\u00e4elle n\u00e4kyvyytt\u00e4, mutta sen merkitys on viel\u00e4 tekij\u00e4\u00e4kin suurempi: se lis\u00e4\u00e4 yleist\u00e4 tietoisuutta kyberrikoksista ja niiden seurauksista. Dokumentti onnistuu avaamaan ilmi\u00f6n ja tekem\u00e4\u00e4n sen katsojalle ymm\u00e4rrett\u00e4v\u00e4ksi.<\/p>\n<p class=\"paragraph\">Most Wanted: Julius Kivim\u00e4ki ei ehk\u00e4 ole katsojalle neutraali kertomus, mutta se on selke\u00e4. Se ei rakenna rikollisen glamouria, vaan paljastaa tekij\u00e4n raadollisuuden ja vastuuttoman asenteen.<\/p>\n<p class=\"paragraph\">Yksi sarjan keskeisist\u00e4 kysymyksist\u00e4 on, kuka Kivim\u00e4ki todella on. Lopputulos ei ole rikoselokuvan ikoninen hahmo, vaan kuvaus kyberrikollisesta, joka on vankilan betoniseinien lis\u00e4ksi oman egonsa vanki.<\/p>\n","protected":false},"excerpt":{"rendered":"Julia Viskari Kun dokumentti ei en\u00e4\u00e4 pyri silottelemaan totuutta, vaan n\u00e4ytt\u00e4\u00e4 kohteensa sellaisena kuin h\u00e4n toimii ja puhuu,&hellip;\n","protected":false},"author":2,"featured_media":26751,"comment_status":"","ping_status":"","sticky":false,"template":"","format":"standard","meta":{"footnotes":""},"categories":[5],"tags":[35,22,23,26,27,33,31,30,17,53,24,25,28,29,15,18,21,52,978,38,32,19,20,140,16],"class_list":{"0":"post-26750","1":"post","2":"type-post","3":"status-publish","4":"format-standard","5":"has-post-thumbnail","7":"category-otsikot","8":"tag-24h","9":"tag-breaking-news","10":"tag-breakingnews","11":"tag-featured-news","12":"tag-featurednews","13":"tag-fi","14":"tag-finland","15":"tag-finnish","16":"tag-headlines","17":"tag-laki-oikeus-ja-rikos","18":"tag-latest-news","19":"tag-latestnews","20":"tag-main-news","21":"tag-mainnews","22":"tag-news","23":"tag-otsikot","24":"tag-paauutiset","25":"tag-poliisi","26":"tag-rikoksen-teko","27":"tag-rikos","28":"tag-suomi","29":"tag-top-stories","30":"tag-topstories","31":"tag-tv-ja-elokuvat","32":"tag-uutiset"},"share_on_mastodon":{"url":"","error":""},"_links":{"self":[{"href":"https:\/\/www.europesays.com\/fi\/wp-json\/wp\/v2\/posts\/26750","targetHints":{"allow":["GET"]}}],"collection":[{"href":"https:\/\/www.europesays.com\/fi\/wp-json\/wp\/v2\/posts"}],"about":[{"href":"https:\/\/www.europesays.com\/fi\/wp-json\/wp\/v2\/types\/post"}],"author":[{"embeddable":true,"href":"https:\/\/www.europesays.com\/fi\/wp-json\/wp\/v2\/users\/2"}],"replies":[{"embeddable":true,"href":"https:\/\/www.europesays.com\/fi\/wp-json\/wp\/v2\/comments?post=26750"}],"version-history":[{"count":0,"href":"https:\/\/www.europesays.com\/fi\/wp-json\/wp\/v2\/posts\/26750\/revisions"}],"wp:featuredmedia":[{"embeddable":true,"href":"https:\/\/www.europesays.com\/fi\/wp-json\/wp\/v2\/media\/26751"}],"wp:attachment":[{"href":"https:\/\/www.europesays.com\/fi\/wp-json\/wp\/v2\/media?parent=26750"}],"wp:term":[{"taxonomy":"category","embeddable":true,"href":"https:\/\/www.europesays.com\/fi\/wp-json\/wp\/v2\/categories?post=26750"},{"taxonomy":"post_tag","embeddable":true,"href":"https:\/\/www.europesays.com\/fi\/wp-json\/wp\/v2\/tags?post=26750"}],"curies":[{"name":"wp","href":"https:\/\/api.w.org\/{rel}","templated":true}]}}