{"id":267710,"date":"2026-06-05T10:16:11","date_gmt":"2026-06-05T10:16:11","guid":{"rendered":"https:\/\/www.europesays.com\/fi\/267710\/"},"modified":"2026-06-05T10:16:11","modified_gmt":"2026-06-05T10:16:11","slug":"umkn-paatuottaja-anssi-autio-jattaa-tehtavansa-uutisia-lyhyesti","status":"publish","type":"post","link":"https:\/\/www.europesays.com\/fi\/267710\/","title":{"rendered":"UMK:n p\u00e4\u00e4tuottaja Anssi Autio j\u00e4tt\u00e4\u00e4 teht\u00e4v\u00e4ns\u00e4 | Uutisia lyhyesti"},"content":{"rendered":"<p><img decoding=\"async\" alt=\"Uuuden Musiikin Kilpailun tuottaja Anssi Autio UMK-sein\u00e4n edess\u00e4.\" src=\"https:\/\/www.europesays.com\/fi\/wp-content\/uploads\/2026\/06\/1638351554.jpeg\" class=\"aw__sc-dklauk-0 LPzKX\"\/><\/p>\n<p>Avaa kuvien katselu<\/p>\n<p>UMK:n p\u00e4\u00e4tuottaja Anssi Autio. Kuva: Raine Laaksonen \/ Yle<\/p>\n<p>11:57\u2022P\u00e4ivitetty 12:27<\/p>\n<p class=\"aw__sc-1qwuw0s-0 aw__sc-ngllmo-0 epAWpq fzYpjk yle__article__paragraph\">Ylen Uuden musiikin kilpailun p\u00e4\u00e4tuottaja <strong class=\"aw__sc-ngllmo-2 gdRrun yle__article__strong\">Anssi<\/strong> <strong class=\"aw__sc-ngllmo-2 gdRrun yle__article__strong\">Autio<\/strong> j\u00e4tt\u00e4\u00e4 pestins\u00e4. H\u00e4n kertoi asiasta <a class=\"aw__sc-ngllmo-1 bTDnwX yle__article__link\" href=\"https:\/\/www.linkedin.com\/posts\/anssi-autio-4040997_umk26-esc26-ebu-share-7467494758358364160-A2fU\/?utm_source=share&amp;utm_medium=member_desktop&amp;rcm=ACoAADniXRwBl5xhvTaupIqqPRdMehh5QFDyDMo\" role=\"link\" rel=\"nofollow noopener\" target=\"_blank\">Linkedin-julkaisussaan<\/a> kes\u00e4kuun alussa.<\/p>\n<p class=\"aw__sc-1qwuw0s-0 aw__sc-ngllmo-0 epAWpq fzYpjk yle__article__paragraph\">Autio oli osa tiimi\u00e4, joka perusti UMK:n vuonna 2011. H\u00e4n kuvailee viitt\u00e4toista UMK-vuottaan upeiksi ja kehuu, ett\u00e4 UMK on nyt parhaan mahdollisen tiimin k\u00e4siss\u00e4.<\/p>\n<p class=\"aw__sc-1qwuw0s-0 aw__sc-ngllmo-0 epAWpq fzYpjk yle__article__paragraph\">Autio my\u00f6s kiitt\u00e4\u00e4 useita eri tahoja vuosien varrella tehdyst\u00e4 ty\u00f6st\u00e4.<\/p>\n","protected":false},"excerpt":{"rendered":"Avaa kuvien katselu UMK:n p\u00e4\u00e4tuottaja Anssi Autio. Kuva: Raine Laaksonen \/ Yle 11:57\u2022P\u00e4ivitetty 12:27 Ylen Uuden musiikin kilpailun&hellip;\n","protected":false},"author":2,"featured_media":267711,"comment_status":"","ping_status":"","sticky":false,"template":"","format":"standard","meta":{"footnotes":"","_share_on_mastodon":"0"},"categories":[130],"tags":[36304,137,33,31,30,108,1077,47,32,906,109],"class_list":["post-267710","post","type-post","status-publish","format-standard","has-post-thumbnail","category-viihde","tag-anssi-autio","tag-entertainment","tag-fi","tag-finland","tag-finnish","tag-kulttuuri","tag-media","tag-musiikki","tag-suomi","tag-umk","tag-viihde"],"share_on_mastodon":{"url":"https:\/\/pubeurope.com\/@fi\/116696985504679025","error":""},"_links":{"self":[{"href":"https:\/\/www.europesays.com\/fi\/wp-json\/wp\/v2\/posts\/267710","targetHints":{"allow":["GET"]}}],"collection":[{"href":"https:\/\/www.europesays.com\/fi\/wp-json\/wp\/v2\/posts"}],"about":[{"href":"https:\/\/www.europesays.com\/fi\/wp-json\/wp\/v2\/types\/post"}],"author":[{"embeddable":true,"href":"https:\/\/www.europesays.com\/fi\/wp-json\/wp\/v2\/users\/2"}],"replies":[{"embeddable":true,"href":"https:\/\/www.europesays.com\/fi\/wp-json\/wp\/v2\/comments?post=267710"}],"version-history":[{"count":0,"href":"https:\/\/www.europesays.com\/fi\/wp-json\/wp\/v2\/posts\/267710\/revisions"}],"wp:featuredmedia":[{"embeddable":true,"href":"https:\/\/www.europesays.com\/fi\/wp-json\/wp\/v2\/media\/267711"}],"wp:attachment":[{"href":"https:\/\/www.europesays.com\/fi\/wp-json\/wp\/v2\/media?parent=267710"}],"wp:term":[{"taxonomy":"category","embeddable":true,"href":"https:\/\/www.europesays.com\/fi\/wp-json\/wp\/v2\/categories?post=267710"},{"taxonomy":"post_tag","embeddable":true,"href":"https:\/\/www.europesays.com\/fi\/wp-json\/wp\/v2\/tags?post=267710"}],"curies":[{"name":"wp","href":"https:\/\/api.w.org\/{rel}","templated":true}]}}