{"id":267928,"date":"2026-06-05T14:48:12","date_gmt":"2026-06-05T14:48:12","guid":{"rendered":"https:\/\/www.europesays.com\/fi\/267928\/"},"modified":"2026-06-05T14:48:12","modified_gmt":"2026-06-05T14:48:12","slug":"kansainvalisella-avaruusasemalla-vuoto-astronautit-valmistautuneet-evakuointiin-yle","status":"publish","type":"post","link":"https:\/\/www.europesays.com\/fi\/267928\/","title":{"rendered":"Kansainv\u00e4lisell\u00e4 avaruusasemalla vuoto, astronautit valmistautuneet evakuointiin &#8211; Yle"},"content":{"rendered":"<ol>\n<li><a href=\"https:\/\/news.google.com\/rss\/articles\/CBMiVkFVX3lxTE9ZeEZ0NGZnNldGeTI4bDAtQ1hhVWVsS1J5QWQ4SjU5bW5xVkJWZVFpOEh3OUlEV29xQmtXaVVDbkZPZDRVbjlwNTlxSzB2M29kOE9EQ2xR?oc=5\" target=\"_blank\" rel=\"nofollow noopener\">Kansainv\u00e4lisell\u00e4 avaruusasemalla vuoto, astronautit valmistautuneet evakuointiin<\/a>&nbsp;&nbsp;Yle<\/li>\n<li><a href=\"https:\/\/news.google.com\/rss\/articles\/CBMie0FVX3lxTFBxXzR6aHoySWxCbks0a3lJLTFmc0ozY3UxM01ENWI4QXN4dk1ZbUFGMHR4ZTQtSWNKZ1pOSUxZeTdqWFozSEVsVU84R3VZd1pkQWk5Rk5ENlhtRW5wbnBybjM5c0FhUUtlYlJVUlJRZHpHV3p1UDNUMV9WMA?oc=5\" target=\"_blank\" rel=\"nofollow noopener\">Pienkone putosi kesken nousun \u2013 Lent\u00e4j\u00e4 kuoli<\/a>&nbsp;&nbsp;Iltalehti<\/li>\n<li><a href=\"https:\/\/news.google.com\/rss\/articles\/CBMiVkFVX3lxTE5PNEt3ZXhRU2xyVlZhUk1GaUlLQ3VOXzRVRXBKWm5RNHZqYlZwSGxoaVV5QkE2Rl9QR3VsNUphdF9CeFZmYVlXZllBNUZsckhESjZ1YWVR?oc=5\" target=\"_blank\" rel=\"nofollow noopener\">Suomalaisen basehypp\u00e4\u00e4j\u00e4n ruumis l\u00f6ytyi Dolomiiteilla Italiassa<\/a>&nbsp;&nbsp;Yle<\/li>\n<li><a href=\"https:\/\/news.google.com\/rss\/articles\/CBMiXEFVX3lxTE5yWElES3BKS2FrTFpmNmZtTzFCYnc0YjVteE8yVUgxbzBQcVpMMVJPcHpQbjBVRHdOZEd0cmZLWldDbFhqR1VEbFNWZUlZRW1NWDZGTFpWYXNIU0ti?oc=5\" target=\"_blank\" rel=\"nofollow noopener\">Otkes julkaisi uuden kuvan pudonneesta koneesta \u2013 t\u00e4llainen se on<\/a>&nbsp;&nbsp;Ilta-Sanomat<\/li>\n<li><a href=\"https:\/\/news.google.com\/rss\/articles\/CBMiWkFVX3lxTE4yNm5zZ1FNaUEwQTNDenpkVVkyVENPdnhYMVRSZWtmWG5DRkhjSGlqcTZRWlg0LUF3ZDdyeV90V0g0bjVzRW1VZkpmblAzU1czdERmMENiVERKUQ?oc=5\" target=\"_blank\" rel=\"nofollow noopener\">Keski-Suomi | Kannonkosken pienkoneonnettomuuden lent\u00e4j\u00e4 kuoli<\/a>&nbsp;&nbsp;HS.fi<\/li>\n<\/ol>\n","protected":false},"excerpt":{"rendered":"Kansainv\u00e4lisell\u00e4 avaruusasemalla vuoto, astronautit valmistautuneet evakuointiin&nbsp;&nbsp;Yle Pienkone putosi kesken nousun \u2013 Lent\u00e4j\u00e4 kuoli&nbsp;&nbsp;Iltalehti Suomalaisen basehypp\u00e4\u00e4j\u00e4n ruumis l\u00f6ytyi Dolomiiteilla&hellip;\n","protected":false},"author":2,"featured_media":267929,"comment_status":"","ping_status":"","sticky":false,"template":"","format":"standard","meta":{"footnotes":"","_share_on_mastodon":"0"},"categories":[114],"tags":[1497,453,1323,2264,33,31,30,1327,1324,118,452,32,119,56],"class_list":["post-267928","post","type-post","status-publish","format-standard","has-post-thumbnail","category-avaruus","tag-astronautit","tag-avaruus","tag-avaruusasemat","tag-evakuointi","tag-fi","tag-finland","tag-finnish","tag-kansainvalinen-avaruusasema","tag-nasa","tag-science","tag-space","tag-suomi","tag-tiede","tag-ulkomaat"],"share_on_mastodon":{"url":"https:\/\/pubeurope.com\/@fi\/116698055593382314","error":""},"_links":{"self":[{"href":"https:\/\/www.europesays.com\/fi\/wp-json\/wp\/v2\/posts\/267928","targetHints":{"allow":["GET"]}}],"collection":[{"href":"https:\/\/www.europesays.com\/fi\/wp-json\/wp\/v2\/posts"}],"about":[{"href":"https:\/\/www.europesays.com\/fi\/wp-json\/wp\/v2\/types\/post"}],"author":[{"embeddable":true,"href":"https:\/\/www.europesays.com\/fi\/wp-json\/wp\/v2\/users\/2"}],"replies":[{"embeddable":true,"href":"https:\/\/www.europesays.com\/fi\/wp-json\/wp\/v2\/comments?post=267928"}],"version-history":[{"count":0,"href":"https:\/\/www.europesays.com\/fi\/wp-json\/wp\/v2\/posts\/267928\/revisions"}],"wp:featuredmedia":[{"embeddable":true,"href":"https:\/\/www.europesays.com\/fi\/wp-json\/wp\/v2\/media\/267929"}],"wp:attachment":[{"href":"https:\/\/www.europesays.com\/fi\/wp-json\/wp\/v2\/media?parent=267928"}],"wp:term":[{"taxonomy":"category","embeddable":true,"href":"https:\/\/www.europesays.com\/fi\/wp-json\/wp\/v2\/categories?post=267928"},{"taxonomy":"post_tag","embeddable":true,"href":"https:\/\/www.europesays.com\/fi\/wp-json\/wp\/v2\/tags?post=267928"}],"curies":[{"name":"wp","href":"https:\/\/api.w.org\/{rel}","templated":true}]}}