{"id":26794,"date":"2025-09-05T22:23:07","date_gmt":"2025-09-05T22:23:07","guid":{"rendered":"https:\/\/www.europesays.com\/fi\/26794\/"},"modified":"2025-09-05T22:23:07","modified_gmt":"2025-09-05T22:23:07","slug":"pienlentokone-syoksynyt-jarveen-ruotsissa-uutisia-lyhyesti","status":"publish","type":"post","link":"https:\/\/www.europesays.com\/fi\/26794\/","title":{"rendered":"Pienlentokone sy\u00f6ksynyt j\u00e4rveen Ruotsissa | Uutisia lyhyesti"},"content":{"rendered":"<p>5.9. 17:40\u2022P\u00e4ivitetty 5.9. 19:51<\/p>\n<p class=\"sc-jYczwO sc-ciCoXh frIBdZ cPdSqu yle__article__paragraph\">Ruotsissa pieni lentokone on sy\u00f6ksyi t\u00e4n\u00e4\u00e4n iltap\u00e4iv\u00e4ll\u00e4 Limmaren-j\u00e4rveen Norrt\u00e4ljess\u00e4, kertoo paikallinen meri- ja lentopelastuskeskus.<\/p>\n<p class=\"sc-jYczwO sc-ciCoXh frIBdZ cPdSqu yle__article__paragraph\">Koneessa oli onnettomuushetkell\u00e4 kaksi henkil\u00f6\u00e4. Kello kuuden aikaa pelastuslaitos kertoi, ett\u00e4 molemmat heist\u00e4 on l\u00f6ydetty.<\/p>\n<p class=\"sc-jYczwO sc-ciCoXh frIBdZ cPdSqu yle__article__paragraph\">Toinen heist\u00e4 on nostettu vedest\u00e4 ja kuljetettu sairaalaan ambulanssihelikopterilla.<\/p>\n<p class=\"sc-jYczwO sc-ciCoXh frIBdZ cPdSqu yle__article__paragraph\">\u2013 Vammojen laajuudesta ei ole tietoa, kertoo pelastustoimista vastaava <strong class=\"sc-eEHciv kkmMDs yle__article__strong\">Oscar Davila<\/strong> Ruotsin yleisradioyhti\u00f6 SVT:lle.<\/p>\n<p class=\"sc-jYczwO sc-ciCoXh frIBdZ cPdSqu yle__article__paragraph\">Onettomuuden syyst\u00e4 ei ole toistaiseksi tietoa.<\/p>\n<p class=\"sc-jYczwO sc-ciCoXh frIBdZ cPdSqu yle__article__paragraph\">Uutista p\u00e4ivitetty 5.9. klo 19.50. Lis\u00e4tty tieto koneessa olleiden l\u00f6ytymisest\u00e4.<\/p>\n","protected":false},"excerpt":{"rendered":"5.9. 17:40\u2022P\u00e4ivitetty 5.9. 19:51 Ruotsissa pieni lentokone on sy\u00f6ksyi t\u00e4n\u00e4\u00e4n iltap\u00e4iv\u00e4ll\u00e4 Limmaren-j\u00e4rveen Norrt\u00e4ljess\u00e4, kertoo paikallinen meri- ja lentopelastuskeskus.&hellip;\n","protected":false},"author":2,"featured_media":74,"comment_status":"","ping_status":"","sticky":false,"template":"","format":"standard","meta":{"footnotes":""},"categories":[14],"tags":[22,23,26,27,33,31,30,17,4706,24,25,4709,28,29,15,18,21,110,32,19,20,56,16,59,60,61],"class_list":{"0":"post-26794","1":"post","2":"type-post","3":"status-publish","4":"format-standard","5":"has-post-thumbnail","7":"category-ulkomaat","8":"tag-breaking-news","9":"tag-breakingnews","10":"tag-featured-news","11":"tag-featurednews","12":"tag-fi","13":"tag-finland","14":"tag-finnish","15":"tag-headlines","16":"tag-ilmailu","17":"tag-latest-news","18":"tag-latestnews","19":"tag-lento-onnettomuudet","20":"tag-main-news","21":"tag-mainnews","22":"tag-news","23":"tag-otsikot","24":"tag-paauutiset","25":"tag-ruotsi","26":"tag-suomi","27":"tag-top-stories","28":"tag-topstories","29":"tag-ulkomaat","30":"tag-uutiset","31":"tag-world","32":"tag-world-news","33":"tag-worldnews"},"share_on_mastodon":{"url":"","error":""},"_links":{"self":[{"href":"https:\/\/www.europesays.com\/fi\/wp-json\/wp\/v2\/posts\/26794","targetHints":{"allow":["GET"]}}],"collection":[{"href":"https:\/\/www.europesays.com\/fi\/wp-json\/wp\/v2\/posts"}],"about":[{"href":"https:\/\/www.europesays.com\/fi\/wp-json\/wp\/v2\/types\/post"}],"author":[{"embeddable":true,"href":"https:\/\/www.europesays.com\/fi\/wp-json\/wp\/v2\/users\/2"}],"replies":[{"embeddable":true,"href":"https:\/\/www.europesays.com\/fi\/wp-json\/wp\/v2\/comments?post=26794"}],"version-history":[{"count":0,"href":"https:\/\/www.europesays.com\/fi\/wp-json\/wp\/v2\/posts\/26794\/revisions"}],"wp:featuredmedia":[{"embeddable":true,"href":"https:\/\/www.europesays.com\/fi\/wp-json\/wp\/v2\/media\/74"}],"wp:attachment":[{"href":"https:\/\/www.europesays.com\/fi\/wp-json\/wp\/v2\/media?parent=26794"}],"wp:term":[{"taxonomy":"category","embeddable":true,"href":"https:\/\/www.europesays.com\/fi\/wp-json\/wp\/v2\/categories?post=26794"},{"taxonomy":"post_tag","embeddable":true,"href":"https:\/\/www.europesays.com\/fi\/wp-json\/wp\/v2\/tags?post=26794"}],"curies":[{"name":"wp","href":"https:\/\/api.w.org\/{rel}","templated":true}]}}