{"id":267965,"date":"2026-06-05T15:40:12","date_gmt":"2026-06-05T15:40:12","guid":{"rendered":"https:\/\/www.europesays.com\/fi\/267965\/"},"modified":"2026-06-05T15:40:12","modified_gmt":"2026-06-05T15:40:12","slug":"kansainvalisella-avaruusasemalla-vuoto-astronautit-valmistautuneet-evakuointiin-uutisia-lyhyesti","status":"publish","type":"post","link":"https:\/\/www.europesays.com\/fi\/267965\/","title":{"rendered":"Kansainv\u00e4lisell\u00e4 avaruusasemalla vuoto, astronautit valmistautuneet evakuointiin | Uutisia lyhyesti"},"content":{"rendered":"<p class=\"aw__sc-1qwuw0s-0 aw__sc-1vg2sqm-0 epAWpq ecELkD yle__article__paragraph\">Ven\u00e4j\u00e4n avaruushallinto ilmoitti perjantaina, ett\u00e4 miehist\u00f6 ja asema eiv\u00e4t ole vaarassa.<\/p>\n<p><img decoding=\"async\" alt=\"Kansainv\u00e4linen avaruusasema.\" src=\"https:\/\/www.europesays.com\/fi\/wp-content\/uploads\/2026\/06\/1780674012_130_1658838421.jpeg\" class=\"aw__sc-dklauk-0 LPzKX\"\/><\/p>\n<p>Avaa kuvien katselu<\/p>\n<p>Arkistokuva. Kuva: NASA \/ AOP<\/p>\n<p>17:03\u2022P\u00e4ivitetty 17:56<\/p>\n<p class=\"aw__sc-1qwuw0s-0 aw__sc-ngllmo-0 epAWpq fzYpjk yle__article__paragraph\">Ven\u00e4j\u00e4n avaruushallinnon Roskosmosin mukaan yksi vuoto Kansainv\u00e4lisell\u00e4 avaruusasemalla (ISS) on saatu tukittua, kertoo Interfax. Miehist\u00f6 on aloittanut seuraavan vuodon korjaamisen. Interfaxin mukaan Roskosmos ilmoitti my\u00f6s, ett\u00e4 miehist\u00f6 ja avaruusasema eiv\u00e4t ole vaarassa.<\/p>\n<p class=\"aw__sc-1qwuw0s-0 aw__sc-ngllmo-0 epAWpq fzYpjk yle__article__paragraph\">ISS:ll\u00e4 olevat astronautit ovat saaneet m\u00e4\u00e4r\u00e4yksen vet\u00e4yty\u00e4 aseman suojaosaan, kertoi aiemmin Yhdysvaltain avaruushallinto Nasa.<\/p>\n<p class=\"aw__sc-1qwuw0s-0 aw__sc-ngllmo-0 epAWpq fzYpjk yle__article__paragraph\">Astronautit valmistautuvat mahdolliseen evakuointiin ilmavuodon takia. Nasan edustajan mukaan kaksi yhdysvaltalaista ja ranskalainen astronautti sek\u00e4 ven\u00e4l\u00e4inen kosmonautti saivat perjantaina Nasan lennonvalvonnasta m\u00e4\u00e4r\u00e4yksen siirty\u00e4 alukseensa ja pukeutua avaruuspukuihinsa.<\/p>\n<p class=\"aw__sc-1qwuw0s-0 aw__sc-ngllmo-0 epAWpq fzYpjk yle__article__paragraph\">Nasan mukaan ven\u00e4l\u00e4inen miehist\u00f6 yritt\u00e4\u00e4 korjata osastonsa vuotoa.<\/p>\n<p class=\"aw__sc-1qwuw0s-0 aw__sc-ngllmo-0 epAWpq fzYpjk yle__article__paragraph\">Nasa ja Ven\u00e4j\u00e4n avaruusj\u00e4rjest\u00f6 Roskosmos ovat keskustelleet kuukausia Ven\u00e4j\u00e4n Zvezda-huoltomoduulin ilmavuotojen syist\u00e4 ja mahdollisista korjauskeinoista. Zvezda on jalkapallokent\u00e4n kokoisen ISS:n keskeinen rakennelma.<\/p>\n<p class=\"aw__sc-1qwuw0s-0 aw__sc-ngllmo-0 epAWpq fzYpjk yle__article__paragraph\">Ilmavuodot ovat viime kuukausina olleet suhteellisen v\u00e4h\u00e4isi\u00e4, mutta pahenivat maanantaina noin puolesta kilosta jo kiloon p\u00e4iv\u00e4ss\u00e4, kertoi Nasan korkea-arvoinen virkamies. H\u00e4n kommentoi asiaa Reutersille nimett\u00f6m\u00e4n\u00e4.<\/p>\n<p class=\"aw__sc-1qwuw0s-0 aw__sc-ngllmo-0 epAWpq fzYpjk yle__article__paragraph\">Reuters<\/p>\n","protected":false},"excerpt":{"rendered":"Ven\u00e4j\u00e4n avaruushallinto ilmoitti perjantaina, ett\u00e4 miehist\u00f6 ja asema eiv\u00e4t ole vaarassa. Avaa kuvien katselu Arkistokuva. Kuva: NASA \/&hellip;\n","protected":false},"author":2,"featured_media":267966,"comment_status":"","ping_status":"","sticky":false,"template":"","format":"standard","meta":{"footnotes":"","_share_on_mastodon":"0"},"categories":[114],"tags":[1497,453,1323,2264,33,31,30,1327,1324,118,452,32,119,56],"class_list":["post-267965","post","type-post","status-publish","format-standard","has-post-thumbnail","category-avaruus","tag-astronautit","tag-avaruus","tag-avaruusasemat","tag-evakuointi","tag-fi","tag-finland","tag-finnish","tag-kansainvalinen-avaruusasema","tag-nasa","tag-science","tag-space","tag-suomi","tag-tiede","tag-ulkomaat"],"share_on_mastodon":{"url":"https:\/\/pubeurope.com\/@fi\/116698259723027183","error":""},"_links":{"self":[{"href":"https:\/\/www.europesays.com\/fi\/wp-json\/wp\/v2\/posts\/267965","targetHints":{"allow":["GET"]}}],"collection":[{"href":"https:\/\/www.europesays.com\/fi\/wp-json\/wp\/v2\/posts"}],"about":[{"href":"https:\/\/www.europesays.com\/fi\/wp-json\/wp\/v2\/types\/post"}],"author":[{"embeddable":true,"href":"https:\/\/www.europesays.com\/fi\/wp-json\/wp\/v2\/users\/2"}],"replies":[{"embeddable":true,"href":"https:\/\/www.europesays.com\/fi\/wp-json\/wp\/v2\/comments?post=267965"}],"version-history":[{"count":0,"href":"https:\/\/www.europesays.com\/fi\/wp-json\/wp\/v2\/posts\/267965\/revisions"}],"wp:featuredmedia":[{"embeddable":true,"href":"https:\/\/www.europesays.com\/fi\/wp-json\/wp\/v2\/media\/267966"}],"wp:attachment":[{"href":"https:\/\/www.europesays.com\/fi\/wp-json\/wp\/v2\/media?parent=267965"}],"wp:term":[{"taxonomy":"category","embeddable":true,"href":"https:\/\/www.europesays.com\/fi\/wp-json\/wp\/v2\/categories?post=267965"},{"taxonomy":"post_tag","embeddable":true,"href":"https:\/\/www.europesays.com\/fi\/wp-json\/wp\/v2\/tags?post=267965"}],"curies":[{"name":"wp","href":"https:\/\/api.w.org\/{rel}","templated":true}]}}