{"id":268092,"date":"2026-06-05T18:06:08","date_gmt":"2026-06-05T18:06:08","guid":{"rendered":"https:\/\/www.europesays.com\/fi\/268092\/"},"modified":"2026-06-05T18:06:08","modified_gmt":"2026-06-05T18:06:08","slug":"jennifer-lopezin-teini-ikainen-lapsi-muutti-nimensa","status":"publish","type":"post","link":"https:\/\/www.europesays.com\/fi\/268092\/","title":{"rendered":"Jennifer Lopezin teini-ik\u00e4inen lapsi muutti nimens\u00e4"},"content":{"rendered":"<p>            AOP\n        <\/p>\n<p class=\"subtitle \">Aiemmin naisen nimell\u00e4 kulkenut teini on nyt Oskar.<\/p>\n<p class=\"article-content article-content-width !bg-background\"> oli viime viikon lopulla yht\u00e4 tunteikas p\u00e4iv\u00e4 kuin suomalaisillakin koulujen p\u00e4\u00e4ttyess\u00e4. H\u00e4nen 18-vuotiaat kaksosensa p\u00e4\u00e4ttiv\u00e4t yhdysvaltalaisen high schoolin. Tilaisuudessa oli muutakin j\u00e4nnitt\u00e4v\u00e4\u00e4.<\/p>\n<p class=\"font-weight-bold m-font-weight-bold article-content article-content-width !bg-background\">Vuonna 2023 Seiska haastatteli Rimi\u00e4, ensimm\u00e4ist\u00e4 transsukupuolista Miss Suomi -kisaajaa<\/p>\n<p class=\"article-content article-content-width !bg-background\">Jennifer on jo aiemmin haastatteluissa jopa itke\u00e4 tirauttanut, kun h\u00e4nelt\u00e4 on kysytty teinikaksostensa jatkosuunnitelmista. \u00c4idin syd\u00e4n tietysti murtuu lasten j\u00e4tt\u00e4ess\u00e4 kotinsa ja siirtyv\u00e4n seuraavan asteen opinahjoihin ja asumaan asuntoloihin. <\/p>\n<p class=\"article-content article-content-width !bg-background\">Lapset ovat omasta valinnastaan k\u00e4yneet kesken\u00e4\u00e4n eri high schooleja ja p\u00e4\u00e4tt\u00e4neet jatkaa opintojaan eri collegeissa.<\/p>\n<p>                <img decoding=\"async\" src=\"https:\/\/www.europesays.com\/fi\/wp-content\/uploads\/2026\/06\/2170539.webp\" width=\"576\" height=\"836\" alt=\"Oskar ja JLo High Schoolin valmistujaisissa. Lei kuului kaikkien valmistuneiden asuun, ei ainoastaan Oskarin. Oskarin ja kaksoisveli Maxin valmistautujaisissa ei n\u00e4kynyt lasten is\u00e4\u00e4 Marc Anthony\u00e4. Sen sijaan Ben Afflekin poika Sam Afflek oli paikalla onnittelemassa lyhyen aikaa sisaruspuolenaan ollutta Oskaria.\" loading=\"lazy\" \/>            <\/p>\n<p>\n            Oskar ja JLo High Schoolin valmistujaisissa. Lei kuului kaikkien valmistuneiden asuun, ei ainoastaan Oskarin. Oskarin ja kaksoisveli Maxin valmistautujaisissa ei n\u00e4kynyt lasten is\u00e4\u00e4 Marc Anthony\u00e4. Sen sijaan Ben Afflekin poika Sam Afflek oli paikalla onnittelemassa lyhyen aikaa sisaruspuolenaan ollutta Oskaria.<br \/>\n            AOP\n        <\/p>\n<p>        <a itemprop=\"url\" href=\"https:\/\/www.seiska.fi\/ulkomaat\/ben-affleck-lataa-totuuden-ex-vaimostaan-tallaiset-heidan-valinsa-todella-ovat\/1678567\" rel=\"nofollow noopener\" target=\"_blank\"><\/p>\n<p>\nNyt puhuu Ben!\n<\/p>\n<p class=\"section-date\">\n        <strong class=\"article-section\" data-section=\"ulkomaat\"><br \/>\n            ulkomaat<br \/>\n        <\/strong><br \/>\n        18.4.2025 15:00\n    <\/p>\n<p>Ben Affleck lataa totuuden ex-vaimostaan \u2013 t\u00e4llaiset heid\u00e4n v\u00e4lins\u00e4 todella ovat\n    <\/p>\n<p itemprop=\"description\" class=\"subtitle \">\n    Jennifer Lopez ja Ben erosivat virallisesti alkuvuodesta ja nyt mies avasi sanaisen arkkunsa.\n<\/p>\n<p>        <\/a><\/p>\n<p class=\"article-content article-content-width !bg-background\">High School -valmistujaisten aikaan kuitenkin median yll\u00e4tti tieto, jonka mukaan naisen nimell\u00e4 aiemmin kulkenut toinen lapsi ilmoittaa nyt nimekseen .<\/p>\n<p>Takana nime\u00e4 suurempi muutos<\/p>\n<p class=\"article-content article-content-width !bg-background\">Jo nelj\u00e4 vuotta sitten Oskar hylk\u00e4si silloisen Instagram-tilins\u00e4 ja j\u00e4tti viimeisen julkaisun, jossa kirjoitti nimell\u00e4\u00e4n kulkevan tilin tulleen nyt tiens\u00e4 p\u00e4\u00e4h\u00e4n.<\/p>\n<p class=\"article-content article-content-width !bg-background\">\u2013 Minun on teht\u00e4v\u00e4, mik\u00e4 on oikein, h\u00e4n totesi viestiss\u00e4\u00e4n.<\/p>\n<p>        <a itemprop=\"url\" href=\"https:\/\/www.seiska.fi\/ulkomaat\/jennifer-lopez-55-savayttaa-asullaan-tyyli-kuin-teinilla\/1506072\" rel=\"nofollow noopener\" target=\"_blank\"><\/p>\n<p class=\"section-date\">\n        <strong class=\"article-section\" data-section=\"ulkomaat\"><br \/>\n            ulkomaat<br \/>\n        <\/strong><br \/>\n        1.11.2024 08:58\n    <\/p>\n<p>Jennifer Lopez, 55, s\u00e4v\u00e4ytt\u00e4\u00e4 asullaan \u2013 tyyli kuin teinill\u00e4!\n    <\/p>\n<p itemprop=\"description\" class=\"subtitle \">\n    Vasta eronnut Jennifer her\u00e4tti asullaan huomiota.\n<\/p>\n<p>        <\/a><\/p>\n<p class=\"article-content article-content-width !bg-background\">Noihin aikoihin <a href=\"https:\/\/www.dailymail.com\/tvshowbiz\/article-15865993\/Jennifer-Lopez-WWHL-teen-revealed-gender-change.html\" target=\"_blank\" rel=\"nofollow noopener\">Jennifer oli kutsunut julkisuutta saaneella videollaan toista teineist\u00e4\u00e4n englannin persoonapronominilla &#8221;they&#8221;, Daily Mail kirjoittaa<\/a>.\u00a0<\/p>\n<p class=\"article-content article-content-width !bg-background\">Henkil\u00f6n sukupuoleen viittaavista kahdesta englannin h\u00e4n-sanasta poikkeaminen they-sanaan yleens\u00e4 ilmaisee henkil\u00f6n omaksuneen sosiaalisen sukupuolen, joka ei rajaudu mies ja nainen -jakoon.<\/p>\n<p class=\"article-content article-content-width !bg-background\">Nyt Daily Mail kertoo n\u00e4hneens\u00e4 julkisen ilmoituksen, jonka mukaan 18-vuotias on vaihtanut nimekseen Oskar ja viittaa itseens\u00e4 muutoinkin miehen\u00e4.<\/p>\n<p>        <a itemprop=\"url\" href=\"https:\/\/www.seiska.fi\/ulkomaat\/nain-julkkikset-kasvattavat-lapsiaan-ei-mikroaei-tuhkimoa\/1316995\" rel=\"nofollow noopener\" target=\"_blank\"><\/p>\n<p class=\"section-date\">\n        <strong class=\"article-section\" data-section=\"ulkomaat\"><br \/>\n            ulkomaat<br \/>\n        <\/strong><br \/>\n        14.4.2024 13:00\n    <\/p>\n<p>N\u00e4in julkkikset kasvattavat lapsiaan: Ei mikroa,ei Tuhkimoa&#8230;\n    <\/p>\n<p itemprop=\"description\" class=\"subtitle \">\n    Hollywood-t\u00e4htien lapsilla on tiukat s\u00e4\u00e4nn\u00f6t.\n<\/p>\n<p>        <\/a><\/p>\n<p class=\"article-content article-content-width !bg-background\"><a href=\"https:\/\/pagesix.com\/2026\/05\/29\/celebrity-news\/jennifer-lopezs-child-emme-debuts-new-name-at-high-school-graduation-ceremony\/\" target=\"_blank\" rel=\"nofollow noopener\">Page Six puolestaan viittaa opinahjon Instagram-tiliin, jonka nyt poistetussa julkaisussa listattiin nimi Oskar<\/a>. Julkaisussa oli my\u00f6s kuva Jenniferin lapsesta hyvin nuorena pinkiss\u00e4 mekossa ja saparoissa.<\/p>\n","protected":false},"excerpt":{"rendered":"AOP Aiemmin naisen nimell\u00e4 kulkenut teini on nyt Oskar. oli viime viikon lopulla yht\u00e4 tunteikas p\u00e4iv\u00e4 kuin suomalaisillakin&hellip;\n","protected":false},"author":2,"featured_media":268093,"comment_status":"","ping_status":"","sticky":false,"template":"","format":"standard","meta":{"footnotes":"","_share_on_mastodon":"0"},"categories":[130],"tags":[137,33,31,30,27504,36353,6413,517,99,19831,33803,36352,98,1128,36351,4212,24529,32,36350,7178,3489,109],"class_list":["post-268092","post","type-post","status-publish","format-standard","has-post-thumbnail","category-viihde","tag-entertainment","tag-fi","tag-finland","tag-finnish","tag-gender-reveal","tag-high-school","tag-jennifer-lopez","tag-kaksoset","tag-lapset","tag-nimenmuutos","tag-nimenvaihdos","tag-oskar","tag-perhe","tag-poika","tag-sukupuolenvaihdos","tag-sukupuoli","tag-sukupuoliroolit","tag-suomi","tag-transsukupuolinen","tag-transsukupuolisuus","tag-tytar","tag-viihde"],"share_on_mastodon":{"url":"https:\/\/pubeurope.com\/@fi\/116698833966602333","error":""},"_links":{"self":[{"href":"https:\/\/www.europesays.com\/fi\/wp-json\/wp\/v2\/posts\/268092","targetHints":{"allow":["GET"]}}],"collection":[{"href":"https:\/\/www.europesays.com\/fi\/wp-json\/wp\/v2\/posts"}],"about":[{"href":"https:\/\/www.europesays.com\/fi\/wp-json\/wp\/v2\/types\/post"}],"author":[{"embeddable":true,"href":"https:\/\/www.europesays.com\/fi\/wp-json\/wp\/v2\/users\/2"}],"replies":[{"embeddable":true,"href":"https:\/\/www.europesays.com\/fi\/wp-json\/wp\/v2\/comments?post=268092"}],"version-history":[{"count":0,"href":"https:\/\/www.europesays.com\/fi\/wp-json\/wp\/v2\/posts\/268092\/revisions"}],"wp:featuredmedia":[{"embeddable":true,"href":"https:\/\/www.europesays.com\/fi\/wp-json\/wp\/v2\/media\/268093"}],"wp:attachment":[{"href":"https:\/\/www.europesays.com\/fi\/wp-json\/wp\/v2\/media?parent=268092"}],"wp:term":[{"taxonomy":"category","embeddable":true,"href":"https:\/\/www.europesays.com\/fi\/wp-json\/wp\/v2\/categories?post=268092"},{"taxonomy":"post_tag","embeddable":true,"href":"https:\/\/www.europesays.com\/fi\/wp-json\/wp\/v2\/tags?post=268092"}],"curies":[{"name":"wp","href":"https:\/\/api.w.org\/{rel}","templated":true}]}}