{"id":26821,"date":"2025-09-05T23:10:09","date_gmt":"2025-09-05T23:10:09","guid":{"rendered":"https:\/\/www.europesays.com\/fi\/26821\/"},"modified":"2025-09-05T23:10:09","modified_gmt":"2025-09-05T23:10:09","slug":"nousukiidossa-oleva-tapio-pulkkanen-katkaisi-irish-openissa-karsiutumisten-kirouksen","status":"publish","type":"post","link":"https:\/\/www.europesays.com\/fi\/26821\/","title":{"rendered":"Nousukiidossa oleva Tapio Pulkkanen katkaisi Irish Openissa karsiutumisten kirouksen"},"content":{"rendered":"<p class=\"darkblue\">Tapio Pulkkasen peliss\u00e4 on t\u00e4ll\u00e4 viikolla ollut kauan kaivattua tekemisen meininki\u00e4. Kuva: Getty Images<\/p>\n<p class=\"ingress\">Pulkkanen pelasi K Clubilla toistamiseen kuutosella alkavan tuloksen.<\/p>\n<p><a href=\"http:\/\/golfpiste.com\/sivustohaku?searched=Tapio+Pulkkanen#section-1\" rel=\"nofollow noopener\" target=\"_blank\">Tapio Pulkkanen<\/a> (-6) jatkoi kohentuneita otteitaan Straffanissa meneill\u00e4\u00e4n olevassa perinteikk\u00e4\u00e4ss\u00e4 Irish Openissa. H\u00e4n pelasi DP World Tourin ohjelmaan kuuluvassa kilpailussa avausp\u00e4iv\u00e4n tapaan tuloksen 69 ja on parhaillaan jaetulla seitsem\u00e4nnell\u00e4 sijalla.<\/p>\n<p>Artikkeli jatkuu mainoksen j\u00e4lkeen<\/p>\n<p>Artikkeli jatkuu<\/p>\n<p>Artikkeli jatkuu mainoksen j\u00e4lkeen<\/p>\n<p>Artikkeli jatkuu<\/p>\n<p>Pulkkanen teki K Clubin kent\u00e4ll\u00e4 toisena p\u00e4iv\u00e4n\u00e4 per\u00e4kk\u00e4in viisi birdie\u00e4. P\u00e4iv\u00e4n ainoa tahra tuli 15. rei\u00e4ll\u00e4, jolla h\u00e4n l\u00f6i avauksensa oikealle veteen. Tuplabogey ei Pulkkasta lannistanut, vaan h\u00e4n p\u00e4\u00e4tti kierroksensa kahteen pariin ja birdieen.<\/p>\n<p>\u201dHyv\u00e4\u00e4 peli\u00e4 j\u00e4lleen. Kentt\u00e4 ei tuntunut helpolta t\u00e4n\u00e4\u00e4n, mutta l\u00f6in paljon laatuly\u00f6ntej\u00e4 ja puttikin upposi kivasti. Muutama avaus j\u00e4i oikealle, mutta muuten peli oli kohdallaan\u201d, Pulkkanen kertoi.<\/p>\n<p data-start=\"981\" data-end=\"1688\">Kymen Golfin miehell\u00e4 on ollut pidemp\u00e4\u00e4n vaikeuksia saada ehyit\u00e4 kierroksia. Irlannissa paria heikompi tulos on molempina p\u00e4ivin\u00e4 tullut korttiin, kun kierros on ollut loppusuoralla. Se ei ole kuitenkaan k\u00e4ynnist\u00e4nyt heikkoa vaihetta, kuten aiempina viikkoina liian usein on k\u00e4ynyt.<\/p>\n<p>Pulkkanen pelasi torstaina ensimm\u00e4isen kuutosella alkavan tuloksen yli kahteen kuukauteen ja uusi tempun heti seuraavana p\u00e4iv\u00e4n\u00e4. H\u00e4n onnistui my\u00f6s katkaisemaan kolmen per\u00e4kk\u00e4isen karsiutumisen putken. Merkit ilmassa ovat hyv\u00e4t, mutta kilpailu on vasta puoliv\u00e4liss\u00e4. Ehj\u00e4 kokonaisuus viikonlopun kierroksilla olisi elint\u00e4rke\u00e4\u00e4. Ennen Irish Openia h\u00e4n oli kokenut 11 kilpailusta yhdeks\u00e4n karsiutumista, joten pisteille on nyt totisesti k\u00e4ytt\u00f6\u00e4.<\/p>\n<p data-start=\"1690\" data-end=\"1778\"><a href=\"http:\/\/golfpiste.com\/sivustohaku?searched=Oliver+Lindell#section-1\" rel=\"nofollow noopener\" target=\"_blank\"><a href=\"http:\/\/golfpiste.com\/sivustohaku?searched=Oliver+Lindell#section-1\" rel=\"nofollow noopener\" target=\"_blank\">Oliver Lindell<\/a> (-6) oli viel\u00e4 17. rei\u00e4n j\u00e4lkeen kiinni kolmannessa sijassa, mutta viimeisell\u00e4 rei\u00e4ll\u00e4 helposti livahtanut bogey pudotti asemia muutaman pyk\u00e4l\u00e4n. Nelj\u00e4 birdie\u00e4 ja kaksi bogia tehnyt porvoolainen l\u00e4htee lauantaihin Pulkkasen kanssa samasta tuloksesta, jaetulta seitsem\u00e4nnelt\u00e4 sijalta.<\/p>\n<p data-start=\"1690\" data-end=\"1778\">\u201dSuoraan sanottuna aika p*ska maku j\u00e4i rundista suuhun. Tekeminen oli paljon eilist\u00e4 parempaa, mutta ei t\u00e4llaisella puttaamisella ole k\u00e4rkeen mit\u00e4\u00e4n asiaa. Rautaly\u00f6nnit olivat kovassa iskussa ja paikkoja aukesi sit\u00e4 kautta runsaasti. Griinit olivat t\u00e4ynn\u00e4 jalanj\u00e4lki\u00e4, mink\u00e4 vuoksi pallo l\u00e4hti t\u00e4n\u00e4\u00e4n mihin sattuu\u201d, Lindell sanoi.<\/p>\n<p data-start=\"1690\" data-end=\"1778\">\u201dThe Openin j\u00e4lkeen on tuntunut silt\u00e4, ett\u00e4 kuulun t\u00e4\u00e4ll\u00e4 k\u00e4rkikastiin, ja nyt kun ensi kauden kortti on ollut varmistettuna, on saanut jahdata ainoastaan finaalipaikkaa vapautuneesti \u2013 ja se on n\u00e4kynyt tasonnostona. Putteja t\u00e4ytyy saada sis\u00e4\u00e4n k\u00e4rkitaistelua ajatellen, sill\u00e4 peli on muuten todella hyv\u00e4\u00e4.\u201d<\/p>\n<blockquote class=\"twitter-tweet\">\n<p dir=\"ltr\" lang=\"en\">10-under and the solo leader \ud83d\udcc8<a href=\"https:\/\/twitter.com\/hashtag\/AmgenIrishOpen?src=hash&amp;ref_src=twsrc%5Etfw\" rel=\"nofollow noopener\" target=\"_blank\">#AmgenIrishOpen<\/a><a href=\"https:\/\/t.co\/khcAkVAyzV\" rel=\"nofollow\">https:\/\/t.co\/khcAkVAyzV<\/a><a href=\"https:\/\/t.co\/IOM5U2apPg\" rel=\"nofollow\">pic.twitter.com\/IOM5U2apPg<\/a><\/p>\n<p>\u2014 DP World Tour (@DPWorldTour) <a href=\"https:\/\/twitter.com\/DPWorldTour\/status\/1964008624335806593?ref_src=twsrc%5Etfw\" rel=\"nofollow noopener\" target=\"_blank\">September 5, 2025<\/a><\/p>\n<\/blockquote>\n<p data-start=\"1780\" data-end=\"2012\">Irish Openin k\u00e4rkeen kiilasi hurjan 61 ly\u00f6nnin tuloksen jys\u00e4ytt\u00e4nyt Joakim Lagergren (-12). Viime viikon European Mastersissa kahdella ensimm\u00e4isell\u00e4 kierroksella johdossa ollut Ranskan Adrien Saddier (-11) on ly\u00f6nnin p\u00e4\u00e4ss\u00e4 ruotsalaisesta.<\/p>\n<p>Kolmatta sijaa jakavien joukossa on kilpailun suurin voittajasuosikki Rory McIlroy (-7). H\u00e4n on j\u00e4\u00e4nyt viisi ly\u00f6nti\u00e4 Lagergrenista.<\/p>\n<p>Artikkeli jatkuu mainoksen j\u00e4lkeen<\/p>\n<p><strong>Suomalaisten l\u00e4ht\u00f6ajat kolmannella kierroksella (Suomen aikaa):<\/strong><\/p>\n<p>14.20 <a href=\"http:\/\/golfpiste.com\/sivustohaku?searched=Oliver+Lindell#section-1\" rel=\"nofollow noopener\" target=\"_blank\">Oliver Lindell<\/a>\u2212Brandon Wu USA<br \/>14.40 Tyrrell Hatton ENG\u2212Tapio Pulkkanen<\/p>\n<p>Uutista p\u00e4ivitetty 5.9.2025 klo 21.00 sijoitusten osalta.<br \/>Lis\u00e4tty 6.9.2025 klo 00.19 Oliver Lindellin kommentit.\u00a0<\/p>\n<p><a class=\"recommended-link\" href=\"https:\/\/golfpiste.com\/kilpagolf\/oliver-lindell-nousi-kahden-bogin-suosta-ja-kiri-komeasti-irish-openin-karkisijoille\/\" rel=\"nofollow noopener\" target=\"_blank\">Lue seuraavaksi: Oliver Lindell nousi kahden bogin suosta ja kiri komeasti Irish Openin k\u00e4rkisijoille<\/a><\/p>\n<p>             p{<br \/>\n                    margin: 0px;<br \/>\n                }<br \/>\n                #prio1feedback-popular-articles .popular__category{<br \/>\n                    color: #f5a623;<br \/>\n                    text-transform: uppercase;<br \/>\n                    font-family: &#8221;barlowsemibold&#8221;;<br \/>\n                    display: block;<br \/>\n                    position: relative;<br \/>\n                    font-size: 10px;<br \/>\n                    font-weight: 600;<br \/>\n                    margin-bottom: 2px;<br \/>\n                }<br \/>\n            ]]]]>]]><\/p>\n<p>                    Lis\u00e4\u00e4 aiheesta<\/p>\n<p>                Tilaa Golfpisteen uutiskirje<\/p>\n<p>  &#13;<br \/>\n\t&#13;<\/p>\n<p>&#13;<br \/>\n\t&#13;<\/p>\n<p>    <script async src=\"https:\/\/platform.twitter.com\/widgets.js\" charset=\"utf-8\"><\/script><\/p>\n","protected":false},"excerpt":{"rendered":"Tapio Pulkkasen peliss\u00e4 on t\u00e4ll\u00e4 viikolla ollut kauan kaivattua tekemisen meininki\u00e4. Kuva: Getty Images Pulkkanen pelasi K Clubilla&hellip;\n","protected":false},"author":2,"featured_media":26822,"comment_status":"","ping_status":"","sticky":false,"template":"","format":"standard","meta":{"footnotes":""},"categories":[158],"tags":[8462,8463,3114,33,31,30,8464,8465,8466,3949,8467,159,32,4297,8468,160],"class_list":{"0":"post-26821","1":"post","2":"type-post","3":"status-publish","4":"format-standard","5":"has-post-thumbnail","7":"category-urheilu","8":"tag-adrien-saddier","9":"tag-brandon-wu","10":"tag-dp-world-tour","11":"tag-fi","12":"tag-finland","13":"tag-finnish","14":"tag-irish-open","15":"tag-joakim-lagergren","16":"tag-k-club","17":"tag-oliver-lindell","18":"tag-rory-mcilroy","19":"tag-sports","20":"tag-suomi","21":"tag-tapio-pulkkanen","22":"tag-tyrrell-hatton","23":"tag-urheilu"},"share_on_mastodon":{"url":"","error":""},"_links":{"self":[{"href":"https:\/\/www.europesays.com\/fi\/wp-json\/wp\/v2\/posts\/26821","targetHints":{"allow":["GET"]}}],"collection":[{"href":"https:\/\/www.europesays.com\/fi\/wp-json\/wp\/v2\/posts"}],"about":[{"href":"https:\/\/www.europesays.com\/fi\/wp-json\/wp\/v2\/types\/post"}],"author":[{"embeddable":true,"href":"https:\/\/www.europesays.com\/fi\/wp-json\/wp\/v2\/users\/2"}],"replies":[{"embeddable":true,"href":"https:\/\/www.europesays.com\/fi\/wp-json\/wp\/v2\/comments?post=26821"}],"version-history":[{"count":0,"href":"https:\/\/www.europesays.com\/fi\/wp-json\/wp\/v2\/posts\/26821\/revisions"}],"wp:featuredmedia":[{"embeddable":true,"href":"https:\/\/www.europesays.com\/fi\/wp-json\/wp\/v2\/media\/26822"}],"wp:attachment":[{"href":"https:\/\/www.europesays.com\/fi\/wp-json\/wp\/v2\/media?parent=26821"}],"wp:term":[{"taxonomy":"category","embeddable":true,"href":"https:\/\/www.europesays.com\/fi\/wp-json\/wp\/v2\/categories?post=26821"},{"taxonomy":"post_tag","embeddable":true,"href":"https:\/\/www.europesays.com\/fi\/wp-json\/wp\/v2\/tags?post=26821"}],"curies":[{"name":"wp","href":"https:\/\/api.w.org\/{rel}","templated":true}]}}