{"id":268265,"date":"2026-06-05T22:19:12","date_gmt":"2026-06-05T22:19:12","guid":{"rendered":"https:\/\/www.europesays.com\/fi\/268265\/"},"modified":"2026-06-05T22:19:12","modified_gmt":"2026-06-05T22:19:12","slug":"tuija-pehkonen-ja-eero-ettala-aikovat-palata-pohjoiseen","status":"publish","type":"post","link":"https:\/\/www.europesays.com\/fi\/268265\/","title":{"rendered":"Tuija Pehkonen ja Eero Ettala aikovat palata pohjoiseen"},"content":{"rendered":"<p>    <img fetchpriority=\"high\" decoding=\"async\" src=\"https:\/\/www.europesays.com\/fi\/wp-content\/uploads\/2026\/06\/tuija-ja-eero.jpg\" alt=\"Juontajapariskunta Tuija Pehkonen ja Eero Ettala vietti nelj\u00e4 kuukautta Rukalla ja pari aikoo l\u00e4hte\u00e4 ensi talvena pohjoiseen uudestaan.\" width=\"2100\" height=\"1400\" class=\"wp-image-711077\" loading=\"eager\"  \/>Juontajapariskunta Tuija Pehkonen ja Eero Ettala vietti nelj\u00e4 kuukautta Rukalla. Pari aikoo l\u00e4hte\u00e4 ensi talvena uudelleen pohjoiseen.Tiia Ahjotuli    <\/p>\n<p class=\"wp-block-post-excerpt__excerpt\">Juontajapariskunta Tuija Pehkonen ja Eero Ettala viihtyi alkuvuoden Kuusamossa. Ensi talvena pohjoinen kutsuu j\u00e4lleen. Lopullinen asuinpaikka pit\u00e4\u00e4 p\u00e4\u00e4tt\u00e4\u00e4 vasta, kun esikoinen menee kouluun. <\/p>\n<p>Juontajapariskunta <strong>Tuija Pehkonen <\/strong>ja <strong>Eero Ettala<\/strong> asui lastensa kanssa alkuvuoden Kuusamon Rukalla, jonka j\u00e4lkeen Helsingin keskustassa asuminen on vaatinut j\u00e4lleen pient\u00e4 mukautumista.<\/p>\n<p>\u201dKev\u00e4t on paras aika vuodesta palata t\u00e4nne. Er\u00e4\u00e4t yst\u00e4v\u00e4t pohjoisesta laittoivat toukokuun puolessa v\u00e4liss\u00e4 viesti\u00e4, ett\u00e4 jos tulee ik\u00e4v\u00e4 takaisin, niin katsopa kuvaa pihalta, jonne tuprutti lunta\u201d, Tuija kertoili parin saavuttua Bollinger La Grande Ann\u00e9e 2018 -samppanjan lanseeraukseen Ravintola Demoon Helsinkiin.<\/p>\n<p>Perhe vietti Rukalla nelj\u00e4 kuukautta tammikuusta huhtikuun loppuun. Ajankohta oli mit\u00e4 parhain, ja l\u00e4ht\u00f6fiilikset olivat lopulta haikeat.<\/p>\n<p>\u201dSaimme parhaat palat pohjoisen talvesta, ja sitten oli kiva palata t\u00e4nnekin. El\u00e4m\u00e4 oli siell\u00e4 paljon rauhallisempaa. Palasimme t\u00e4\u00e4ll\u00e4 heti minuuttiaikatauluun ja sykkeeseen. Pohjoisessa teimme p\u00e4iv\u00e4ll\u00e4 pakolliset ty\u00f6t. Sen j\u00e4lkeen oli viel\u00e4 tunti tai kaksi aikaa Tuijalla k\u00e4yd\u00e4 hiiht\u00e4m\u00e4ss\u00e4 ja minulla tehd\u00e4 omia juttujani\u201d, Eero kertoi.<\/p>\n<p>Tuijalla ja Eerolla on vuonna 2020 ja 2023 syntyneet pojat. Lumilautailun parissa uransa tehnyt Eero kertoi parin viisivuotiaan esikoisen innostuneen nyt my\u00f6s lautailusta.<\/p>\n<p>\u201dK\u00e4vimme viisi kertaa viikossa m\u00e4ess\u00e4, ja nyt h\u00e4n laskee siell\u00e4 jo mustia rinteit\u00e4. Kovempaa kuin Tuija!\u201d<\/p>\n<p><strong>Lue my\u00f6s: <\/strong><a href=\"https:\/\/anna.fi\/ihmiset\/tuija-pehkonen-oppi-lama-ajan-lapsena-etta-kivat-asiat-eivat-noin-vain-tipahtele-eteen\" type=\"link\" id=\"https:\/\/anna.fi\/ihmiset\/tuija-pehkonen-oppi-lama-ajan-lapsena-etta-kivat-asiat-eivat-noin-vain-tipahtele-eteen\" rel=\"nofollow noopener\" target=\"_blank\">Juontaja Tuija Pehkonen oppi lama-ajan lapsena, ett\u00e4 kivat asiat eiv\u00e4t noin vain tipahtele eteen<\/a><\/p>\n<p><img loading=\"lazy\" decoding=\"async\" width=\"704\" height=\"1024\" src=\"https:\/\/www.europesays.com\/fi\/wp-content\/uploads\/2026\/06\/8501619_preview-704x1024.jpg\" alt=\"Eero Ettala ja Tuija Pehkonen viev\u00e4t poikansa kes\u00e4ll\u00e4 Ruotsin-risteilylle ja Muumimaailmaan.\" class=\"wp-image-711084 js-photoswipe-image\"  \/>Eero Ettala ja Tuija Pehkonen aikovat vied\u00e4 poikansa kes\u00e4ll\u00e4 ainakin Ruotsin-risteilylle ja Muumimaailmaan. <\/p>\n<p>\u00a9 Tiia Ahjotuli<\/p>\n<p>Enemm\u00e4n aikaa perheen kesken<\/p>\n<p>El\u00e4m\u00e4n rauhoittuminen oli yksi pohjoisessa asumisen suurista positiivisista puolista.<\/p>\n<p>\u201dK\u00e4sikirjoitin t\u00e4n\u00e4\u00e4n juuri uutta podcast-jaksoa nelj\u00e4nkympin kriisist\u00e4. Tuntuu, ett\u00e4 kun on ylitt\u00e4nyt  pikkuvauvavaiheen, joka meill\u00e4kin oli aikamoista valvomista, vastaan tulee tiettyj\u00e4 rajapyykkej\u00e4 i\u00e4n my\u00f6t\u00e4. Sit\u00e4 alkaa ensimm\u00e4ist\u00e4 kertaa mietti\u00e4, onko t\u00e4m\u00e4 sellaista el\u00e4m\u00e4\u00e4 mit\u00e4 haluaa el\u00e4\u00e4\u201d, Tuija pohti. <\/p>\n<p>H\u00e4nen mielest\u00e4\u00e4n yhteiskuntamme on todella hektinen ja nopeatempoinen. <\/p>\n<p>\u201dVoisiko el\u00e4m\u00e4 olla jotakin muutakin? Rukalla tuli aika usein sellaisia hetki\u00e4, jolloin havahduin huomaamaan, ett\u00e4 arki voisi olla my\u00f6s t\u00e4llaista. T\u00e4\u00e4ll\u00e4 on koko ajan monta rautaa tulessa. Siell\u00e4 ei ollut niin paljon h\u00e4ly\u00e4\u201d, Tuija kertoi.<\/p>\n<p>Pariskunta aikoo l\u00e4hte\u00e4 ensi talvena pohjoiseen uudestaan.<\/p>\n<p>\u201dSen j\u00e4lkeen meid\u00e4n on varmasti teht\u00e4v\u00e4 isompia p\u00e4\u00e4t\u00f6ksi\u00e4, ett\u00e4 mihin lopulta parkkeeraamme. Pojat alkavat menn\u00e4 kouluun, joten p\u00e4\u00e4t\u00f6ksi\u00e4 pit\u00e4\u00e4 tehd\u00e4\u201d, Eero tuumi.<\/p>\n<p>Pohjoisessa perheelle riitti enemm\u00e4n aikaa tehd\u00e4 yhdess\u00e4 asioita, mutta sit\u00e4 riitti my\u00f6s parisuhteelle.<\/p>\n<p>\u201dK\u00e4vimme v\u00e4lill\u00e4 yhdess\u00e4 hiiht\u00e4m\u00e4ss\u00e4 ja m\u00e4ess\u00e4, mutta etenkin perheen\u00e4 meill\u00e4 oli enemm\u00e4n aikaa. Haimme lapset tavallista aiemmin p\u00e4iv\u00e4kodista, jotta ehdimme tehd\u00e4 asioita yhdess\u00e4\u201d, Eero kertoi.<\/p>\n<p><strong>Lue my\u00f6s Kotiliesi.fi<\/strong>: <a href=\"https:\/\/kotiliesi.fi\/ihmiset\/hanna-kinnunen-loi-tuntematonta-miesta-laukulla\/\" type=\"link\" id=\"https:\/\/kotiliesi.fi\/ihmiset\/hanna-kinnunen-loi-tuntematonta-miesta-laukulla\/\" rel=\"nofollow noopener\" target=\"_blank\">Hanna Kinnunen l\u00f6i tuntematonta miest\u00e4 laukulla \u2013\u00a0nyt he ovat rakentaneet kaksi taloa yhdess\u00e4<\/a><\/p>\n<p>Kes\u00e4lt\u00e4 perhe odottaa ainakin Ruotsin-risteily\u00e4 ja vierailua Muumimaailmassa Naantalissa.<\/p>\n<p>\u201dOlen l\u00e4hd\u00f6ss\u00e4 my\u00f6s tytt\u00f6jen reissulle Ranskaan\u201d, Tuija iloitsi.<\/p>\n<p>Eero hoitaa sill\u00e4 v\u00e4lin perheen poikia.<\/p>\n<p>\u201dPojat alkavat olla hauskassa i\u00e4ss\u00e4, ja heid\u00e4n kanssaan on kiva touhuta. Dynamiikka on silloin erilainen, kun paikalla on vain yksi vanhempi. Poikien kanssa on tosi kiva viett\u00e4\u00e4 aikaa, ja nyt selvi\u00e4\u00e4 yksinkin.\u201d<\/p>\n","protected":false},"excerpt":{"rendered":"Juontajapariskunta Tuija Pehkonen ja Eero Ettala vietti nelj\u00e4 kuukautta Rukalla. Pari aikoo l\u00e4hte\u00e4 ensi talvena uudelleen pohjoiseen.Tiia Ahjotuli&hellip;\n","protected":false},"author":2,"featured_media":268266,"comment_status":"","ping_status":"","sticky":false,"template":"","format":"standard","meta":{"footnotes":"","_share_on_mastodon":"0"},"categories":[136],"tags":[407,6050,137,33,31,30,408,8737,3295,32,9382,109],"class_list":["post-268265","post","type-post","status-publish","format-standard","has-post-thumbnail","category-julkkikset","tag-celebrities","tag-eero-ettala","tag-entertainment","tag-fi","tag-finland","tag-finnish","tag-julkkikset","tag-lapsiperheet","tag-perhe-elama","tag-suomi","tag-tuija-pehkonen","tag-viihde"],"share_on_mastodon":{"url":"https:\/\/pubeurope.com\/@fi\/116699829067689835","error":""},"_links":{"self":[{"href":"https:\/\/www.europesays.com\/fi\/wp-json\/wp\/v2\/posts\/268265","targetHints":{"allow":["GET"]}}],"collection":[{"href":"https:\/\/www.europesays.com\/fi\/wp-json\/wp\/v2\/posts"}],"about":[{"href":"https:\/\/www.europesays.com\/fi\/wp-json\/wp\/v2\/types\/post"}],"author":[{"embeddable":true,"href":"https:\/\/www.europesays.com\/fi\/wp-json\/wp\/v2\/users\/2"}],"replies":[{"embeddable":true,"href":"https:\/\/www.europesays.com\/fi\/wp-json\/wp\/v2\/comments?post=268265"}],"version-history":[{"count":0,"href":"https:\/\/www.europesays.com\/fi\/wp-json\/wp\/v2\/posts\/268265\/revisions"}],"wp:featuredmedia":[{"embeddable":true,"href":"https:\/\/www.europesays.com\/fi\/wp-json\/wp\/v2\/media\/268266"}],"wp:attachment":[{"href":"https:\/\/www.europesays.com\/fi\/wp-json\/wp\/v2\/media?parent=268265"}],"wp:term":[{"taxonomy":"category","embeddable":true,"href":"https:\/\/www.europesays.com\/fi\/wp-json\/wp\/v2\/categories?post=268265"},{"taxonomy":"post_tag","embeddable":true,"href":"https:\/\/www.europesays.com\/fi\/wp-json\/wp\/v2\/tags?post=268265"}],"curies":[{"name":"wp","href":"https:\/\/api.w.org\/{rel}","templated":true}]}}