{"id":26850,"date":"2025-09-06T00:02:09","date_gmt":"2025-09-06T00:02:09","guid":{"rendered":"https:\/\/www.europesays.com\/fi\/26850\/"},"modified":"2025-09-06T00:02:09","modified_gmt":"2025-09-06T00:02:09","slug":"mikkelin-jukurien-omistuspohja-muuttuu-tavoitteena-on-saada-taustalle-uusi-yhtio-ja-uusia-sijoittajia-urheilu","status":"publish","type":"post","link":"https:\/\/www.europesays.com\/fi\/26850\/","title":{"rendered":"Mikkelin Jukurien omistuspohja muuttuu \u2013\u2009Tavoitteena on saada taustalle uusi yhti\u00f6 ja uusia sijoittajia | Urheilu"},"content":{"rendered":"<p>Jukurit HC Oy tavoittelee ensimm\u00e4isess\u00e4 vaiheessa 500 000 euron lis\u00e4rahoitusta. J\u00e4rjestelyn onnistuminen on ratkaisevassa roolissa seuran tulevaisuuden kannalta.<\/p>\n<p>Mikkelin Jukurien p\u00e4\u00e4omistuspohja laajenee, jos seuran j\u00e4rjestely uusien sijoittajien houkuttelemiseksi toteutuu. Jukurit HC Oy:n taustalle perustettavasta uudesta yhti\u00f6st\u00e4 tulee jatkossa seuran suurin omistaja. Yhti\u00f6\u00f6n tulee mukaan uusia sijoittajia ja muutamia vanhoja omistajia.<\/p>\n","protected":false},"excerpt":{"rendered":"Jukurit HC Oy tavoittelee ensimm\u00e4isess\u00e4 vaiheessa 500 000 euron lis\u00e4rahoitusta. J\u00e4rjestelyn onnistuminen on ratkaisevassa roolissa seuran tulevaisuuden kannalta.&hellip;\n","protected":false},"author":2,"featured_media":26851,"comment_status":"","ping_status":"","sticky":false,"template":"","format":"standard","meta":{"footnotes":"","_share_on_mastodon":"0"},"categories":[158],"tags":[33,31,30,1143,8474,8475,41,685,686,159,32,1145,160],"class_list":["post-26850","post","type-post","status-publish","format-standard","has-post-thumbnail","category-urheilu","tag-fi","tag-finland","tag-finnish","tag-jaakiekko","tag-jukurit","tag-jukurit-hc","tag-liikunta-ja-urheilu","tag-mikkeli","tag-mikkelin-seutukunta","tag-sports","tag-suomi","tag-talviurheilu","tag-urheilu"],"share_on_mastodon":{"url":"","error":""},"_links":{"self":[{"href":"https:\/\/www.europesays.com\/fi\/wp-json\/wp\/v2\/posts\/26850","targetHints":{"allow":["GET"]}}],"collection":[{"href":"https:\/\/www.europesays.com\/fi\/wp-json\/wp\/v2\/posts"}],"about":[{"href":"https:\/\/www.europesays.com\/fi\/wp-json\/wp\/v2\/types\/post"}],"author":[{"embeddable":true,"href":"https:\/\/www.europesays.com\/fi\/wp-json\/wp\/v2\/users\/2"}],"replies":[{"embeddable":true,"href":"https:\/\/www.europesays.com\/fi\/wp-json\/wp\/v2\/comments?post=26850"}],"version-history":[{"count":0,"href":"https:\/\/www.europesays.com\/fi\/wp-json\/wp\/v2\/posts\/26850\/revisions"}],"wp:featuredmedia":[{"embeddable":true,"href":"https:\/\/www.europesays.com\/fi\/wp-json\/wp\/v2\/media\/26851"}],"wp:attachment":[{"href":"https:\/\/www.europesays.com\/fi\/wp-json\/wp\/v2\/media?parent=26850"}],"wp:term":[{"taxonomy":"category","embeddable":true,"href":"https:\/\/www.europesays.com\/fi\/wp-json\/wp\/v2\/categories?post=26850"},{"taxonomy":"post_tag","embeddable":true,"href":"https:\/\/www.europesays.com\/fi\/wp-json\/wp\/v2\/tags?post=26850"}],"curies":[{"name":"wp","href":"https:\/\/api.w.org\/{rel}","templated":true}]}}