{"id":26854,"date":"2025-09-06T00:06:15","date_gmt":"2025-09-06T00:06:15","guid":{"rendered":"https:\/\/www.europesays.com\/fi\/26854\/"},"modified":"2025-09-06T00:06:15","modified_gmt":"2025-09-06T00:06:15","slug":"valtiovarainministerio-ehdottaa-alennusta-bensan-hintaan-2","status":"publish","type":"post","link":"https:\/\/www.europesays.com\/fi\/26854\/","title":{"rendered":"Valtiovarainministeri\u00f6 ehdottaa alennusta bensan hintaan"},"content":{"rendered":"<p>Veroalennus alentaisi dieselin ja sit\u00e4 korvaavien polttoaineiden hintaa yhteens\u00e4 keskim\u00e4\u00e4rin 2,4 sentti\u00e4 litralta.<\/p>\n<p>5.9. 9:00<\/p>\n<p class=\"article-body margin-bottom-24 padding-x-16\">Valtiovarainministeri\u00f6 laskisi bensan hintaa keskim\u00e4\u00e4rin 2,7 sentti\u00e4 litralta ensi vuoden alusta alkaen.<\/p>\n<p class=\"article-body margin-bottom-24 padding-x-16\">Ministeri\u00f6 on j\u00e4tt\u00e4nyt <a class=\"article-genericlink\" href=\"https:\/\/www.lausuntopalvelu.fi\/FI\/Proposal\/Participation?proposalId=b49c3987-5cbd-4948-a101-b975b8a5c3cd\" rel=\"nofollow noopener\" target=\"_blank\">lausuntokierrokselle<\/a> luonnoksen hallituksen esityksest\u00e4, jolla muutettaisiin nestem\u00e4isten polttoaineiden valmisteveroa. Liikennepolttoaineiden hiilidioksidiveron m\u00e4\u00e4r\u00e4n laskentaperusteena olevaa hiilidioksiditonnin arvoa alennettaisiin kahdessa vaiheessa 62 eurosta 51,3 euroon.<\/p>\n","protected":false},"excerpt":{"rendered":"Veroalennus alentaisi dieselin ja sit\u00e4 korvaavien polttoaineiden hintaa yhteens\u00e4 keskim\u00e4\u00e4rin 2,4 sentti\u00e4 litralta. 5.9. 9:00 Valtiovarainministeri\u00f6 laskisi bensan&hellip;\n","protected":false},"author":2,"featured_media":26855,"comment_status":"","ping_status":"","sticky":false,"template":"","format":"standard","meta":{"footnotes":""},"categories":[76],"tags":[79,77,33,31,30,1432,32,78],"class_list":{"0":"post-26854","1":"post","2":"type-post","3":"status-publish","4":"format-standard","5":"has-post-thumbnail","7":"category-talous","8":"tag-business","9":"tag-economy","10":"tag-fi","11":"tag-finland","12":"tag-finnish","13":"tag-merikarvia-lehti","14":"tag-suomi","15":"tag-talous"},"share_on_mastodon":{"url":"","error":""},"_links":{"self":[{"href":"https:\/\/www.europesays.com\/fi\/wp-json\/wp\/v2\/posts\/26854","targetHints":{"allow":["GET"]}}],"collection":[{"href":"https:\/\/www.europesays.com\/fi\/wp-json\/wp\/v2\/posts"}],"about":[{"href":"https:\/\/www.europesays.com\/fi\/wp-json\/wp\/v2\/types\/post"}],"author":[{"embeddable":true,"href":"https:\/\/www.europesays.com\/fi\/wp-json\/wp\/v2\/users\/2"}],"replies":[{"embeddable":true,"href":"https:\/\/www.europesays.com\/fi\/wp-json\/wp\/v2\/comments?post=26854"}],"version-history":[{"count":0,"href":"https:\/\/www.europesays.com\/fi\/wp-json\/wp\/v2\/posts\/26854\/revisions"}],"wp:featuredmedia":[{"embeddable":true,"href":"https:\/\/www.europesays.com\/fi\/wp-json\/wp\/v2\/media\/26855"}],"wp:attachment":[{"href":"https:\/\/www.europesays.com\/fi\/wp-json\/wp\/v2\/media?parent=26854"}],"wp:term":[{"taxonomy":"category","embeddable":true,"href":"https:\/\/www.europesays.com\/fi\/wp-json\/wp\/v2\/categories?post=26854"},{"taxonomy":"post_tag","embeddable":true,"href":"https:\/\/www.europesays.com\/fi\/wp-json\/wp\/v2\/tags?post=26854"}],"curies":[{"name":"wp","href":"https:\/\/api.w.org\/{rel}","templated":true}]}}