{"id":268660,"date":"2026-06-06T07:48:14","date_gmt":"2026-06-06T07:48:14","guid":{"rendered":"https:\/\/www.europesays.com\/fi\/268660\/"},"modified":"2026-06-06T07:48:14","modified_gmt":"2026-06-06T07:48:14","slug":"luo-oppilaille-kokemisen-arvoinen-ymparisto","status":"publish","type":"post","link":"https:\/\/www.europesays.com\/fi\/268660\/","title":{"rendered":"Luo oppilaille kokemisen arvoinen ymp\u00e4rist\u00f6."},"content":{"rendered":"<tr>\n<td><img decoding=\"async\" alt=\"Thai Binh Duongin ala-asteen, yl\u00e4asteen ja lukion oppilaat vierailevat osastolla Oppilaiden johtajuusp\u00e4iv\u00e4n ohjelmassa. Kuva: Nga Son\" hideclass=\"\" src=\"https:\/\/vstatic.vietnam.vn\/vietnam\/resource\/IMAGE\/2026\/04\/13\/1776031521822_11b_20260412220941.jpeg\" style=\"float: center;cursor:pointer\"\/><\/td>\n<\/tr>\n<tr>\n<td class=\"desc\" style=\"text-align:center\"> Thai Binh Duongin ala-asteen, yl\u00e4asteen ja lukion oppilaat vierailevat osastolla Oppilaiden johtajuusp\u00e4iv\u00e4n ohjelmassa. Kuva: Nga Son.<\/td>\n<\/tr>\n<p> Thai Binh Duongin ala-asteen, yl\u00e4asteen ja lukion apulaisrehtori Tran Thi Kim Tuyet sanoi: &#8221;T\u00e4m\u00e4n vuoden tapahtuman teemana on \u2019Vahvat juuret \u2013 pidemm\u00e4lle\u2019. Tavoitteena on luoda k\u00e4yt\u00e4nn\u00f6nl\u00e4heinen ymp\u00e4rist\u00f6, jossa oppilaat voivat kokea ja osoittaa johtajuusrooleja ja siten kehitt\u00e4\u00e4 omavaraisuuttaan, vastuuntuntoaan ja johtamistaitojaan.&#8221;<\/p>\n<p> Yksi tapahtuman kohokohdista oli &#8221;Vietnamilaisen sielun projektin&#8221; esittely. Kyseess\u00e4 on oppimisprojekti, jota koulu on toteuttanut jo vuosia 8. luokan ja sit\u00e4 vanhempien oppilaille. Oppilaita ei ainoastaan \u200b\u200bohjata etuk\u00e4teen tekem\u00e4\u00e4n tutkimusta, vaan he osallistuvat my\u00f6s j\u00e4rjestetyille retkille Vietnamin halki. Jokaisella pys\u00e4hdyspaikalla heill\u00e4 on mahdollisuus oppia aineettomasta kulttuuriperinn\u00f6st\u00e4, oppia kansanlauluja, olla vuorovaikutuksessa ja esiinty\u00e4 k\u00e4sity\u00f6l\u00e4isten kanssa sek\u00e4 vierailla historiallisilla paikoilla ja n\u00e4ht\u00e4vyyksill\u00e4. Tutkimuksensa ja kokemustensa perusteella kunkin luokka-asteen oppilaat valitsevat eri alueilta ainutlaatuisia kulttuuriarvoja esitelt\u00e4v\u00e4ksi Oppilaiden johtajuusp\u00e4iv\u00e4n\u00e4 erilaisissa muodoissa: tanssin, laulun, draaman jne.<\/p>\n<p> Lukuvuonna 2025\u20132026 oppilailla oli mahdollisuus vierailla ja oppia useista Pohjois-, Keski- ja Etel\u00e4-Vietnamin maakunnista sek\u00e4 Keski-Vietnamin yl\u00e4ng\u00f6ist\u00e4. T\u00e4m\u00e4n vuoden oppilaiden johtajuusp\u00e4iv\u00e4n\u00e4 jokaisen luokka-asteen edustajat valitsivat ja loivat uudelleen erityisi\u00e4 alueellisia kulttuuriarvoja, kuten cheo-laulua, bai choi -esityst\u00e4, don ca tai tunaa (perinteist\u00e4 etel\u00e4vietnamilaista kansanmusiikkia) ja gong-musiikkia.<\/p>\n<p> Oppimisprojektiensa esittelyn ja tapahtumaan osallistumisen lis\u00e4ksi oppilailla ja vanhemmilla oli my\u00f6s mahdollisuus tutustua erilaisiin kojuihin, joissa esiteltiin oppilaiden oppimistuotteita, kokemuksellisen oppimisen kojuihin, lukutiloihin ja koulun perustamiselle ja kehitt\u00e4miselle omistettuihin tiloihin. T\u00e4m\u00e4 edisti oppilaiden luovuutta, levitti kokemuksellisen oppimisen menetelmi\u00e4, vahvisti koulun, perheiden ja oppilaiden v\u00e4list\u00e4 sidett\u00e4 ja edisti <a class=\"data-link\" data-org-href=\"https:\/\/www.vietnam.vn\/category\/giao-duc\" href=\"https:\/\/www.vietnam.vn\/category\/giao-duc\" title=\"koulutus\" target=\"_blank\" rel=\"nofollow noopener\">koulutuksen<\/a> tehokkuuden paranemista.<\/p>\n<p style=\"text-align: right;\"> <strong>Nguyen Tuyet<\/strong><\/p>\n","protected":false},"excerpt":{"rendered":"Thai Binh Duongin ala-asteen, yl\u00e4asteen ja lukion oppilaat vierailevat osastolla Oppilaiden johtajuusp\u00e4iv\u00e4n ohjelmassa. Kuva: Nga Son. Thai Binh&hellip;\n","protected":false},"author":2,"featured_media":268661,"comment_status":"","ping_status":"","sticky":false,"template":"","format":"standard","meta":{"footnotes":"","_share_on_mastodon":"0"},"categories":[113],"tags":[446,33,31,30,36449,36450,118,32,119,447],"class_list":["post-268660","post","type-post","status-publish","format-standard","has-post-thumbnail","category-ymparisto","tag-environment","tag-fi","tag-finland","tag-finnish","tag-luova-ajattelu","tag-oppilas","tag-science","tag-suomi","tag-tiede","tag-ymparisto"],"share_on_mastodon":{"url":"https:\/\/pubeurope.com\/@fi\/116702066267988505","error":""},"_links":{"self":[{"href":"https:\/\/www.europesays.com\/fi\/wp-json\/wp\/v2\/posts\/268660","targetHints":{"allow":["GET"]}}],"collection":[{"href":"https:\/\/www.europesays.com\/fi\/wp-json\/wp\/v2\/posts"}],"about":[{"href":"https:\/\/www.europesays.com\/fi\/wp-json\/wp\/v2\/types\/post"}],"author":[{"embeddable":true,"href":"https:\/\/www.europesays.com\/fi\/wp-json\/wp\/v2\/users\/2"}],"replies":[{"embeddable":true,"href":"https:\/\/www.europesays.com\/fi\/wp-json\/wp\/v2\/comments?post=268660"}],"version-history":[{"count":0,"href":"https:\/\/www.europesays.com\/fi\/wp-json\/wp\/v2\/posts\/268660\/revisions"}],"wp:featuredmedia":[{"embeddable":true,"href":"https:\/\/www.europesays.com\/fi\/wp-json\/wp\/v2\/media\/268661"}],"wp:attachment":[{"href":"https:\/\/www.europesays.com\/fi\/wp-json\/wp\/v2\/media?parent=268660"}],"wp:term":[{"taxonomy":"category","embeddable":true,"href":"https:\/\/www.europesays.com\/fi\/wp-json\/wp\/v2\/categories?post=268660"},{"taxonomy":"post_tag","embeddable":true,"href":"https:\/\/www.europesays.com\/fi\/wp-json\/wp\/v2\/tags?post=268660"}],"curies":[{"name":"wp","href":"https:\/\/api.w.org\/{rel}","templated":true}]}}