{"id":268892,"date":"2026-06-06T13:35:13","date_gmt":"2026-06-06T13:35:13","guid":{"rendered":"https:\/\/www.europesays.com\/fi\/268892\/"},"modified":"2026-06-06T13:35:13","modified_gmt":"2026-06-06T13:35:13","slug":"nayttelija-nelli-kariniemi-suhahti-siivoojasta-televisiotahdeksi-ensimmainen-julkkis-koko-sukuun","status":"publish","type":"post","link":"https:\/\/www.europesays.com\/fi\/268892\/","title":{"rendered":"N\u00e4yttelij\u00e4 Nelli Kariniemi suhahti siivoojasta televisiot\u00e4hdeksi: &#8221;Ensimm\u00e4inen julkkis koko sukuun!&#8221;"},"content":{"rendered":"<p>            Jani Korpela\n        <\/p>\n<p class=\"subtitle \">Tamperelainen Nelli Kariniemi on yksi Salatut el\u00e4m\u00e4t -sarjan uusimmista t\u00e4hdist\u00e4.<\/p>\n<p class=\"article-content article-content-width !bg-background\">, 19, on vasta n\u00e4yttelij\u00e4nuransa alkutaipaleella, mutta debytoi jo nyt Suomen pitk\u00e4\u00e4n jatkuneimmassa saippuasarjassa.<\/p>\n<p class=\"font-weight-bold m-font-weight-bold article-content article-content-width !bg-background\">Salkkarit-t\u00e4hdet paljastavat paheensa:<\/p>\n<p class=\"article-content article-content-width !bg-background\">Nellin hahmo Sandra Axelsson on astellut Pihlajakadulle vasta hetki sitten, mutta Nelli on ty\u00f6skennellyt Salkkareiden studiolla jo jonkin aikaa. Oulusta kotoisin oleva Nelli on asunut jo pitk\u00e4\u00e4n Tampereella, mutta uuden ty\u00f6ns\u00e4 vuoksi h\u00e4n on suunnittelemassa muuttoa Helsinkiin.<\/p>\n<p>        <a itemprop=\"url\" href=\"https:\/\/www.seiska.fi\/katso\/salatut-elamat-uusi-perhe-saapuu-pihlajakadulle\/2149383\" rel=\"nofollow noopener\" target=\"_blank\"><\/p>\n<p>\nSalatut el\u00e4m\u00e4t:\n<\/p>\n<p class=\"section-date\">\n        <strong class=\"article-section\" data-section=\"katso\"><br \/>\n            katso<br \/>\n        <\/strong><br \/>\n        12.5. 05:15\n    <\/p>\n<p>Salatut el\u00e4m\u00e4t: Uusi perhe saapuu Pihlajakadulle\n    <\/p>\n<p itemprop=\"description\" class=\"subtitle \">\n    Uusi kolmikko on l\u00e4heist\u00e4 sukua tutulle hahmolle.\n<\/p>\n<p>        <\/a><\/p>\n<p class=\"article-content article-content-width !bg-background\">Salattujen el\u00e4mien lis\u00e4ksi Nellin el\u00e4m\u00e4ss\u00e4 puhaltavat my\u00f6s toisenlaiset muutosten tuulet, sill\u00e4 h\u00e4n valmistuu t\u00e4n\u00e4 kev\u00e4\u00e4n\u00e4 ylioppilaaksi Tampereen yhteiskoulun lukiosta.<\/p>\n<p class=\"article-content article-content-width !bg-background\">\u2013 Olin tuloksiini ihan tyytyv\u00e4inen. Parista aineesta olisin toki toivonut hieman korkeampaa arvosanaa, Nelli paljastaa.<\/p>\n<p class=\"article-content article-content-width !bg-background\">N\u00e4yttelij\u00e4 tavoitteli kemiasta arvosanoja E tai L. Nelli on jo suunnitellut suuntaavansa my\u00f6hemmin korottamaan arvosanojaan.<\/p>\n<p>                <img decoding=\"async\" src=\"https:\/\/www.europesays.com\/fi\/wp-content\/uploads\/2026\/06\/2167567.webp\" width=\"576\" height=\"720\" alt=\"Nelli\u00e4 kiinnostavat muun muassa bioinformatiikan opinnot.\" loading=\"lazy\" \/>            <\/p>\n<p>\n            Nelli\u00e4 kiinnostavat muun muassa bioinformatiikan opinnot.<br \/>\n            Jani Korpela\n        <\/p>\n<p>Ensimm\u00e4inen n\u00e4yttelij\u00e4 perheess\u00e4\u00e4n<\/p>\n<p class=\"article-content article-content-width !bg-background\">Nelli kertoo pit\u00e4v\u00e4ns\u00e4 monista aineista, mutta erityisesti luonnontieteelliset ja matemaattiset aineet ovat olleet h\u00e4nen mieleens\u00e4.<\/p>\n<p class=\"article-content article-content-width !bg-background\">\u2013 Pid\u00e4n my\u00f6s kielist\u00e4. Luin esimerkiksi A-ruotsia. Olen opiskellut my\u00f6s saksaa, englantia ja omatoimisesti japania.\u00a0<\/p>\n<p>        <a itemprop=\"url\" href=\"https:\/\/www.seiska.fi\/katso\/suosikkisarjojen-tahdet-paasivat-teatterikorkeakouluun\/2165787\" rel=\"nofollow noopener\" target=\"_blank\"><\/p>\n<p>\nSyke ja Salatut el\u00e4m\u00e4t\n<\/p>\n<p class=\"section-date\">\n        <strong class=\"article-section\" data-section=\"katso\"><br \/>\n            katso<br \/>\n        <\/strong><br \/>\n        28.5. 15:15\n    <\/p>\n<p>Suosikkisarjojen t\u00e4hdet p\u00e4\u00e4siv\u00e4t Teatterikorkeakouluun\n    <\/p>\n<p itemprop=\"description\" class=\"subtitle \">\n    Hittisarjoista tutut nuoret n\u00e4yttelij\u00e4t ovat ehtineet jo paljon ennen pian alkavaa korkeakoulutaivaltaan.\n<\/p>\n<p>        <\/a><\/p>\n<p class=\"article-content article-content-width !bg-background\">Nelli tiesi jo varhain, ett\u00e4 h\u00e4n haluaa pit\u00e4\u00e4 lukion j\u00e4lkeen v\u00e4livuoden. Jatko-opiskelujen suhteen Nelli ei ole tehnyt viel\u00e4 lopullisia p\u00e4\u00e4t\u00f6ksi\u00e4, mutta ainakin bioinformatiikkan opinnot ovat her\u00e4tt\u00e4neet h\u00e4ness\u00e4 kiinnostusta. Luonnollisesti my\u00f6s n\u00e4ytteleminen on ollut t\u00e4ht\u00e4imess\u00e4 jo pitk\u00e4\u00e4n.<\/p>\n<p class=\"article-content article-content-width !bg-background\">\u2013 Olen pienest\u00e4 pit\u00e4en miettinyt, ett\u00e4 olisipa siisti\u00e4 olla n\u00e4yttelij\u00e4. Perheess\u00e4mme ei ole entuudestaan n\u00e4yttelij\u00f6it\u00e4, ja erityisesti is\u00e4ni oli roolistani innoissaan. &#8221;Ensimm\u00e4inen julkkis koko sukuun!&#8221;, h\u00e4n muistaa is\u00e4ns\u00e4 murjaisseen.<\/p>\n<p>Siivoojaksi Kreikkaan<\/p>\n<p class=\"article-content article-content-width !bg-background\">Nelli on ehk\u00e4 uransa alussa, mutta on jo nuoresta i\u00e4st\u00e4\u00e4n huolimatta ty\u00f6skennellyt ulkomailla asti.\u00a0Viime kes\u00e4n\u00e4 h\u00e4n hankki kes\u00e4ty\u00f6paikan itselleen Kreikasta.<\/p>\n<p class=\"article-content article-content-width !bg-background\">\u2013 Olin siell\u00e4 kolme kuukautta. Toimin siivoojana ja aamupalatarjoilijana. Se oli kokemus! Olen tehnyt siivoojan hommia my\u00f6s t\u00e4\u00e4ll\u00e4 Suomessa.<\/p>\n<p>                <img decoding=\"async\" src=\"https:\/\/www.europesays.com\/fi\/wp-content\/uploads\/2026\/06\/2167571.webp\" width=\"576\" height=\"370\" alt=\"Nelli otti ohjat omiin k\u00e4siins\u00e4 etsiess\u00e4\u00e4n viime vuonna kes\u00e4ty\u00f6paikkaa.\" loading=\"lazy\" \/>            <\/p>\n<p>\n            Nelli otti ohjat omiin k\u00e4siins\u00e4 etsiess\u00e4\u00e4n viime vuonna kes\u00e4ty\u00f6paikkaa.<br \/>\n            Jani Korpela\n        <\/p>\n<p class=\"article-content article-content-width !bg-background\">Nelli oli saanut idean Kreikkaan l\u00e4htemisest\u00e4 yst\u00e4v\u00e4ns\u00e4 kanssa, kun kaksikko huomasi, miten vaikeaa Suomesta on saada kes\u00e4ty\u00f6paikkaa.<\/p>\n<p class=\"article-content article-content-width !bg-background\">\u2013 He etsiv\u00e4t siell\u00e4 jatkuvasti uusia ty\u00f6ntekij\u00f6it\u00e4, varsinkin nuoria, Nelli hehkuttaa.<\/p>\n<p class=\"article-content article-content-width !bg-background\">Tarjolla on paikkoja muun muassa erilaisilla lomaresorteilla. Hotellit kaipaavat esimerkiksi lastenohjaajia ja ohjelman vet\u00e4ji\u00e4.<\/p>\n<p class=\"article-content article-content-width !bg-background\">\u2013 Vaikka osa asiakkaistamme ei puhunut englantia ollenkaan, v\u00e4lill\u00e4mme oli usein yll\u00e4tt\u00e4v\u00e4n hyv\u00e4 ymm\u00e4rrys siit\u00e4, mit\u00e4 toinen sanoillaan tai kehonkielell\u00e4\u00e4n tarkoittaa.<\/p>\n<p>Kiitokset kollegoille<\/p>\n<p class=\"article-content article-content-width !bg-background\">Nelli on astunut t\u00e4n\u00e4 kev\u00e4\u00e4n\u00e4 ensimm\u00e4ist\u00e4 kertaa julkisuuden valokeilaan. Her\u00e4tt\u00e4\u00e4k\u00f6 julkisuus h\u00e4ness\u00e4 j\u00e4nnityst\u00e4?<\/p>\n<p class=\"article-content article-content-width !bg-background\">\u2013 Kyll\u00e4 kielt\u00e4m\u00e4tt\u00e4 hieman j\u00e4nnitt\u00e4\u00e4. En oikein tied\u00e4 mit\u00e4 odottaa.\u00a0Uskon ja toivon, ett\u00e4 vastaanotto on hyv\u00e4.\u00a0<\/p>\n<p>        <a itemprop=\"url\" href=\"https:\/\/www.seiska.fi\/vain-seiskassa\/salkkarit-komistus-paljastus-rakkauselamasta\/2156052\" rel=\"nofollow noopener\" target=\"_blank\"><\/p>\n<p>\nSalkkarit-komistus:\n<\/p>\n<p class=\"section-date\">\n        <strong class=\"article-section\" data-section=\"vain seiskassa\"><br \/>\n            vain seiskassa<br \/>\n        <\/strong><br \/>\n        25.5. 07:00\n    <\/p>\n<p>Salkkarit-komistus: Paljastus rakkausel\u00e4m\u00e4st\u00e4!\n    <\/p>\n<p itemprop=\"description\" class=\"subtitle \">\n    Alexander Snow tekee Seiskalle yll\u00e4tt\u00e4v\u00e4n paljastuksen rakkausel\u00e4m\u00e4st\u00e4\u00e4n.\n<\/p>\n<p>        <\/a><\/p>\n<p class=\"article-content article-content-width !bg-background\">Nelli on saanut Salkkarit-kollegoiltaan paljon neuvoja tulevaa koitosta ajatellen. My\u00f6s Salattujen el\u00e4mien kuvauksissa pidet\u00e4\u00e4n Nellin mukaan tarkasti huolta siit\u00e4, ett\u00e4 kukaan ei tunne oloaan studiossa turvattomaksi.<\/p>\n<p class=\"article-content article-content-width !bg-background\">Nelli kiitteleekin jo nyt kollegoitaan siit\u00e4, miten iloinen ja vastaanottavainen tunnelma kuvauksissa on alusta alkaen vallinnut.<\/p>\n","protected":false},"excerpt":{"rendered":"Jani Korpela Tamperelainen Nelli Kariniemi on yksi Salatut el\u00e4m\u00e4t -sarjan uusimmista t\u00e4hdist\u00e4. , 19, on vasta n\u00e4yttelij\u00e4nuransa alkutaipaleella,&hellip;\n","protected":false},"author":2,"featured_media":268893,"comment_status":"","ping_status":"","sticky":false,"template":"","format":"standard","meta":{"footnotes":"","_share_on_mastodon":"0"},"categories":[136],"tags":[407,137,33,31,30,408,3351,793,1342,34549,14865,791,209,4463,16778,32,551,156,109,15474],"class_list":["post-268892","post","type-post","status-publish","format-standard","has-post-thumbnail","category-julkkikset","tag-celebrities","tag-entertainment","tag-fi","tag-finland","tag-finnish","tag-julkkikset","tag-kreikka","tag-lukio","tag-nayttelija","tag-nelli-kariniemi","tag-opinnot","tag-opiskelu","tag-salatut-elamat","tag-salkkarit","tag-siivooja","tag-suomi","tag-tampere","tag-tv","tag-viihde","tag-ylioppilas"],"share_on_mastodon":{"url":"https:\/\/pubeurope.com\/@fi\/116703430765501599","error":""},"_links":{"self":[{"href":"https:\/\/www.europesays.com\/fi\/wp-json\/wp\/v2\/posts\/268892","targetHints":{"allow":["GET"]}}],"collection":[{"href":"https:\/\/www.europesays.com\/fi\/wp-json\/wp\/v2\/posts"}],"about":[{"href":"https:\/\/www.europesays.com\/fi\/wp-json\/wp\/v2\/types\/post"}],"author":[{"embeddable":true,"href":"https:\/\/www.europesays.com\/fi\/wp-json\/wp\/v2\/users\/2"}],"replies":[{"embeddable":true,"href":"https:\/\/www.europesays.com\/fi\/wp-json\/wp\/v2\/comments?post=268892"}],"version-history":[{"count":0,"href":"https:\/\/www.europesays.com\/fi\/wp-json\/wp\/v2\/posts\/268892\/revisions"}],"wp:featuredmedia":[{"embeddable":true,"href":"https:\/\/www.europesays.com\/fi\/wp-json\/wp\/v2\/media\/268893"}],"wp:attachment":[{"href":"https:\/\/www.europesays.com\/fi\/wp-json\/wp\/v2\/media?parent=268892"}],"wp:term":[{"taxonomy":"category","embeddable":true,"href":"https:\/\/www.europesays.com\/fi\/wp-json\/wp\/v2\/categories?post=268892"},{"taxonomy":"post_tag","embeddable":true,"href":"https:\/\/www.europesays.com\/fi\/wp-json\/wp\/v2\/tags?post=268892"}],"curies":[{"name":"wp","href":"https:\/\/api.w.org\/{rel}","templated":true}]}}