{"id":26891,"date":"2025-09-06T01:21:12","date_gmt":"2025-09-06T01:21:12","guid":{"rendered":"https:\/\/www.europesays.com\/fi\/26891\/"},"modified":"2025-09-06T01:21:12","modified_gmt":"2025-09-06T01:21:12","slug":"ttk-opettaja-kia-lehmuskoski-sai-mullistavan-uutisen","status":"publish","type":"post","link":"https:\/\/www.europesays.com\/fi\/26891\/","title":{"rendered":"TTK-opettaja Kia Lehmuskoski sai mullistavan uutisen"},"content":{"rendered":"<p>\n            20231126 HelsinkiTTK-finaali. Kuvassa Kia Lehmuskoski   Kuva: Tomi Natri<br \/>\n            Tomi Natri\n        <\/p>\n<p class=\"subtitle \">Kia Lehmuskoski tanssii TTK:ssa Marko &#8221;M\u00f6rk\u00f6&#8221; Anttilan parina.<\/p>\n<p class=\"article-content article-content-width !bg-background\">Tanssii t\u00e4htien kanssa -ohjelmassa kilpaileva j\u00e4\u00e4kiekkok\u00f6rmy  ja h\u00e4nen tanssinopettajansa  ovat olleet Kian Instagram-tilin tarinat-osiossa m\u00f6rk\u00f6yden ytimess\u00e4.<\/p>\n<p class=\"font-weight-bold m-font-weight-bold article-content article-content-width !bg-background\">Videohaastattelussa TTK-pari Tinze Sokka ja Valtteri Palin:<\/p>\n<p class=\"article-content article-content-width !bg-background\">Kia pohti nyt jo n\u00e4kyvilt\u00e4 poistuneessa tarinassaan, mit\u00e4 sukupuolta Muumeissa kauhua her\u00e4tt\u00e4v\u00e4 M\u00f6rk\u00f6 on.<\/p>\n<p class=\"article-content article-content-width !bg-background\">\u2013 M\u00e4 olen kuullut huhua, ett\u00e4 Muumien M\u00f6rk\u00f6-hahmo olisi naispuolinen, Marko mainitsee.<\/p>\n<p class=\"article-content article-content-width !bg-background\">Kia on silminn\u00e4hden yll\u00e4ttynyt tiedosta, sill\u00e4 h\u00e4n on mielt\u00e4nyt M\u00f6rk\u00f6n aina miespuoliseksi.<\/p>\n<p class=\"article-content article-content-width !bg-background\">\u2013 Onko? Mulla meni maailman aivan sekaisin t\u00e4st\u00e4 asiasta.<\/p>\n<p>        <a itemprop=\"url\" href=\"https:\/\/www.seiska.fi\/katso\/marko-morko-anttilalta-yllattava-paljastus\/1894310\" rel=\"nofollow noopener\" target=\"_blank\"><\/p>\n<p>\nMarko M\u00f6rk\u00f6 Anttila\n<\/p>\n<p class=\"section-date\">\n        <strong class=\"article-section\" data-section=\"katso\"><br \/>\n            katso<br \/>\n        <\/strong><br \/>\n        12.8. 16:45\n    <\/p>\n<p>    Marko \u201dM\u00f6rk\u00f6\u201d Anttilalta yll\u00e4tt\u00e4v\u00e4 paljastus<\/p>\n<p itemprop=\"description\" class=\"subtitle \">\n    Ex-kiekkoleijona n\u00e4hd\u00e4\u00e4n Tanssii t\u00e4htien kanssa -kisassa.\n<\/p>\n<p>        <\/a><\/p>\n<p>                <img decoding=\"async\" src=\"https:\/\/www.europesays.com\/fi\/wp-content\/uploads\/2025\/09\/1894336.webp\" width=\"576\" height=\"274\" alt=\"Marko 'M\u00f6rk\u00f6' Anttila toivoo saavansa Kia Lehmuskosken opastuksella ruotonsa suoraksi ja rytmin vereens\u00e4.\" loading=\"lazy\" \/>            <\/p>\n<p>\n            Marko &#8221;M\u00f6rk\u00f6&#8221; Anttila toivoo saavansa Kia Lehmuskosken opastuksella ruotonsa suoraksi ja rytmin vereens\u00e4.<br \/>\n            Timo Korhonen\n        <\/p>\n<p class=\"article-content article-content-width !bg-background\">Tanssipari pyyt\u00e4\u00e4kin seuraajilta kommentteja, mik\u00e4 on totuus asiassa. My\u00f6hemm\u00e4ss\u00e4 tarinassa Kia kertoo saaneensa paljon viestej\u00e4, joiden mukaan M\u00f6rk\u00f6 olisi todella naaraspuolinen.<\/p>\n<p class=\"article-content article-content-width !bg-background\">Moni on viitannut siihen, ett\u00e4  alkuper\u00e4isess\u00e4 tekstiss\u00e4 ruotsiksi M\u00f6rk\u00f6\u00f6n viitataan feminiinipronominilla hon.<\/p>\n<p class=\"article-content article-content-width !bg-background\">\u2013 Mun el\u00e4m\u00e4 mullistui, Kia tunnustaa.<\/p>\n<p>        <a itemprop=\"url\" href=\"https:\/\/www.seiska.fi\/kotimaa\/kia-lehmuskoski-kertoi-hurjasta-urheilusaavutuksestaan\/1884662\" rel=\"nofollow noopener\" target=\"_blank\"><\/p>\n<p>\nTTK-opettaja\n<\/p>\n<p class=\"section-date\">\n        <strong class=\"article-section\" data-section=\"kotimaa\"><br \/>\n            kotimaa<br \/>\n        <\/strong><br \/>\n        2.8. 16:00\n    <\/p>\n<p>    Kia Lehmuskoski kertoi hurjasta urheilusaavutuksestaan<\/p>\n<p itemprop=\"description\" class=\"subtitle \">\n    Kia Lehmuskoski kertoo huimasta saavutuksestaan.\n<\/p>\n<p>        <\/a><\/p>\n<p>                <img decoding=\"async\" src=\"https:\/\/www.europesays.com\/fi\/wp-content\/uploads\/2025\/09\/1922019.webp\" width=\"576\" height=\"274\" alt=\"Muumien M\u00f6rk\u00f6 on kylm\u00e4 ja yksin\u00e4inen hahmo.\" loading=\"lazy\" \/>            <\/p>\n<p>\n            Muumien M\u00f6rk\u00f6 on kylm\u00e4 ja yksin\u00e4inen hahmo.<br \/>\n            Yle\n        <\/p>\n<p>Ensimm\u00e4isen\u00e4 tango<\/p>\n<p class=\"article-content article-content-width !bg-background\">Kian ja Markon ensimm\u00e4inen, sunnuntaina 7.9. n\u00e4ht\u00e4v\u00e4 tanssi Tanssii t\u00e4htien kanssa -ohjelmassa on tango  kappaleeseen Veitsenter\u00e4ll\u00e4. N\u00e4ht\u00e4v\u00e4ksi j\u00e4\u00e4, onko tanssiin otettu vaikutteita Muumien maailmasta.<\/p>\n<p class=\"article-content article-content-width !bg-background\">\u2013 Olen omista hermoistani yll\u00e4ttynyt, ettei ne ole ihan t\u00e4ysin mennyt viel\u00e4, Marko arvioi omaa suoriutumistaan t\u00e4h\u00e4n asti TTK:n Instagram-tarinoissa.<\/p>\n<p class=\"italic m-italic article-content article-content-width !bg-background\">Tanssii t\u00e4htien kanssa ensimm\u00e4inen live-l\u00e4hetys MTV3:lla ja MTV Katsomossa sunnuntaina 7.9. klo 19.30.<\/p>\n<p>        <a itemprop=\"url\" href=\"https:\/\/www.seiska.fi\/katso\/nakokulma-oodi-kohussa-marinoituneelle-haisulille\/1889124\" rel=\"nofollow noopener\" target=\"_blank\"><\/p>\n<p>\nN\u00e4k\u00f6kulma\n<\/p>\n<p class=\"section-date\">\n        <strong class=\"article-section\" data-section=\"katso\"><br \/>\n            katso<br \/>\n        <\/strong><br \/>\n        4.8. 17:15\n    <\/p>\n<p>    N\u00e4k\u00f6kulma: Oodi kohussa marinoituneelle Haisulille<\/p>\n<p itemprop=\"description\" class=\"subtitle \">\n    Haisulin tumman turkin takaa paljastuu jotain hyvin arvokasta.\n<\/p>\n<p>        <\/a><\/p>\n","protected":false},"excerpt":{"rendered":"20231126 HelsinkiTTK-finaali. Kuvassa Kia Lehmuskoski Kuva: Tomi Natri Tomi Natri Kia Lehmuskoski tanssii TTK:ssa Marko &#8221;M\u00f6rk\u00f6&#8221; Anttilan parina.&hellip;\n","protected":false},"author":2,"featured_media":26892,"comment_status":"","ping_status":"","sticky":false,"template":"","format":"standard","meta":{"footnotes":""},"categories":[130],"tags":[137,33,31,30,2430,2429,8480,6500,2376,399,8481,32,903,565,3099,6344,109],"class_list":{"0":"post-26891","1":"post","2":"type-post","3":"status-publish","4":"format-standard","5":"has-post-thumbnail","7":"category-viihde","8":"tag-entertainment","9":"tag-fi","10":"tag-finland","11":"tag-finnish","12":"tag-kia-lehmuskoski","13":"tag-marko-anttila","14":"tag-marko-morko-anttila","15":"tag-morko","16":"tag-mtv","17":"tag-muumit","18":"tag-muumit-morko","19":"tag-suomi","20":"tag-tanssii-tahtien-kanssa","21":"tag-tove-jansson","22":"tag-ttk","23":"tag-ttk-2025","24":"tag-viihde"},"share_on_mastodon":{"url":"","error":""},"_links":{"self":[{"href":"https:\/\/www.europesays.com\/fi\/wp-json\/wp\/v2\/posts\/26891","targetHints":{"allow":["GET"]}}],"collection":[{"href":"https:\/\/www.europesays.com\/fi\/wp-json\/wp\/v2\/posts"}],"about":[{"href":"https:\/\/www.europesays.com\/fi\/wp-json\/wp\/v2\/types\/post"}],"author":[{"embeddable":true,"href":"https:\/\/www.europesays.com\/fi\/wp-json\/wp\/v2\/users\/2"}],"replies":[{"embeddable":true,"href":"https:\/\/www.europesays.com\/fi\/wp-json\/wp\/v2\/comments?post=26891"}],"version-history":[{"count":0,"href":"https:\/\/www.europesays.com\/fi\/wp-json\/wp\/v2\/posts\/26891\/revisions"}],"wp:featuredmedia":[{"embeddable":true,"href":"https:\/\/www.europesays.com\/fi\/wp-json\/wp\/v2\/media\/26892"}],"wp:attachment":[{"href":"https:\/\/www.europesays.com\/fi\/wp-json\/wp\/v2\/media?parent=26891"}],"wp:term":[{"taxonomy":"category","embeddable":true,"href":"https:\/\/www.europesays.com\/fi\/wp-json\/wp\/v2\/categories?post=26891"},{"taxonomy":"post_tag","embeddable":true,"href":"https:\/\/www.europesays.com\/fi\/wp-json\/wp\/v2\/tags?post=26891"}],"curies":[{"name":"wp","href":"https:\/\/api.w.org\/{rel}","templated":true}]}}