{"id":26897,"date":"2025-09-06T01:26:10","date_gmt":"2025-09-06T01:26:10","guid":{"rendered":"https:\/\/www.europesays.com\/fi\/26897\/"},"modified":"2025-09-06T01:26:10","modified_gmt":"2025-09-06T01:26:10","slug":"useiden-autojen-onnettomuus-keha-illa","status":"publish","type":"post","link":"https:\/\/www.europesays.com\/fi\/26897\/","title":{"rendered":"Useiden autojen onnettomuus Keh\u00e4-I:ll\u00e4"},"content":{"rendered":"<p>Liikenne on jonoutunut Keh\u00e4 I:ll\u00e4 usean ajoneuvon onnettomuuden takia.<\/p>\n<p><img decoding=\"async\" class=\"image image-show image-preview\" src=\"https:\/\/www.europesays.com\/fi\/wp-content\/uploads\/2025\/09\/e0950625b579c51876fd9ef9e2762359d5bfb97df9d636cc2f464147977390cf.jpg\" alt=\"\"\/><img decoding=\"async\" class=\"image image-show\" src=\"https:\/\/www.europesays.com\/fi\/wp-content\/uploads\/2025\/09\/1757121970_190_e0950625b579c51876fd9ef9e2762359d5bfb97df9d636cc2f464147977390cf.jpg\" alt=\"\"\/><\/p>\n<p>Onnettomuus on aiheuttanut autojonoja Keh\u00e4 I:lle. Kuvituskuva. Mikko Huisko<\/p>\n<p class=\"paragraph\">Usean ajoneuvon onnettomuus aiheuttaa liikenneh\u00e4iri\u00f6it\u00e4 Keh\u00e4 I:ll\u00e4 Helsingiss\u00e4.<\/p>\n<p class=\"paragraph\">Fintrafficin mukaan ajokaistoja on suljettu liikenteelt\u00e4. Onnettomuuspaikka sijaitsee Pakilassa Pakilantien ja Tuusulanv\u00e4yl\u00e4n liittymien v\u00e4lill\u00e4.<\/p>\n<p class=\"paragraph\">Onnettomuus tapahtui hieman ennen puoli viitt\u00e4 iltap\u00e4iv\u00e4ll\u00e4. Onnettomuus on aiheuttanut jonoja Keh\u00e4 I:ll\u00e4 id\u00e4n suuntaan.<\/p>\n","protected":false},"excerpt":{"rendered":"Liikenne on jonoutunut Keh\u00e4 I:ll\u00e4 usean ajoneuvon onnettomuuden takia. Onnettomuus on aiheuttanut autojonoja Keh\u00e4 I:lle. Kuvituskuva. Mikko Huisko&hellip;\n","protected":false},"author":2,"featured_media":26898,"comment_status":"","ping_status":"","sticky":false,"template":"","format":"standard","meta":{"footnotes":""},"categories":[12],"tags":[35,22,23,26,27,33,31,30,17,2187,24,25,121,28,29,953,15,18,21,950,32,128,19,20,16],"class_list":{"0":"post-26897","1":"post","2":"type-post","3":"status-publish","4":"format-standard","5":"has-post-thumbnail","7":"category-suomi","8":"tag-24h","9":"tag-breaking-news","10":"tag-breakingnews","11":"tag-featured-news","12":"tag-featurednews","13":"tag-fi","14":"tag-finland","15":"tag-finnish","16":"tag-headlines","17":"tag-kulkuneuvot","18":"tag-latest-news","19":"tag-latestnews","20":"tag-liikenne-ja-kuljetus","21":"tag-main-news","22":"tag-mainnews","23":"tag-matkustajaliikenne","24":"tag-news","25":"tag-otsikot","26":"tag-paauutiset","27":"tag-raskas-liikenne","28":"tag-suomi","29":"tag-tieliikenne","30":"tag-top-stories","31":"tag-topstories","32":"tag-uutiset"},"share_on_mastodon":{"url":"","error":""},"_links":{"self":[{"href":"https:\/\/www.europesays.com\/fi\/wp-json\/wp\/v2\/posts\/26897","targetHints":{"allow":["GET"]}}],"collection":[{"href":"https:\/\/www.europesays.com\/fi\/wp-json\/wp\/v2\/posts"}],"about":[{"href":"https:\/\/www.europesays.com\/fi\/wp-json\/wp\/v2\/types\/post"}],"author":[{"embeddable":true,"href":"https:\/\/www.europesays.com\/fi\/wp-json\/wp\/v2\/users\/2"}],"replies":[{"embeddable":true,"href":"https:\/\/www.europesays.com\/fi\/wp-json\/wp\/v2\/comments?post=26897"}],"version-history":[{"count":0,"href":"https:\/\/www.europesays.com\/fi\/wp-json\/wp\/v2\/posts\/26897\/revisions"}],"wp:featuredmedia":[{"embeddable":true,"href":"https:\/\/www.europesays.com\/fi\/wp-json\/wp\/v2\/media\/26898"}],"wp:attachment":[{"href":"https:\/\/www.europesays.com\/fi\/wp-json\/wp\/v2\/media?parent=26897"}],"wp:term":[{"taxonomy":"category","embeddable":true,"href":"https:\/\/www.europesays.com\/fi\/wp-json\/wp\/v2\/categories?post=26897"},{"taxonomy":"post_tag","embeddable":true,"href":"https:\/\/www.europesays.com\/fi\/wp-json\/wp\/v2\/tags?post=26897"}],"curies":[{"name":"wp","href":"https:\/\/api.w.org\/{rel}","templated":true}]}}