{"id":269049,"date":"2026-06-06T16:46:12","date_gmt":"2026-06-06T16:46:12","guid":{"rendered":"https:\/\/www.europesays.com\/fi\/269049\/"},"modified":"2026-06-06T16:46:12","modified_gmt":"2026-06-06T16:46:12","slug":"diosa-sara-harski-kommentti-huipputuloista","status":"publish","type":"post","link":"https:\/\/www.europesays.com\/fi\/269049\/","title":{"rendered":"Diosa Sara: H\u00e4rski kommentti huipputuloista."},"content":{"rendered":"<p class=\"article-content article-content-width !bg-background\">Helsinki City Festivalin ennakkobileisiin ilmestyi Onlyfans-alustan kuluttajille tuttu hahmo.\u00a0<\/p>\n<p class=\"article-content article-content-width !bg-background\"><a alt=\"Haku\" class=\"text-primary-red font-extrabold\" href=\"https:\/\/www.seiska.fi\/haku?q=Diosa Sara\" rel=\"nofollow noopener\" target=\"_blank\">Diosa Sara<\/a> lukeutuu harvoihin eroottisella sis\u00e4ll\u00f6ll\u00e4 suurta tili\u00e4 tekeviin sis\u00e4ll\u00f6ntuottajiin ja viel\u00e4p\u00e4 yhdell\u00e4 suurella erolla moneen muuhun.<\/p>\n<p class=\"font-weight-bold m-font-weight-bold article-content article-content-width !bg-background\">Arkistovideolla esitell\u00e4\u00e4n Saran viime vuoden tempausta<\/p>\n<p class=\"article-content article-content-width !bg-background\">\u2013 Viimeisen tilinp\u00e4\u00e4t\u00f6ksen loppusumma oli 240 000 euroa tuloa, enk\u00e4 kertaakaan ole imenyt ket\u00e4\u00e4n p\u00e4\u00e4st\u00e4kseni noihin lukemiin, Sara t\u00e4r\u00e4ytt\u00e4\u00e4.<\/p>\n<p>                <img decoding=\"async\" src=\"https:\/\/www.europesays.com\/fi\/wp-content\/uploads\/2026\/06\/2172038.webp\" width=\"576\" height=\"720\" alt=\"Sara haluaa pit\u00e4\u00e4 kiinni tiukasti omista rajoistaan.\" loading=\"lazy\" \/>            <\/p>\n<p>\n            Sara haluaa pit\u00e4\u00e4 kiinni tiukasti omista rajoistaan.<br \/>\n            ATTE KAJOVA\n        <\/p>\n<p class=\"article-content article-content-width !bg-background\">Omien rajojen yll\u00e4pit\u00e4minen on Saralle asia, jota h\u00e4n suosittelee my\u00f6s muille &#8211; varsinkin nuorille naisille.<\/p>\n<p class=\"article-content article-content-width !bg-background\">\u2013 Olen koettanut kannustaa siihen, ett\u00e4 muutkin uskaltaisivat pit\u00e4\u00e4 omista rajoistaan kiinni. Silti on mahdollista menesty\u00e4, Sara jatkaa.<\/p>\n<p>                <img decoding=\"async\" src=\"https:\/\/www.europesays.com\/fi\/wp-content\/uploads\/2026\/06\/2172040.webp\" width=\"576\" height=\"322\" alt=\"Sara on ylpe\u00e4 valitsemastaan linjasta ja sen tuomasta menestyksest\u00e4.\" loading=\"lazy\" \/>            <\/p>\n<p>\n            Sara on ylpe\u00e4 valitsemastaan linjasta ja sen tuomasta menestyksest\u00e4.<br \/>\n            ATTE KAJOVA\n        <\/p>\n<p class=\"article-content article-content-width !bg-background\">Parhaillaan podcastin kakkoskautta varten energiaa ker\u00e4ilev\u00e4 nainen palkitsee itse\u00e4\u00e4n menestyksest\u00e4 kotit\u00f6iden puitteissa.<\/p>\n<p class=\"article-content article-content-width !bg-background\">\u2013 Arkiset asiat j\u00e4\u00e4v\u00e4t usein tekem\u00e4tt\u00e4. Siksi olen ulkoistanut siivoamisen ja en my\u00f6sk\u00e4\u00e4n kokkaa. Se ei vaan kiinnosta yht\u00e4\u00e4n!<\/p>\n","protected":false},"excerpt":{"rendered":"Helsinki City Festivalin ennakkobileisiin ilmestyi Onlyfans-alustan kuluttajille tuttu hahmo.\u00a0 Diosa Sara lukeutuu harvoihin eroottisella sis\u00e4ll\u00f6ll\u00e4 suurta tili\u00e4 tekeviin&hellip;\n","protected":false},"author":2,"featured_media":269050,"comment_status":"","ping_status":"","sticky":false,"template":"","format":"standard","meta":{"footnotes":"","_share_on_mastodon":"0"},"categories":[130],"tags":[26057,137,33,31,30,34869,3376,3705,32,109],"class_list":["post-269049","post","type-post","status-publish","format-standard","has-post-thumbnail","category-viihde","tag-diosa-sara","tag-entertainment","tag-fi","tag-finland","tag-finnish","tag-helsinki-city-festival","tag-k18","tag-onlyfans","tag-suomi","tag-viihde"],"share_on_mastodon":{"url":"https:\/\/pubeurope.com\/@fi\/116704181388607018","error":""},"_links":{"self":[{"href":"https:\/\/www.europesays.com\/fi\/wp-json\/wp\/v2\/posts\/269049","targetHints":{"allow":["GET"]}}],"collection":[{"href":"https:\/\/www.europesays.com\/fi\/wp-json\/wp\/v2\/posts"}],"about":[{"href":"https:\/\/www.europesays.com\/fi\/wp-json\/wp\/v2\/types\/post"}],"author":[{"embeddable":true,"href":"https:\/\/www.europesays.com\/fi\/wp-json\/wp\/v2\/users\/2"}],"replies":[{"embeddable":true,"href":"https:\/\/www.europesays.com\/fi\/wp-json\/wp\/v2\/comments?post=269049"}],"version-history":[{"count":0,"href":"https:\/\/www.europesays.com\/fi\/wp-json\/wp\/v2\/posts\/269049\/revisions"}],"wp:featuredmedia":[{"embeddable":true,"href":"https:\/\/www.europesays.com\/fi\/wp-json\/wp\/v2\/media\/269050"}],"wp:attachment":[{"href":"https:\/\/www.europesays.com\/fi\/wp-json\/wp\/v2\/media?parent=269049"}],"wp:term":[{"taxonomy":"category","embeddable":true,"href":"https:\/\/www.europesays.com\/fi\/wp-json\/wp\/v2\/categories?post=269049"},{"taxonomy":"post_tag","embeddable":true,"href":"https:\/\/www.europesays.com\/fi\/wp-json\/wp\/v2\/tags?post=269049"}],"curies":[{"name":"wp","href":"https:\/\/api.w.org\/{rel}","templated":true}]}}