{"id":269080,"date":"2026-06-06T17:30:05","date_gmt":"2026-06-06T17:30:05","guid":{"rendered":"https:\/\/www.europesays.com\/fi\/269080\/"},"modified":"2026-06-06T17:30:05","modified_gmt":"2026-06-06T17:30:05","slug":"ilona-siekkisen-ja-mikko-niirasen-vauvavuosi-paattyy-katso-viimeiset-vauvakuvat","status":"publish","type":"post","link":"https:\/\/www.europesays.com\/fi\/269080\/","title":{"rendered":"Ilona Siekkisen ja Mikko Niirasen vauvavuosi p\u00e4\u00e4ttyy \u2013 Katso viimeiset vauvakuvat!"},"content":{"rendered":"<p>            ATTE KAJOVA\n        <\/p>\n<p class=\"subtitle \">N\u00e4ytt\u00e4v\u00e4n wellness-parin kuopus Milena t\u00e4ytt\u00e4\u00e4 vuoden.<\/p>\n<p class=\"article-content article-content-width !bg-background\">Fitnessvaikuttajat  ja h\u00e4nen valmentajamiehens\u00e4  viett\u00e4v\u00e4t viimeisi\u00e4 p\u00e4ivi\u00e4 vauvavuottaan. N\u00e4in ainakin t\u00e4ll\u00e4 haavaa.<\/p>\n<p class=\"font-weight-bold m-font-weight-bold article-content article-content-width !bg-background\">Ilona kertoi yll\u00e4tysvauvasta reilut kaksi vuotta sitten<\/p>\n<p class=\"article-content article-content-width !bg-background\">Parin Milena-kuopus t\u00e4ytt\u00e4\u00e4 ensi viikolla yhden vuoden, ja silloin ainakin terminologiassa yksi y\u00f6 muuttaa vauvan maagisesti taaperoksi.<\/p>\n<p class=\"article-content article-content-width !bg-background\">Mikko julkaisi Milenan viimeisist\u00e4 vauvahetkist\u00e4 per\u00e4ti 20 kuvan kokoisen kuvakarusellin Instagram-tilill\u00e4\u00e4n suoraan Espanjan auringosta. H\u00e4n kutsuu otoksia toukokuun photo dumpiksi.<\/p>\n<p class=\"article-content article-content-width !bg-background\">\u2013 Kuten kuvista n\u00e4kee, meid\u00e4n lemppariaktiviteetteja on ollut: Uiminen. Nukkuminen, Mikko kirjoittaa.<\/p>\n<p>        <a itemprop=\"url\" href=\"https:\/\/www.seiska.fi\/kotimaa\/ilona-siekkinen-poseerasi-uimapuvussa-pakko-sanoa-etta\/2167397\" rel=\"nofollow noopener\" target=\"_blank\"><\/p>\n<p>\nIlona Siekkinen\n<\/p>\n<p class=\"section-date\">\n        <strong class=\"article-section\" data-section=\"kotimaa\"><br \/>\n            kotimaa<br \/>\n        <\/strong><br \/>\n        29.5. 18:30\n    <\/p>\n<p>Ilona Siekkinen poseerasi uimapuvussa \u2013 &#8221;Pakko sanoa ett\u00e4..&#8221;\n    <\/p>\n<p itemprop=\"description\" class=\"subtitle \">\n    Ilona julkaisi nostalgisia uimapukukuvia kymmenen vuoden takaa.\n<\/p>\n<p>        <\/a><\/p>\n<p class=\"article-content article-content-width !bg-background\">Aurinkorannikolla Mijasissa h\u00e4n my\u00f6s miettii, ett\u00e4 Suomeen p\u00e4\u00e4stess\u00e4 pit\u00e4\u00e4 viritell\u00e4 kotona uimapaikat kuntoon, jotta lasten kanssa voidaan jatkaa pulikointitouhua.<\/p>\n<p>Mik\u00e4 otoksista vauvatauluksi?<\/p>\n<p class=\"article-content article-content-width !bg-background\">Kahdenkymmenen kuvan joukossa on, Kuten Mikko toteaakin paljon polskimista vedess\u00e4 sek\u00e4 p\u00f6tk\u00f6ttely\u00e4 is\u00e4n vieress\u00e4.\u00a0<\/p>\n<p class=\"article-content article-content-width !bg-background\">Niiden v\u00e4liss\u00e4 on kuitenkin my\u00f6s pitk\u00e4 sarja Milena-otoksia, joissa h\u00e4n tekee t\u00f6it\u00e4 l\u00e4pp\u00e4rill\u00e4, konttailee, k\u00e4y potalla, ihmettelee kuvaavaa is\u00e4\u00e4ns\u00e4 sek\u00e4 istuu eri asteisissa suojissa veden \u00e4\u00e4rell\u00e4 esimerkiksi rantatuolilla.<\/p>\n<p>        <a itemprop=\"url\" href=\"https:\/\/www.seiska.fi\/vain-seiskassa\/ilona-siekkisen-ja-mikko-rakkaan-ostosreissu-heratti-huomiota-salakuvat\/1946052\" rel=\"nofollow noopener\" target=\"_blank\"><\/p>\n<p>\nSalakuva\n<\/p>\n<p class=\"section-date\">\n        <strong class=\"article-section\" data-section=\"vain seiskassa\"><br \/>\n            vain seiskassa<br \/>\n        <\/strong><br \/>\n        30.9.2025 16:00\n    <\/p>\n<p>Ilona Siekkisen ja Mikko-rakkaan ostosreissu her\u00e4tti huomiota \u2013 salakuvat\n    <\/p>\n<p itemprop=\"description\" class=\"subtitle \">\n    Pienen vauvan vanhemmat uppoutuivat K-kaupan lastenruokatarjontaan.\n<\/p>\n<p>        <\/a><\/p>\n<p class=\"article-content article-content-width !bg-background\">Mikko kysyykin, mik\u00e4 olisi sopivin kuva teetett\u00e4v\u00e4ksi huoneentauluksi. Ilona-\u00c4idill\u00e4 on vastaus valmiina.<\/p>\n<p class=\"article-content article-content-width !bg-background\">\u2013 8. kuva paras. \u00c4idin aamutossut on potalla istuessa must have -varuste, Ilona kirjoittaa.<\/p>\n<p class=\"article-content article-content-width !bg-background\">Kommenteissa kovaa kannatusta saa my\u00f6s kuva 2, jossa is\u00e4 on altaassa rintaansa my\u00f6ten ja on nostanut suu auki nauravan Milenan k\u00e4siss\u00e4\u00e4n yl\u00f6s.<\/p>\n<p class=\"article-content article-content-width !bg-background\">Milenalla on yll\u00e4\u00e4n pieni, vaaleanpunainen yksiosainen uima-asu, vaippap\u00f6ksyt, my\u00f6s niskan peitt\u00e4v\u00e4 lippis ja aurinkolasit.<\/p>\n<p>        <a itemprop=\"url\" href=\"https:\/\/www.seiska.fi\/kotimaa\/ilona-siekkinen-ensimmainen-onnellinen-aitienpaiva\/2149004\" rel=\"nofollow noopener\" target=\"_blank\"><\/p>\n<p>\nIlona Siekkinen:\n<\/p>\n<p class=\"section-date\">\n        <strong class=\"article-section\" data-section=\"kotimaa\"><br \/>\n            kotimaa<br \/>\n        <\/strong><br \/>\n        11.5. 12:30\n    <\/p>\n<p>Ilona Siekkinen: Ensimm\u00e4inen onnellinen \u00e4itienp\u00e4iv\u00e4\n    <\/p>\n<p itemprop=\"description\" class=\"subtitle \">\n    Ilona Siekkisen matka \u00e4idiksi on ollut poikkeuksellisen raskas.\n<\/p>\n<p>        <\/a><\/p>\n<p class=\"article-content article-content-width !bg-background\">Surullisesti pari menetti esikoispoikansa  vuonna 2024 p\u00e4iv\u00e4n ik\u00e4isen\u00e4.<\/p>\n<p class=\"article-content article-content-width !bg-background\">Milenan vauvavuosi ei ole j\u00e4\u00e4m\u00e4ss\u00e4 parin viimeiseksi, sill\u00e4 Ilona on parhaillaan raskaana. Uuden pienokaisen laskettu aika on elokuussa.\u00a0<\/p>\n","protected":false},"excerpt":{"rendered":"ATTE KAJOVA N\u00e4ytt\u00e4v\u00e4n wellness-parin kuopus Milena t\u00e4ytt\u00e4\u00e4 vuoden. Fitnessvaikuttajat ja h\u00e4nen valmentajamiehens\u00e4 viett\u00e4v\u00e4t viimeisi\u00e4 p\u00e4ivi\u00e4 vauvavuottaan. N\u00e4in ainakin&hellip;\n","protected":false},"author":2,"featured_media":269081,"comment_status":"","ping_status":"","sticky":false,"template":"","format":"standard","meta":{"footnotes":"","_share_on_mastodon":"0"},"categories":[136],"tags":[1177,407,137,1819,33,31,30,12365,7184,408,6383,99,12366,36530,98,36529,32199,32,3489,102,1461,14386,32172,27870,109],"class_list":["post-269080","post","type-post","status-publish","format-standard","has-post-thumbnail","category-julkkikset","tag-aiti","tag-celebrities","tag-entertainment","tag-espanja","tag-fi","tag-finland","tag-finnish","tag-ilona-siekkinen","tag-isa","tag-julkkikset","tag-kuvat","tag-lapset","tag-mikko-niiranen","tag-milena","tag-perhe","tag-perheenlisaysta","tag-somekuvat","tag-suomi","tag-tytar","tag-vanhemmat","tag-vauva","tag-vauvakuva","tag-vauvakuvat","tag-vauvavuosi","tag-viihde"],"share_on_mastodon":{"url":"https:\/\/pubeurope.com\/@fi\/116704354190896004","error":""},"_links":{"self":[{"href":"https:\/\/www.europesays.com\/fi\/wp-json\/wp\/v2\/posts\/269080","targetHints":{"allow":["GET"]}}],"collection":[{"href":"https:\/\/www.europesays.com\/fi\/wp-json\/wp\/v2\/posts"}],"about":[{"href":"https:\/\/www.europesays.com\/fi\/wp-json\/wp\/v2\/types\/post"}],"author":[{"embeddable":true,"href":"https:\/\/www.europesays.com\/fi\/wp-json\/wp\/v2\/users\/2"}],"replies":[{"embeddable":true,"href":"https:\/\/www.europesays.com\/fi\/wp-json\/wp\/v2\/comments?post=269080"}],"version-history":[{"count":0,"href":"https:\/\/www.europesays.com\/fi\/wp-json\/wp\/v2\/posts\/269080\/revisions"}],"wp:featuredmedia":[{"embeddable":true,"href":"https:\/\/www.europesays.com\/fi\/wp-json\/wp\/v2\/media\/269081"}],"wp:attachment":[{"href":"https:\/\/www.europesays.com\/fi\/wp-json\/wp\/v2\/media?parent=269080"}],"wp:term":[{"taxonomy":"category","embeddable":true,"href":"https:\/\/www.europesays.com\/fi\/wp-json\/wp\/v2\/categories?post=269080"},{"taxonomy":"post_tag","embeddable":true,"href":"https:\/\/www.europesays.com\/fi\/wp-json\/wp\/v2\/tags?post=269080"}],"curies":[{"name":"wp","href":"https:\/\/api.w.org\/{rel}","templated":true}]}}