{"id":269176,"date":"2026-06-06T19:38:28","date_gmt":"2026-06-06T19:38:28","guid":{"rendered":"https:\/\/www.europesays.com\/fi\/269176\/"},"modified":"2026-06-06T19:38:28","modified_gmt":"2026-06-06T19:38:28","slug":"internet-yhteydet-vietnamista-kansainvalisiin-kohteisiin-palautettiin-taysin-lokakuussa","status":"publish","type":"post","link":"https:\/\/www.europesays.com\/fi\/269176\/","title":{"rendered":"Internet-yhteydet Vietnamista kansainv\u00e4lisiin kohteisiin palautettiin t\u00e4ysin lokakuussa."},"content":{"rendered":"<p>[mainos_1]<\/p>\n<p> <strong>Kahdessa kansainv\u00e4lisess\u00e4 merenalaisessa valokuitukaapelissa on ongelmia.<\/strong><\/p>\n<p> Kahden Hongkongiin (Kiina) ja Singaporeen yhdist\u00e4v\u00e4n maanp\u00e4\u00e4llisen kaapelin lis\u00e4ksi, joiden kokonaiskapasiteetti on 5 Tbps, Vietnamin kansainv\u00e4linen internetyhteys kulkee t\u00e4ll\u00e4 hetkell\u00e4 viiden kansainv\u00e4lisen merenalaisen valokuitukaapelin kautta, joiden k\u00e4yt\u00f6ss\u00e4 oleva kokonaiskapasiteetti on yli 20 Tbps ja k\u00e4ytett\u00e4viss\u00e4 oleva kokonaiskapasiteetti 34 Tbps. N\u00e4ihin kaapeleihin kuuluvat Asia America Gateway (AAG), APG (Asia Pacific Gateway), SMW3 (tunnetaan my\u00f6s nimell\u00e4 SEA-ME-WE3), Intra Asia (IA) ja Asia-Africa-Euro 1 (AAE-1).<\/p>\n<p> T\u00e4n\u00e4 vuonna maaliskuun 15., toukokuuta 23. ja kes\u00e4kuuta 13. kolmessa viidest\u00e4 vietnamilaisten verkko-operaattoreiden operoimasta kansainv\u00e4lisest\u00e4 merenalaisesta valokuitukaapelista ilmeni toimintah\u00e4iri\u00f6it\u00e4, jotka aiheuttivat palvelukatkoksia kyseisill\u00e4 reiteill\u00e4.<\/p>\n<p> Tarkemmin sanottuna APG-kaapelissa oli ongelmia nelj\u00e4ss\u00e4 haarassa: S1.9, S3, S8 ja S9; AAE-1-kaapelissa oli vikoja kahdessa haarassa: S1H3 ja S1H5; ja IA-merikaapelin kahdessa haarassa, S1:ss\u00e4 ja S5:ss\u00e4, oli ongelmia.<\/p>\n<p> Viime aikoina kolmessa viidest\u00e4 merenalaisesta valokuitukaapelista on ollut ongelmia, ja verkko-operaattorit ovat ottaneet k\u00e4ytt\u00f6\u00f6n suunnitelmia kapasiteetin uudelleenreititt\u00e4miseksi muille kaapelireiteille varmistaakseen asiakkaiden palvelun laadun. Jotkut FTTH-valokuituyhteyden k\u00e4ytt\u00e4j\u00e4t ovat kuitenkin kokeneet hitaita kansainv\u00e4lisi\u00e4 yhteyksi\u00e4 ruuhka-aikoina.<\/p>\n<p> Vietnamilaisen internet-palveluntarjoajan (ISP) edustaja jakoi VietNamNetin toimittajille 2. lokakuuta p\u00e4ivityksen edell\u00e4 mainittujen kolmen kansainv\u00e4lisen merenalaisen valokuitukaapelin korjauksesta ja vianetsinn\u00e4st\u00e4.<\/p>\n<p> Internet-palveluntarjoajan edustajan mukaan IA:n merenalainen valokuitukaapeli on nyt t\u00e4ysin palautettu yhteyskykyyns\u00e4. Merenalaisen kaapelin S1- ja S5-haarojen katkokset korjattiin hein\u00e4kuun puoliv\u00e4liss\u00e4 ja syyskuun lopulla.<\/p>\n<p> APG:n sukellusvenekuitukaapelin kautta tapahtuneen yhteyden my\u00f6t\u00e4 S3-, S8- ja S9-kaapelihaarojen ongelmat ratkesivat toukokuun alusta elokuun loppuun. T\u00e4ll\u00e4 hetkell\u00e4 ainoastaan \u200b\u200bS1.9-kaapelihaaraa korjataan edelleen Malesian laskeutumisaseman l\u00e4hell\u00e4, ja sen odotetaan valmistuvan lokakuun ensimm\u00e4isell\u00e4 viikolla.<\/p>\n<p>Saatat my\u00f6s pit\u00e4\u00e4 t\u00e4st\u00e4<\/p>\n<p><a href=\"https:\/\/www.vietnam.vn\/fi\/lien-hoan-phim-ngan-tp-hcm-lan-ii-mo-co-hoi-cho-tai-nang-dien-anh-tre\" style=\"flex-shrink:0\" rel=\"nofollow noopener\" target=\"_blank\"><img alt=\"Ho Chi Minh Cityn 2. lyhytelokuvafestivaali avaa mahdollisuuksia nuorille elokuvantekij\u00f6ille.\" loading=\"lazy\" width=\"192\" height=\"108\" decoding=\"async\" data-nimg=\"1\" style=\"color:transparent;object-fit:cover;border-radius:4px;display:block\" src=\"https:\/\/www.europesays.com\/fi\/wp-content\/uploads\/2026\/06\/1780761867971_h5-178075957341042113033-234-0-1574-2560-crop-1780760218372356535391.jpeg\"\/><\/a><\/p>\n<p> Samoin kuin APG:ll\u00e4, osa AAE-1-sukelluskuitukaapelin kansainv\u00e4lisen internetyhteyden kapasiteetista on palautettu S1H3-haaran korjauksen j\u00e4lkeen Hongkongin (Kiina) suuntaan 23. syyskuuta. Suunnitelman mukaan kaapelin S1H5-haaran s\u00e4hk\u00f6vuotoa ei kuitenkaan korjata ennen 26. lokakuuta.<\/p>\n<p> Siksi \u00e4skett\u00e4in asennettujen merenalaisten valokuitukaapeleiden korjauksen edistymisen perusteella odotetaan, ett\u00e4 Vietnamin kansainv\u00e4lisen internetyhteyden koko kapasiteetti palautetaan t\u00e4ysin lokakuussa 2024.<\/p>\n<p> <strong>Vietnamin nostaminen alueen johtavaksi kansainv\u00e4listen valokuitukaapeleiden toimittajaksi.<\/strong><\/p>\n<p> Televiestint\u00e4ministeri\u00f6n ( <a class=\"data-link\" data-org-href=\"https:\/\/www.vietnam.vn\/authors\/mic-gov-vn\" href=\"https:\/\/www.vietnam.vn\/authors\/mic-gov-vn\" title=\"Tiedotus- ja viestint\u00e4ministeri\u00f6\" target=\"_blank\" rel=\"nofollow noopener\">tiedotus- ja viestint\u00e4ministeri\u00f6<\/a> ) tilastot osoittavat, ett\u00e4 Vietnamin internet-palveluntarjoajat kohtaavat keskim\u00e4\u00e4rin noin 15 merenalaisten valokuitukaapeleiden onnettomuutta vuodessa. Ennen vuotta 2022 korjausaika oli noin 1\u20132 kuukautta onnettomuutta kohden, ja vuoden 2022 j\u00e4lkeen se oli 1\u20133 kuukautta onnettomuutta kohden.<\/p>\n<p> T\u00e4m\u00e4n seurauksena Vietnamilla oli aika, jolloin kaikissa viidess\u00e4 aktiivisessa merenalaisessa valokuitukaapelissaan oli ongelmia, mink\u00e4 seurauksena noin 60 % kansainv\u00e4lisist\u00e4 internetyhteyksist\u00e4 katkesi l\u00e4hes kahdeksi kuukaudeksi.<\/p>\n<p> Tiedostus- ja viestint\u00e4ministeri\u00f6 tunnusti kansainv\u00e4lisen merenalaisen valokuitukaapelij\u00e4rjestelm\u00e4n olevan edelleen ratkaisevan t\u00e4rke\u00e4 infrastruktuuri, joka vaatii kohdennettuja investointeja ja laajentamista tulevaisuudessa, ja Vietnamin todellisuuden perusteella se julkaisi 14. kes\u00e4kuuta &#8221;Vietnamin kansainv\u00e4lisen valokuitukaapelij\u00e4rjestelm\u00e4n kehitt\u00e4misstrategian vuoteen 2030 ja vision vuoteen 2035&#8221;.<\/p>\n<p> Vietnamin sijoittamiseksi alueen johtavien maiden joukkoon kansainv\u00e4lisiss\u00e4 valokuitukaapelij\u00e4rjestelmiss\u00e4 strategiassa esitet\u00e4\u00e4n useita erityistavoitteita, mukaan lukien v\u00e4hint\u00e4\u00e4n 10 uuden, nykyaikaisella teknologialla varustetun merenalaisen valokuitukaapelin k\u00e4ytt\u00f6\u00f6notto, Vietnamin merenalaisten valokuitukaapelien kokonaism\u00e4\u00e4r\u00e4n nostaminen v\u00e4hint\u00e4\u00e4n 15:een, joiden v\u00e4himm\u00e4iskapasiteetti on 350 Tbps, mik\u00e4 on noin 10 kertaa nykyinen kapasiteetti; sek\u00e4 v\u00e4hint\u00e4\u00e4n kahden Vietnamin omistuksessa olevan merenalaisen valokuitukaapelin omistaminen, jotka on kytketty suoraan alueen digitaalisiin keskuksiin. <\/p>\n<p><img decoding=\"async\" style=\"cursor:pointer\" src=\"https:\/\/vstatic.vietnam.vn\/vietnam\/resource\/IMAGE\/2025\/1\/20\/100f19f19194488d83a4ad001b58a130\" class=\"lazy \" data-=\"\" alt=\"W-quan-tri-internet-1-1-1.jpg\" data-thumb-small-src=\"https:\/\/cdn.vietnam.vn\/wp-content\/uploads\/2024\/10\/Ket-noi-Internet-tu-Viet-Nam-di-quoc-te-khoi.jpg\"\/> Tiedotus- ja viestint\u00e4ministeri\u00f6n kes\u00e4kuussa 2024 julkaiseman strategian mukaan valtionyhti\u00f6t ottavat johtavan roolin kansainv\u00e4listen valokuitukaapeleiden k\u00e4ytt\u00f6\u00f6notossa. (Havainnollistava kuva: MH)<\/p>\n<p>Saatat my\u00f6s pit\u00e4\u00e4 t\u00e4st\u00e4<\/p>\n<p><a href=\"https:\/\/www.vietnam.vn\/fi\/chu-dong-cac-bien-phap-dam-bao-thong-suot-mang-vien-thong-ngay-tet\" style=\"flex-shrink:0\" rel=\"nofollow noopener\" target=\"_blank\"><img alt=\"Ennakoivat toimenpiteet tietoliikenneverkon sujuvan toiminnan varmistamiseksi Tet-loman aikana.\" loading=\"lazy\" width=\"192\" height=\"108\" decoding=\"async\" data-nimg=\"1\" style=\"color:transparent;object-fit:cover;border-radius:4px;display:block\" src=\"https:\/\/www.europesays.com\/fi\/wp-content\/uploads\/2026\/06\/1769702623997_nha-cuc-vien-thong.jpeg\"\/><\/a><\/p>\n<p> Lis\u00e4ksi sen sijaan, ett\u00e4 kaikki kaapelit kytkett\u00e4isiin it\u00e4\u00e4n kuten nyt, Vietnamin merenalainen valokuitukaapelij\u00e4rjestelm\u00e4 otetaan k\u00e4ytt\u00f6\u00f6n harmonisesti kaikkiin teknisesti mahdollisiin suuntiin seuraavan 10 vuoden aikana, kuten yhdist\u00e4m\u00e4ll\u00e4 It\u00e4mereen pohjoisessa, It\u00e4merelle etel\u00e4ss\u00e4 ja etel\u00e4iselle merialueelle.<\/p>\n<p> Vietnamin internet-yhdistyksen varapuheenjohtaja ja p\u00e4\u00e4sihteeri Vu The Binh arvosti VietNamNetin haastattelussa kansainv\u00e4lisen valokuitukaapelij\u00e4rjestelm\u00e4n kehitt\u00e4misstrategian julkistamisen aikaan eritt\u00e4in paljon tieto- ja viestint\u00e4ministeri\u00f6n julkaisemaa strategiaa ja kommentoi, ett\u00e4 strategiassa esitet\u00e4\u00e4n Vietnamin kansainv\u00e4lisen valokuitukaapelij\u00e4rjestelm\u00e4n visio, tarkoitus, tavoitteet ja joitakin konkreettisia ratkaisuja seuraavien 5\u201310 vuoden aikana.<\/p>\n<p> \u201dStrategian sis\u00e4lt\u00f6 on arvokas tietol\u00e4hde monikansallisille yrityksille, suurille kotimaisille ja alueellisille televiestint\u00e4yrityksille sek\u00e4 muille Vietnamin internet-ekosysteemin toimijoille. Ja aivan kuten moottoritieverkoston, rakentaminen on eritt\u00e4in kallista ja aikaa viev\u00e4\u00e4, joten strategian laatiminen auttaa ohjaamaan toteutusta\u201d, VIA:n edustaja totesi. <\/p>\n<tr>\n<td style=\"width: 98.1267%; text-align: left;\"> Televiestint\u00e4viranomaisen mukaan kahden uuden vietnamilaisrahoitteisen merenalaisen valokuitukaapelin, SJC2:n ja ADC:n, odotetaan olevan toiminnassa vuoden 2025 ensimm\u00e4isell\u00e4 nelj\u00e4nneksell\u00e4. Lis\u00e4ksi Vietnamin kokonaan omistaman merenalaisen valokuitukaapelin k\u00e4ytt\u00f6\u00f6nottoa valmistellaan parhaillaan. <\/td>\n<\/tr>\n<p><img decoding=\"async\" style=\"cursor:pointer\" src=\"https:\/\/www.europesays.com\/fi\/wp-content\/uploads\/2026\/06\/d07fed6333424ec8929bd91acf4cb660.jpeg\" class=\"lazy \" data-=\"\" alt=\"\"\/><\/p>\n<p> Vietnamiin tulee 10 uutta merenalaista valokuitukaapelia, joiden kokonaiskapasiteetti on yli 10 kertaa suurempi . Vietnamin kansainv\u00e4lisen valokuitukaapelij\u00e4rjestelm\u00e4n kehitysstrategian tavoitteena on ottaa k\u00e4ytt\u00f6\u00f6n v\u00e4hint\u00e4\u00e4n 10 uutta merenalaista valokuitukaapelia vuoteen 2030 menness\u00e4, jolloin merenalaisten valokuitukaapeleiden kokonaism\u00e4\u00e4r\u00e4 Vietnamissa on v\u00e4hint\u00e4\u00e4n 15. <\/p>\n<p> [mainos_2]<br \/> <a>L\u00e4hde:<\/a> https:\/\/vietnamnet.vn\/ket-noi-internet-tu-viet-nam-di-quoc-te-khoi-phuc-hoan-toan-trong-thang-10-2328040.html<\/p>\n","protected":false},"excerpt":{"rendered":"[mainos_1] Kahdessa kansainv\u00e4lisess\u00e4 merenalaisessa valokuitukaapelissa on ongelmia. Kahden Hongkongiin (Kiina) ja Singaporeen yhdist\u00e4v\u00e4n maanp\u00e4\u00e4llisen kaapelin lis\u00e4ksi, joiden kokonaiskapasiteetti&hellip;\n","protected":false},"author":2,"featured_media":269177,"comment_status":"","ping_status":"","sticky":false,"template":"","format":"standard","meta":{"footnotes":"","_share_on_mastodon":"0"},"categories":[87],"tags":[36558,33,31,30,36565,148,2011,36557,36562,36564,36559,32,91,92,36331,36561,36563,36452,36423,36560],"class_list":["post-269176","post","type-post","status-publish","format-standard","has-post-thumbnail","category-internet","tag-cmc","tag-fi","tag-finland","tag-finnish","tag-fpt","tag-internet","tag-internet-yhteys","tag-kansainvalisen-valokuitukaapelijarjestelman-kehitysstrategia","tag-merenalainen-valokuitukaapeli","tag-merikaapeli-rikki","tag-netnam","tag-suomi","tag-technology","tag-teknologia","tag-televiestintaosasto","tag-tiedotus-ja-viestintaministerio","tag-valokuitukaapelijarjestelma","tag-vietnamin-internet","tag-viettel","tag-vnpt"],"share_on_mastodon":{"url":"https:\/\/pubeurope.com\/@fi\/116704858067356783","error":""},"_links":{"self":[{"href":"https:\/\/www.europesays.com\/fi\/wp-json\/wp\/v2\/posts\/269176","targetHints":{"allow":["GET"]}}],"collection":[{"href":"https:\/\/www.europesays.com\/fi\/wp-json\/wp\/v2\/posts"}],"about":[{"href":"https:\/\/www.europesays.com\/fi\/wp-json\/wp\/v2\/types\/post"}],"author":[{"embeddable":true,"href":"https:\/\/www.europesays.com\/fi\/wp-json\/wp\/v2\/users\/2"}],"replies":[{"embeddable":true,"href":"https:\/\/www.europesays.com\/fi\/wp-json\/wp\/v2\/comments?post=269176"}],"version-history":[{"count":0,"href":"https:\/\/www.europesays.com\/fi\/wp-json\/wp\/v2\/posts\/269176\/revisions"}],"wp:featuredmedia":[{"embeddable":true,"href":"https:\/\/www.europesays.com\/fi\/wp-json\/wp\/v2\/media\/269177"}],"wp:attachment":[{"href":"https:\/\/www.europesays.com\/fi\/wp-json\/wp\/v2\/media?parent=269176"}],"wp:term":[{"taxonomy":"category","embeddable":true,"href":"https:\/\/www.europesays.com\/fi\/wp-json\/wp\/v2\/categories?post=269176"},{"taxonomy":"post_tag","embeddable":true,"href":"https:\/\/www.europesays.com\/fi\/wp-json\/wp\/v2\/tags?post=269176"}],"curies":[{"name":"wp","href":"https:\/\/api.w.org\/{rel}","templated":true}]}}