{"id":2692,"date":"2025-08-12T04:41:20","date_gmt":"2025-08-12T04:41:20","guid":{"rendered":"https:\/\/www.europesays.com\/fi\/2692\/"},"modified":"2025-08-12T04:41:20","modified_gmt":"2025-08-12T04:41:20","slug":"hayao-miyazakin-vuoden-1997-klassikko-palaa-finnkinon-teattereihin-4k-versiona","status":"publish","type":"post","link":"https:\/\/www.europesays.com\/fi\/2692\/","title":{"rendered":"Hayao Miyazakin vuoden 1997 klassikko palaa Finnkinon teattereihin 4K-versiona"},"content":{"rendered":"<p>\n    <a href=\"https:\/\/www.europesays.com\/fi\/wp-content\/uploads\/2025\/08\/prinsessa-mononoke.jpg\"><img fetchpriority=\"high\" decoding=\"async\" aria-describedby=\"caption-attachment-884197\" class=\"size-full wp-image-884197 awpo-lazy\" alt=\"Prinsessa Mononoke\" width=\"1280\" height=\"1829\"  data- src=\"https:\/\/www.europesays.com\/fi\/wp-content\/uploads\/2025\/08\/prinsessa-mononoke.jpg\"\/><\/a><\/p>\n<p id=\"caption-attachment-884197\" class=\"wp-caption-text\">Kuva: Cinema Mondo<\/p>\n<p><strong>Hayao Miyazakin viiden t\u00e4hden fantasiaseikkailu Mononoke Hime ja Prinsessa Mononoke palaa hetkeksi Finnkinon teattereiden valkokankaille.<\/strong><\/p>\n<p>Finnkino esitt\u00e4\u00e4 29. elokuuta Prinsessa Mononokesta 4K-restauroidun version Studio Ghiblin 40-vuotisjuhlan kunniaksi.<\/p>\n<p>Liput ovat jo ehtineet myyntiin.<\/p>\n<p>Juonikuvaus kuuluu seuraavasti:<\/p>\n<p>\u201dMuinainen Japani. Jousen ja miekan taitaja prinssi Ashitaka ratsastaa kaukaiseen it\u00e4\u00e4n etsim\u00e4\u00e4n parannusta villisikajumalan langettamaan kiroukseen. Ashitaka joutuu keskelle mets\u00e4n el\u00e4inten ja rautaa takovan Tataraban klaanin taistelujen kurimusta. Raudan takojat kaatavat mets\u00e4\u00e4, joka riutuu hyv\u00e4ksik\u00e4ytt\u00e4jien kynsiss\u00e4. Ashitaka kohtaa sotatantereella susien kasvattaman prinsessa Mononoken, joka johtaa mets\u00e4n el\u00e4inten laumoja hy\u00f6kk\u00e4ykseen.\u201d<\/p>\n<p>Elokuvan ik\u00e4raja on K12 ja sill\u00e4 on pituutta 128 minuuttia.<\/p>\n<p>Mik\u00e4li Prinsessa Mononoken haluaa katsoa kotona, l\u00f6ytyy elokuva suoratoistona edelleen Netflixist\u00e4.<\/p>\n","protected":false},"excerpt":{"rendered":"Kuva: Cinema Mondo Hayao Miyazakin viiden t\u00e4hden fantasiaseikkailu Mononoke Hime ja Prinsessa Mononoke palaa hetkeksi Finnkinon teattereiden valkokankaille.&hellip;\n","protected":false},"author":2,"featured_media":2693,"comment_status":"","ping_status":"","sticky":false,"template":"","format":"standard","meta":{"footnotes":""},"categories":[131],"tags":[155,137,33,173,31,30,1948,172,1949,32,109],"class_list":{"0":"post-2692","1":"post","2":"type-post","3":"status-publish","4":"format-standard","5":"has-post-thumbnail","7":"category-elokuvat","8":"tag-elokuvat","9":"tag-entertainment","10":"tag-fi","11":"tag-film","12":"tag-finland","13":"tag-finnish","14":"tag-hayao-miyazaki","15":"tag-movies","16":"tag-studio-ghibli","17":"tag-suomi","18":"tag-viihde"},"share_on_mastodon":{"url":"","error":""},"_links":{"self":[{"href":"https:\/\/www.europesays.com\/fi\/wp-json\/wp\/v2\/posts\/2692","targetHints":{"allow":["GET"]}}],"collection":[{"href":"https:\/\/www.europesays.com\/fi\/wp-json\/wp\/v2\/posts"}],"about":[{"href":"https:\/\/www.europesays.com\/fi\/wp-json\/wp\/v2\/types\/post"}],"author":[{"embeddable":true,"href":"https:\/\/www.europesays.com\/fi\/wp-json\/wp\/v2\/users\/2"}],"replies":[{"embeddable":true,"href":"https:\/\/www.europesays.com\/fi\/wp-json\/wp\/v2\/comments?post=2692"}],"version-history":[{"count":0,"href":"https:\/\/www.europesays.com\/fi\/wp-json\/wp\/v2\/posts\/2692\/revisions"}],"wp:featuredmedia":[{"embeddable":true,"href":"https:\/\/www.europesays.com\/fi\/wp-json\/wp\/v2\/media\/2693"}],"wp:attachment":[{"href":"https:\/\/www.europesays.com\/fi\/wp-json\/wp\/v2\/media?parent=2692"}],"wp:term":[{"taxonomy":"category","embeddable":true,"href":"https:\/\/www.europesays.com\/fi\/wp-json\/wp\/v2\/categories?post=2692"},{"taxonomy":"post_tag","embeddable":true,"href":"https:\/\/www.europesays.com\/fi\/wp-json\/wp\/v2\/tags?post=2692"}],"curies":[{"name":"wp","href":"https:\/\/api.w.org\/{rel}","templated":true}]}}