{"id":26961,"date":"2025-09-06T03:31:09","date_gmt":"2025-09-06T03:31:09","guid":{"rendered":"https:\/\/www.europesays.com\/fi\/26961\/"},"modified":"2025-09-06T03:31:09","modified_gmt":"2025-09-06T03:31:09","slug":"leonardo-da-vinci-dokumenttisarja-perehtyy-renenssanssineroon","status":"publish","type":"post","link":"https:\/\/www.europesays.com\/fi\/26961\/","title":{"rendered":"Leonardo da Vinci -dokumenttisarja perehtyy renenssanssineroon"},"content":{"rendered":"<p>\n  Leonardo da Vinci -sarja on sek\u00e4 oivallista taidehistoriaa ett\u00e4 mietitty poikkeusyksil\u00f6n henkil\u00f6kuva.<\/p>\n<p><strong>Ken Burns<\/strong> (s. 1953) on yhdysvaltalaisista tv-dokumentaristeista tunnetuimpia ja my\u00f6s tuotannoltaan runsaimpia. Burns on tehnyt tv-dokumenttisarjoja p\u00e4\u00e4asiassa Yhdysvaltojen historiasta ja kulttuurista, ja useimmat niist\u00e4 on n\u00e4hty meill\u00e4kin, viimeksi uusintana hieno sarja biisoneista. Nyt Burns on tytt\u00e4rens\u00e4 <strong>Sarahin <\/strong>sek\u00e4 <strong>David McMahonin<\/strong> kanssa l\u00e4htenyt kuitenkin avarampiin maisemiin.<\/p>\n<p>H\u00e4nen uusin ty\u00f6ns\u00e4 on dokumenttisarja italialaisesta renessanssinerosta <strong>Leonardo da Vincist\u00e4<\/strong>, jota yhdisti Burnsiin hellitt\u00e4m\u00e4t\u00f6n uteliaisuus maailmaa ja ihmisi\u00e4 kohtaan.\u00a0 Sarjan aloitus perkaa auki nuoren Leonardon suhdetta luontoon ja h\u00e4nen uskomatonta laaja-alaisuuttaan taiteilijana ja keksij\u00e4n\u00e4. Vuonna 1452 Vincin kyl\u00e4ss\u00e4 notaarin aviottomana poikana syntynyt Leonardo oli paitsi aito renessanssin lapsi, my\u00f6s aikaansa edell\u00e4 monessakin mieless\u00e4.\u00a0<\/p>\n<p>El\u00e4m\u00e4kerturit, taidehistorisoitsijat sek\u00e4 muun muassa elokuvaohjaaja<strong> Guillermo del Toro <\/strong>ja kirjailija <strong>Adam Gopnik<\/strong> avaavat Leonardon historiaa ja n\u00e4kemyksi\u00e4 tavalla, joka todella havainnollistaa h\u00e4nen taidettaan ja ajatusmaailmaansa.\u00a0<\/p>\n<p>Burns on onnistunut j\u00e4lleen kerran. Leonardo da Vinci -sarja on sek\u00e4 oivallista taidehistoriaa ett\u00e4 mietitty poikkeusyksil\u00f6n henkil\u00f6kuva.<\/p>\n<p>Leonardo da Vinci, perjantai 5.9. klo 22.15, <a href=\"https:\/\/areena.yle.fi\/1-72832443\" target=\"_blank\" rel=\"noreferrer noopener nofollow\">Teema &amp; Fem<\/a><\/p>\n<p><a href=\"https:\/\/seura.fi\/ilmiot\/tiede-ja-luonto\/tasta-syysta-mona-lisa-ilmio-onkin-pelkka-myytti\/\" rel=\"nofollow noopener\" target=\"_blank\">Lue my\u00f6s: Mona Lisalla on maailman salaper\u00e4isin katse \u2013 T\u00e4st\u00e4 syyst\u00e4 tauluun liittyv\u00e4 ilmi\u00f6 onkin pelkk\u00e4 myytti<\/a><\/p>\n","protected":false},"excerpt":{"rendered":"Leonardo da Vinci -sarja on sek\u00e4 oivallista taidehistoriaa ett\u00e4 mietitty poikkeusyksil\u00f6n henkil\u00f6kuva. Ken Burns (s. 1953) on yhdysvaltalaisista&hellip;\n","protected":false},"author":2,"featured_media":26962,"comment_status":"","ping_status":"","sticky":false,"template":"","format":"standard","meta":{"footnotes":""},"categories":[130],"tags":[4416,137,33,31,30,1433,8493,32,397,109],"class_list":{"0":"post-26961","1":"post","2":"type-post","3":"status-publish","4":"format-standard","5":"has-post-thumbnail","7":"category-viihde","8":"tag-dokumenttisarja","9":"tag-entertainment","10":"tag-fi","11":"tag-finland","12":"tag-finnish","13":"tag-historia","14":"tag-ken-burns","15":"tag-suomi","16":"tag-taide","17":"tag-viihde"},"share_on_mastodon":{"url":"","error":""},"_links":{"self":[{"href":"https:\/\/www.europesays.com\/fi\/wp-json\/wp\/v2\/posts\/26961","targetHints":{"allow":["GET"]}}],"collection":[{"href":"https:\/\/www.europesays.com\/fi\/wp-json\/wp\/v2\/posts"}],"about":[{"href":"https:\/\/www.europesays.com\/fi\/wp-json\/wp\/v2\/types\/post"}],"author":[{"embeddable":true,"href":"https:\/\/www.europesays.com\/fi\/wp-json\/wp\/v2\/users\/2"}],"replies":[{"embeddable":true,"href":"https:\/\/www.europesays.com\/fi\/wp-json\/wp\/v2\/comments?post=26961"}],"version-history":[{"count":0,"href":"https:\/\/www.europesays.com\/fi\/wp-json\/wp\/v2\/posts\/26961\/revisions"}],"wp:featuredmedia":[{"embeddable":true,"href":"https:\/\/www.europesays.com\/fi\/wp-json\/wp\/v2\/media\/26962"}],"wp:attachment":[{"href":"https:\/\/www.europesays.com\/fi\/wp-json\/wp\/v2\/media?parent=26961"}],"wp:term":[{"taxonomy":"category","embeddable":true,"href":"https:\/\/www.europesays.com\/fi\/wp-json\/wp\/v2\/categories?post=26961"},{"taxonomy":"post_tag","embeddable":true,"href":"https:\/\/www.europesays.com\/fi\/wp-json\/wp\/v2\/tags?post=26961"}],"curies":[{"name":"wp","href":"https:\/\/api.w.org\/{rel}","templated":true}]}}