{"id":26963,"date":"2025-09-06T03:34:17","date_gmt":"2025-09-06T03:34:17","guid":{"rendered":"https:\/\/www.europesays.com\/fi\/26963\/"},"modified":"2025-09-06T03:34:17","modified_gmt":"2025-09-06T03:34:17","slug":"metsahallitus-ei-loytanyt-toteuttajaa-kahdelle-merituulivoimapuistolleen-markkinatilanne-on-haastava-kotimaa","status":"publish","type":"post","link":"https:\/\/www.europesays.com\/fi\/26963\/","title":{"rendered":"Mets\u00e4hallitus ei l\u00f6yt\u00e4nyt toteuttajaa kahdelle merituulivoimapuistolleen: \u201dmarkkinatilanne on haastava\u201d | Kotimaa"},"content":{"rendered":"<p class=\"sc-jYczwO sc-dNFkOE frIBdZ edVjwg yle__article__paragraph\">Pyh\u00e4joki\u2013Raahe-alueelle kaavailtu Ebba ja N\u00e4rpi\u00f6\u00f6n suunniteltu Edith kiinnostivat Suomessa ja maailmalla, mutta neuvotteluissa ei p\u00e4\u00e4sty sopimukseen.<\/p>\n<p><img decoding=\"async\" alt=\"Merituulivoimaloita Porin edustalla, Tahkoluodossa.\" src=\"https:\/\/www.europesays.com\/fi\/wp-content\/uploads\/2025\/09\/39-1376365672c879f96a31.jpeg\" class=\"sc-dntSTA iywpZY\"\/><\/p>\n<p>Avaa kuvien katselu<\/p>\n<p>T\u00e4ll\u00e4 hetkell\u00e4 Suomessa vain Porin Tahkoluodolla on t\u00e4ysin merelle rakennettu tuulivoimapuisto. Kuva: Esa Syv\u00e4kuru \/ Yle<\/p>\n<p>4.9. 19:02\u2022P\u00e4ivitetty 4.9. 23:33<\/p>\n<p class=\"sc-jYczwO sc-ciCoXh frIBdZ cPdSqu yle__article__paragraph\">Kahden ison merituulivoimahankkeen tielle on tullut hidasteita.<\/p>\n<p class=\"sc-jYczwO sc-ciCoXh frIBdZ cPdSqu yle__article__paragraph\">Mets\u00e4hallituksen Ebba- ja Edith-tuulivoimakohteisiin ei l\u00f6ytynyt toteuttajaa p\u00e4\u00e4ttyneell\u00e4 kilpailutuskierroksella.<\/p>\n<p class=\"sc-jYczwO sc-ciCoXh frIBdZ cPdSqu yle__article__paragraph\">Ebba-merituulipuistoa on kaavailtu Suomen aluevesille Pyh\u00e4joki\u2013Raahe-alueelle ja Edith-hanketta N\u00e4rpi\u00f6n edustalle.<\/p>\n<p class=\"sc-jYczwO sc-ciCoXh frIBdZ cPdSqu yle__article__paragraph\">Mets\u00e4hallitus avasi kilpailutuksen hankeoikeuksista ja kaupallisesta toteuksesta marraskuussa 2023. Neuvottelujakin k\u00e4ytiin, mutta sopimusta ei syntynyt. Valtionyhti\u00f6n mukaan kiinnostusta hankkeisiin oli niin kotimaassa kuin ulkomaillakin.<\/p>\n<p class=\"sc-jYczwO sc-ciCoXh frIBdZ cPdSqu yle__article__paragraph\">\u2013 Merituulivoimahankkeiden markkinatilanne on eritt\u00e4in haastava kansainv\u00e4lisesti, toteaa Mets\u00e4hallituksen kiinteist\u00f6kehityksen johtaja <strong class=\"sc-eEHciv kkmMDs yle__article__strong\">Otto Swanljung<\/strong> tiedotteessa.<\/p>\n<p class=\"sc-jYczwO sc-ciCoXh frIBdZ cPdSqu yle__article__paragraph\">Kilpailutus aiotaan avata my\u00f6hemmin uudestaan. Hankkeiden kehitt\u00e4minen ja kaavoittaminen jatkuu.<\/p>\n<p class=\"sc-jYczwO sc-ciCoXh frIBdZ cPdSqu yle__article__paragraph\">Ebba- ja Edith-tuulipuistoihin kaavaillaan kumpaankin 80\u2013100 voimalaa. Suomen aluevesille on kehitteill\u00e4 useita muitakin merituulivoimapuistoja.<\/p>\n<p class=\"sc-jYczwO sc-ciCoXh frIBdZ cPdSqu yle__article__paragraph\">Korjattu kello 23.33 Swanljungin nimi.<\/p>\n","protected":false},"excerpt":{"rendered":"Pyh\u00e4joki\u2013Raahe-alueelle kaavailtu Ebba ja N\u00e4rpi\u00f6\u00f6n suunniteltu Edith kiinnostivat Suomessa ja maailmalla, mutta neuvotteluissa ei p\u00e4\u00e4sty sopimukseen. Avaa kuvien&hellip;\n","protected":false},"author":2,"featured_media":26964,"comment_status":"","ping_status":"","sticky":false,"template":"","format":"standard","meta":{"footnotes":""},"categories":[76],"tags":[79,77,2038,33,31,30,71,1847,7841,449,728,8495,3438,32,78,2025,8229,8494],"class_list":{"0":"post-26963","1":"post","2":"type-post","3":"status-publish","4":"format-standard","5":"has-post-thumbnail","7":"category-talous","8":"tag-business","9":"tag-economy","10":"tag-energia","11":"tag-fi","12":"tag-finland","13":"tag-finnish","14":"tag-kotimaa","15":"tag-metsahallitus","16":"tag-narpio","17":"tag-pohjanmaa","18":"tag-pohjois-pohjanmaa","19":"tag-pyhajoki","20":"tag-raahe","21":"tag-suomi","22":"tag-talous","23":"tag-tuulienergia","24":"tag-uusiutuvat-energialahteet","25":"tag-valtionyhtiot"},"share_on_mastodon":{"url":"","error":""},"_links":{"self":[{"href":"https:\/\/www.europesays.com\/fi\/wp-json\/wp\/v2\/posts\/26963","targetHints":{"allow":["GET"]}}],"collection":[{"href":"https:\/\/www.europesays.com\/fi\/wp-json\/wp\/v2\/posts"}],"about":[{"href":"https:\/\/www.europesays.com\/fi\/wp-json\/wp\/v2\/types\/post"}],"author":[{"embeddable":true,"href":"https:\/\/www.europesays.com\/fi\/wp-json\/wp\/v2\/users\/2"}],"replies":[{"embeddable":true,"href":"https:\/\/www.europesays.com\/fi\/wp-json\/wp\/v2\/comments?post=26963"}],"version-history":[{"count":0,"href":"https:\/\/www.europesays.com\/fi\/wp-json\/wp\/v2\/posts\/26963\/revisions"}],"wp:featuredmedia":[{"embeddable":true,"href":"https:\/\/www.europesays.com\/fi\/wp-json\/wp\/v2\/media\/26964"}],"wp:attachment":[{"href":"https:\/\/www.europesays.com\/fi\/wp-json\/wp\/v2\/media?parent=26963"}],"wp:term":[{"taxonomy":"category","embeddable":true,"href":"https:\/\/www.europesays.com\/fi\/wp-json\/wp\/v2\/categories?post=26963"},{"taxonomy":"post_tag","embeddable":true,"href":"https:\/\/www.europesays.com\/fi\/wp-json\/wp\/v2\/tags?post=26963"}],"curies":[{"name":"wp","href":"https:\/\/api.w.org\/{rel}","templated":true}]}}