{"id":269814,"date":"2026-06-07T12:00:13","date_gmt":"2026-06-07T12:00:13","guid":{"rendered":"https:\/\/www.europesays.com\/fi\/269814\/"},"modified":"2026-06-07T12:00:13","modified_gmt":"2026-06-07T12:00:13","slug":"vapaaottelija-ville-mankinen-sai-aivoinfarktin-ottelun-jalkeisena-paivana-kertoo-seura","status":"publish","type":"post","link":"https:\/\/www.europesays.com\/fi\/269814\/","title":{"rendered":"Vapaaottelija Ville Mankinen sai aivoinfarktin ottelun j\u00e4lkeisen\u00e4 p\u00e4iv\u00e4n\u00e4, kertoo seura"},"content":{"rendered":"<p class=\"teksti\">Laitilalainen vapaaottelija Ville Mankinen sai aivoinfarktin 23. toukokuuta k\u00e4ym\u00e4ns\u00e4 ottelun j\u00e4lkeisen\u00e4 p\u00e4iv\u00e4n\u00e4, h\u00e4nen seuransa 03 Fight Team kertoi <a href=\"https:\/\/www.instagram.com\/p\/DZRz3wIMLoj\/\" target=\"_blank\" rel=\"noopener nofollow\">Instagramissa<\/a>. <\/p>\n<p class=\"teksti\">Mankinen voitti Porissa k\u00e4ydyss\u00e4 ottelussa brasilialaisen Wellyton Da Silvan.<\/p>\n<p class=\"teksti\">Taustalla on vertebralisdissekaatio eli kaulan alueen nikamavaltimon vaurio, joka on aiheuttanut aivoinfarktin. Dissekoitumassa valtimon sein\u00e4m\u00e4\u00e4n tulee repe\u00e4m\u00e4, jolloin veri p\u00e4\u00e4see sein\u00e4m\u00e4n kerrosten v\u00e4liin. <\/p>\n<p class=\"teksti\">Dissekoituma voi synty\u00e4 joko spontaanisti tai kaulan alueen vamman seurauksena.<\/p>\n<p class=\"teksti\">\u2013\u2009Toivomme kamppailuyhteis\u00f6lt\u00e4 rauhaa ja yksityisyytt\u00e4 sek\u00e4 kunnioitusta Ville\u00e4 ja h\u00e4nen l\u00e4heisi\u00e4\u00e4n kohtaan kuntoutuksen aikana, 03 Fight Team viestitti.<\/p>\n<p><script async src=\"\/\/www.instagram.com\/embed.js\"><\/script><\/p>\n","protected":false},"excerpt":{"rendered":"Laitilalainen vapaaottelija Ville Mankinen sai aivoinfarktin 23. toukokuuta k\u00e4ym\u00e4ns\u00e4 ottelun j\u00e4lkeisen\u00e4 p\u00e4iv\u00e4n\u00e4, h\u00e4nen seuransa 03 Fight Team kertoi&hellip;\n","protected":false},"author":2,"featured_media":269815,"comment_status":"","ping_status":"","sticky":false,"template":"","format":"standard","meta":{"footnotes":"","_share_on_mastodon":"0"},"categories":[158],"tags":[33,31,30,7650,28702,159,32,160,4455],"class_list":["post-269814","post","type-post","status-publish","format-standard","has-post-thumbnail","category-urheilu","tag-fi","tag-finland","tag-finnish","tag-laitila","tag-paikalliset","tag-sports","tag-suomi","tag-urheilu","tag-vapaaottelu"],"share_on_mastodon":{"url":"https:\/\/pubeurope.com\/@fi\/116708719156815913","error":""},"_links":{"self":[{"href":"https:\/\/www.europesays.com\/fi\/wp-json\/wp\/v2\/posts\/269814","targetHints":{"allow":["GET"]}}],"collection":[{"href":"https:\/\/www.europesays.com\/fi\/wp-json\/wp\/v2\/posts"}],"about":[{"href":"https:\/\/www.europesays.com\/fi\/wp-json\/wp\/v2\/types\/post"}],"author":[{"embeddable":true,"href":"https:\/\/www.europesays.com\/fi\/wp-json\/wp\/v2\/users\/2"}],"replies":[{"embeddable":true,"href":"https:\/\/www.europesays.com\/fi\/wp-json\/wp\/v2\/comments?post=269814"}],"version-history":[{"count":0,"href":"https:\/\/www.europesays.com\/fi\/wp-json\/wp\/v2\/posts\/269814\/revisions"}],"wp:featuredmedia":[{"embeddable":true,"href":"https:\/\/www.europesays.com\/fi\/wp-json\/wp\/v2\/media\/269815"}],"wp:attachment":[{"href":"https:\/\/www.europesays.com\/fi\/wp-json\/wp\/v2\/media?parent=269814"}],"wp:term":[{"taxonomy":"category","embeddable":true,"href":"https:\/\/www.europesays.com\/fi\/wp-json\/wp\/v2\/categories?post=269814"},{"taxonomy":"post_tag","embeddable":true,"href":"https:\/\/www.europesays.com\/fi\/wp-json\/wp\/v2\/tags?post=269814"}],"curies":[{"name":"wp","href":"https:\/\/api.w.org\/{rel}","templated":true}]}}