{"id":26987,"date":"2025-09-06T04:03:09","date_gmt":"2025-09-06T04:03:09","guid":{"rendered":"https:\/\/www.europesays.com\/fi\/26987\/"},"modified":"2025-09-06T04:03:09","modified_gmt":"2025-09-06T04:03:09","slug":"purran-hyvaksynta-keskisarjan-puheille-vei-hallituksen-kriisiin-yle-selvitti-kuinka-lahella-kaatumista-hallitus-oli-politiikka","status":"publish","type":"post","link":"https:\/\/www.europesays.com\/fi\/26987\/","title":{"rendered":"Purran hyv\u00e4ksynt\u00e4 Keskisarjan puheille vei hallituksen kriisiin \u2013 Yle selvitti, kuinka l\u00e4hell\u00e4 kaatumista hallitus oli | Politiikka"},"content":{"rendered":"<p class=\"sc-jYczwO sc-ciCoXh frIBdZ cPdSqu yle__article__paragraph\">Enn\u00e4tysvelka, kova ty\u00f6tt\u00f6myys ja leikkaukset j\u00e4iv\u00e4t hetkeksi sivuun, kun p\u00e4\u00e4ministeri <strong class=\"sc-eEHciv kkmMDs yle__article__strong\">Petteri Orpo<\/strong> (kok.) aloitti tiedotustilaisuuden maanantaina ennen budjettikeskusteluita.<\/p>\n<p class=\"sc-jYczwO sc-ciCoXh frIBdZ cPdSqu yle__article__paragraph\">Hallituksesta oli kadonnut luottamus. P\u00e4\u00e4ministerin teht\u00e4v\u00e4 oli etsi\u00e4 se. Maanantain ja tiistain rasismikeskustelu oli poikkeuksellinen ja kova. Hallitus k\u00e4vi kriisirajalla.<\/p>\n<p class=\"sc-jYczwO sc-ciCoXh frIBdZ cPdSqu yle__article__paragraph\">Yle selvitti useista hallitusl\u00e4hteist\u00e4, mit\u00e4 Smolnassa tapahtui.<\/p>\n<p><img decoding=\"async\" alt=\"P\u00e4\u00e4ministeri Petteri Orpo (kok.) puhuu medialle.\" src=\"https:\/\/www.europesays.com\/fi\/wp-content\/uploads\/2025\/09\/39-151535068b55238c2429.jpeg\" loading=\"lazy\" class=\"sc-dntSTA iywpZY\"\/><\/p>\n<p>Avaa kuvien katselu<\/p>\n<p>P\u00e4\u00e4ministeri Petteri Orpo (kok.) saapui vastoin odotuksia maanantaiseen tiedotustilaisuuteen yksin, ilman hallituskumppaneita. Kuva: Silja Viitala \/ Yle<\/p>\n<p>Purra teki asiasta hallituskysymyksen<\/p>\n<p class=\"sc-jYczwO sc-ciCoXh frIBdZ cPdSqu yle__article__paragraph\">Asiat alkoivat menn\u00e4 mets\u00e4\u00e4n viime viikon keskiviikkona. Perussuomalaisten varapuheenjohtaja <strong class=\"sc-eEHciv kkmMDs yle__article__strong\">Teemu Keskisarja<\/strong> sanoi Ylen A-Studion suorassa l\u00e4hetyksess\u00e4, ett\u00e4 Suomeen on tullut maahanmuuton my\u00f6t\u00e4 satoja tuhansia heikkolaatuisia tulokkaita.<\/p>\n<p class=\"sc-jYczwO sc-ciCoXh frIBdZ cPdSqu yle__article__paragraph\">\u2013 Onko joku meist\u00e4 nelj\u00e4st\u00e4 sit\u00e4 mielt\u00e4, ett\u00e4 esimerkiksi afrikkalaiset ja l\u00e4hi-it\u00e4l\u00e4iset ovat koulutuksellisesti, sivistyksellisesti ja ammatillisesti samalla tasolla kuin suomalaiset? Keskisarja sanoi l\u00e4hetyksess\u00e4.<\/p>\n<p class=\"sc-jYczwO sc-ciCoXh frIBdZ cPdSqu yle__article__paragraph\">Keskisarja my\u00f6s sanoi, ett\u00e4 Suomeen tulee yht\u00e4 ulkomaalaista kirurgia kohden sata puukottajaa.<\/p>\n<p>Perussuomalaisten puheenjohtaja Teemu Keskisarjan puheista A-Studiossa nousi julkinen poru ja hallituksessa kriisi.<\/p>\n<p class=\"sc-jYczwO sc-ciCoXh frIBdZ cPdSqu yle__article__paragraph\">Puheet her\u00e4ttiv\u00e4t n\u00e4rk\u00e4styst\u00e4 perussuomalaisten hallituskumppaneissa, mutta vasta kun puheenjohtaja <strong class=\"sc-eEHciv kkmMDs yle__article__strong\">Riikka Purra<\/strong> sanoi viime viikon lauantaina Ylen Ykk\u00f6saamussa hyv\u00e4ksyv\u00e4ns\u00e4 Keskisarjan puheet, kriisin ainekset olivat kasassa.<\/p>\n<p class=\"sc-jYczwO sc-ciCoXh frIBdZ cPdSqu yle__article__paragraph\">\u2013 Oltiin vedenjakajalla. Ajateltiin, ett\u00e4 jos annetaan vaan menn\u00e4, niin t\u00e4st\u00e4 ei tule mit\u00e4\u00e4n, l\u00e4hde kuvailee Ylelle.<\/p>\n<p class=\"sc-jYczwO sc-ciCoXh frIBdZ cPdSqu yle__article__paragraph\">P\u00e4\u00e4ministerin kabinetti her\u00e4si l\u00e4hetyksen j\u00e4lkeen tilanteeseen, jossa Keskisarjan puheet piti k\u00e4sitell\u00e4 hallituksen sis\u00e4ll\u00e4. Osaltaan tilanteeseen saattoi vaikuttaa se, ett\u00e4 kokoomuksen sis\u00e4iset viestint\u00e4kanavat t\u00e4yttyiv\u00e4t huolestuneista viesteist\u00e4, joissa kentt\u00e4 vaati toimintaa.<\/p>\n<p class=\"sc-jYczwO sc-ciCoXh frIBdZ cPdSqu yle__article__paragraph\">\u2013 Jos nyt t\u00e4h\u00e4n ei tartuta, mit\u00e4 t\u00e4st\u00e4 tulee?<\/p>\n<p class=\"sc-jYczwO sc-ciCoXh frIBdZ cPdSqu yle__article__paragraph\">Budjettiriihi l\u00e4hti liikkeelle maanantaina Orpon uhkauksesta. Mediaa ei poikkeuksellisesti p\u00e4\u00e4stetty ottamaan kuvia neuvotteluiden aloittamisesta, vaan p\u00e4\u00e4ministeri <strong class=\"sc-eEHciv kkmMDs yle__article__strong\">Petteri Orpo<\/strong> (kok.) k\u00e4veli tiedotustilaan yksin.<\/p>\n<p class=\"sc-jYczwO sc-ciCoXh frIBdZ cPdSqu yle__article__paragraph\">\u2013 Me joudumme aloittamaan riihen sill\u00e4, millainen kielenk\u00e4ytt\u00f6 on hallituspuolueen edustajalle sopivaa, Orpo sanoi.<\/p>\n<p>P\u00e4\u00e4ministeri Petteri Orpo (kok.) esitti riihen ensimm\u00e4isess\u00e4 tiedotustilaisuudessa vaatimuksen: \u201dRiihi ei p\u00e4\u00e4ty ennen kuin n\u00e4m\u00e4 asiat on k\u00e4sitelty\u201d. <\/p>\n<p class=\"sc-jYczwO sc-ciCoXh frIBdZ cPdSqu yle__article__paragraph\">Tilanteesta piti l\u00f6yt\u00e4\u00e4 tie ulos tavalla, jossa kaikki pystyisiv\u00e4t s\u00e4ilytt\u00e4m\u00e4\u00e4n kasvonsa. Yksi heist\u00e4 oli Petteri Orpo, joka on joutunut ottamaan p\u00e4\u00e4ministerin\u00e4 vastaan monenlaista naljailua ja pilkantekoa.<\/p>\n<p class=\"sc-jYczwO sc-ciCoXh frIBdZ cPdSqu yle__article__paragraph\">Kuittailua on tullut my\u00f6s hallitusryhmien sis\u00e4lt\u00e4, jopa perussuomalaisten eduskuntaryhm\u00e4n puheenjohtajalta <strong class=\"sc-eEHciv kkmMDs yle__article__strong\">Jani M\u00e4kel\u00e4lt\u00e4<\/strong>. Se on poikkeuksellista.<\/p>\n<p class=\"sc-jYczwO sc-ciCoXh frIBdZ cPdSqu yle__article__paragraph\">Julkisuudessa on n\u00e4ytt\u00e4nyt silt\u00e4, ett\u00e4 kaikki arvostelu ja kiusaaminen ovat p\u00e4\u00e4ministerille kuin vesi hanhen sel\u00e4ss\u00e4. T\u00e4ll\u00e4 kertaa Orpo ja kokoomus olivat ottaneet itseens\u00e4.<\/p>\n<p class=\"sc-jYczwO sc-ciCoXh frIBdZ cPdSqu yle__article__paragraph\">Jos loputtomasti ivataan, p\u00e4\u00e4ministeri alkaa n\u00e4ytt\u00e4\u00e4 heikolta, eik\u00e4 n\u00e4in voi jatkua, puolueissa tulkittiin. Toisaalta Keskisarjan puheet olivat kokoomuksen tulkinnan mukaan sopimattomuudessa uudella tasolla, ja kun perussuomalaisten puheenjohtaja antoi tukensa puheille, \u201dp\u00e4\u00e4ministerill\u00e4 ei ollut muuta mahdollisuutta kuin puuttua tilanteeseen\u201d.<\/p>\n<p class=\"sc-jYczwO sc-ciCoXh frIBdZ cPdSqu yle__article__paragraph\">Kokoomuksen eduskuntaryhm\u00e4n johto ja ministeriryhm\u00e4 antoivat tukensa Orpolle, kun ne k\u00e4viv\u00e4t asiaa l\u00e4pi viikonloppuna. Kaikki pitiv\u00e4t asian nostamista p\u00f6yd\u00e4lle t\u00e4rke\u00e4n\u00e4.<\/p>\n<p class=\"sc-jYczwO sc-ciCoXh frIBdZ cPdSqu yle__article__paragraph\">Osasyyn\u00e4 mitan t\u00e4yttymiseen oli aika: kummallinen meno tuntui vain jatkuvan, vaikka eduskuntavaaleihin on viel\u00e4 aikaa.<\/p>\n<p>Keskustelut olivat vakavia ja ne jumittivat<\/p>\n<p><img decoding=\"async\" alt=\"Hallitus saapuu lehdist\u00f6n eteen.\" src=\"https:\/\/www.europesays.com\/fi\/wp-content\/uploads\/2025\/09\/39-151576068b5d8f3566fc.jpeg\" loading=\"lazy\" class=\"sc-dntSTA iywpZY\"\/><\/p>\n<p>Avaa kuvien katselu<\/p>\n<p>Sari Essayah, Riikka Purra, Petteri Orpo ja Anders Adlercreutz vastasivat toimittajien kysymyksiin Smolnassa maanantai-iltana. Kuva: Henrietta Hassinen \/ Yle<\/p>\n<p class=\"sc-jYczwO sc-ciCoXh frIBdZ cPdSqu yle__article__paragraph\">Hallitusryhm\u00e4t edistiv\u00e4t budjettia ja leikkauksia pitkin maanantaita. Samaan aikaan johtonelikko oli sulkeutunut omaan huoneeseen ratkaisemaan rasismikriisi\u00e4.<\/p>\n<p class=\"sc-jYczwO sc-ciCoXh frIBdZ cPdSqu yle__article__paragraph\">Keskustelut Smolnan piharakennuksen ministerihotellissa olivat kahden eri l\u00e4hteen mukaan \u201drapsakoita\u201d, \u201dvakavia\u201d\u201dja ne tuntuivat \u201djumittavan paikallaan\u201d.<\/p>\n<p class=\"sc-jYczwO sc-ciCoXh frIBdZ cPdSqu yle__article__paragraph\">V\u00e4lill\u00e4 hallituspuolueiden puheenjohtajat keskustelivat kielenk\u00e4yt\u00f6st\u00e4 ja v\u00e4lill\u00e4 maahanmuuttopolitiikasta, vaikka puolueet olivat keskustelemassa siit\u00e4, miten ihmisist\u00e4 voi puhua.<\/p>\n<p class=\"sc-jYczwO sc-ciCoXh frIBdZ cPdSqu yle__article__paragraph\">Julkisuuteen levisi tietoja, ett\u00e4 kokoomus ja RKP olisivat keskustelujen aikana uhanneet hallituksen erolla. Ylen l\u00e4hteiden mukaan kumpikaan n\u00e4ist\u00e4 puolueista ei kuitenkaan uhannut hallituksesta l\u00e4htemisell\u00e4.<\/p>\n<p class=\"sc-jYczwO sc-ciCoXh frIBdZ cPdSqu yle__article__paragraph\">Orpon kerrotaan vaatineen poikkeuksellisen tiukasti rasistisen ulostulojen lopettamista.<\/p>\n<p class=\"sc-jYczwO sc-ciCoXh frIBdZ cPdSqu yle__article__paragraph\">P\u00e4\u00e4ministerin kabinetissa keksittiin jo viikonlopun aikana, ett\u00e4 sovun pit\u00e4\u00e4 rakentua yhdenvertaisuutta koskevan tiedonannon varaan. Sopu alkoi l\u00f6yty\u00e4 vasta, kun p\u00e4\u00e4ministeri k\u00e4vi kahdenkeskisi\u00e4 keskusteluita hallituspuolueiden puheenjohtajien kanssa.<\/p>\n<p class=\"sc-jYczwO sc-ciCoXh frIBdZ cPdSqu yle__article__paragraph\">N\u00e4iden neuvotteluiden aikana p\u00e4\u00e4dyttiin siihen, ett\u00e4 tiedonannon pit\u00e4isi koskea my\u00f6s hallituspuolueiden kansanedustajia ja puheita suitsisivat jatkossa eduskuntaryhmien puheenjohtajat.<\/p>\n<p class=\"sc-jYczwO sc-ciCoXh frIBdZ cPdSqu yle__article__paragraph\">Tiedonannon arvo nostettiin hallitusohjelman tasolle. Jos ei toimi ohjelman mukaan, tulee seurauksia.<\/p>\n<p class=\"sc-jYczwO sc-ciCoXh frIBdZ cPdSqu yle__article__paragraph\">Smolnassa keskustelut k\u00e4rjistyiv\u00e4t siihen, milt\u00e4 asiat pit\u00e4\u00e4 saada n\u00e4ytt\u00e4m\u00e4\u00e4n ulosp\u00e4in. Muut hallituspuolueet vaativat, ett\u00e4 Purran pit\u00e4\u00e4 pahoitella tapahtunutta.<\/p>\n<p class=\"sc-jYczwO sc-ciCoXh frIBdZ cPdSqu yle__article__paragraph\">Purra pahoitteli median edess\u00e4, mutta ei Keskisarjan puheita.<\/p>\n<p class=\"sc-jYczwO sc-ciCoXh frIBdZ cPdSqu yle__article__paragraph\">\u2013 Omalta osaltani olen pahoillani siit\u00e4, ett\u00e4 olemme t\u00e4ss\u00e4 tilanteessa, jossa perussuomalaisten sitoutumista yhdenvertaisuustiedonantoon ep\u00e4ill\u00e4\u00e4n, Purra sanoi.<\/p>\n<p>Valtiovarainministeri Riikka Purra (ps.) pahoitteli syntynytt\u00e4 tilannetta tiedotustilaisuudessa maanantai-iltana. <\/p>\n<p class=\"sc-jYczwO sc-ciCoXh frIBdZ cPdSqu yle__article__paragraph\">Hallituspuolueet olivat sopineet ennen tiedotustilaisuutta, mitk\u00e4 asiat on t\u00e4rke\u00e4\u00e4 sanoa \u00e4\u00e4neen ja mist\u00e4 asioista ne ovat yksimielisi\u00e4. Kaikki puheenjohtajat toistivat, ettei ihmisarvoa kyseenalaistavaa puhetta voi hyv\u00e4ksy\u00e4.<\/p>\n<p class=\"sc-jYczwO sc-ciCoXh frIBdZ cPdSqu yle__article__paragraph\">Purra tosin v\u00e4isti tiedotustilaisuudessa kysymyksen siit\u00e4, pit\u00e4\u00e4k\u00f6 h\u00e4n yh\u00e4 Keskisarjan puheita hyv\u00e4ksytt\u00e4vin\u00e4 ja tuleeko t\u00e4lle sanktioita niist\u00e4.<\/p>\n<p class=\"sc-jYczwO sc-ciCoXh frIBdZ cPdSqu yle__article__paragraph\">Uuden systeemin selitt\u00e4minen julkisuuteen ei kuitenkaan mennyt yksiselitteisesti.<\/p>\n<p><img decoding=\"async\" alt=\"Purra ja Orpo.\" src=\"https:\/\/www.europesays.com\/fi\/wp-content\/uploads\/2025\/09\/39-151623268b6f18f1be32.jpeg\" loading=\"lazy\" class=\"sc-dntSTA iywpZY\"\/><\/p>\n<p>Avaa kuvien katselu<\/p>\n<p>Puolueen puheenjohtajat p\u00e4\u00e4siv\u00e4t budjetin pariin tiistaina aamulla. Kuva: Silja Viitala \/ Yle<\/p>\n<p>Erimielisyys Keskisarjan puheista jatkui<\/p>\n<p class=\"sc-jYczwO sc-ciCoXh frIBdZ cPdSqu yle__article__paragraph\">T\u00e4m\u00e4n tulkittiin julkisuudessa pian tarkoittavan sit\u00e4, ett\u00e4 sopu uudesta toimintatavasta oli irtisanottu saman tien.<\/p>\n<p class=\"sc-jYczwO sc-ciCoXh frIBdZ cPdSqu yle__article__paragraph\">Hallituspuolueet her\u00e4siv\u00e4t siihen, ett\u00e4 viestint\u00e4 asiasta on mennyt pieleen. Puolueissa ep\u00e4iltiin, ett\u00e4 tieto ei liikkunut puolueiden sis\u00e4ll\u00e4, kun asiasta oli sopimassa harvalukuinen joukko puolueiden puheenjohtajia ja valtiosihteereit\u00e4.<\/p>\n<p class=\"sc-jYczwO sc-ciCoXh frIBdZ cPdSqu yle__article__paragraph\">T\u00e4m\u00e4n takia hallituspuolueiden kansanedustajien ep\u00e4iltiin taustoittaneen toimittajia vastoin parempaa tietoa sovusta. Osa heist\u00e4 oli kertonut medialle, ett\u00e4 eduskuntaryhmien puheenjohtajat voisivat p\u00e4\u00e4tt\u00e4\u00e4 yhdess\u00e4 eri puolueiden rangaistuksista.<\/p>\n<p class=\"sc-jYczwO sc-ciCoXh frIBdZ cPdSqu yle__article__paragraph\">Kyse oli kuitenkin siit\u00e4, ett\u00e4 eduskuntaryhmien johtajat voivat entist\u00e4 herkemmin ottaa yhteisiss\u00e4 keskusteluissa esiin mahdolliset s\u00e4\u00e4nt\u00f6rikkomukset. Eduskuntaryhm\u00e4t sitten itsen\u00e4isesti p\u00e4\u00e4tt\u00e4isiv\u00e4t omista rangaistuksistaan.<\/p>\n<p><img decoding=\"async\" alt=\"RKP:n Otto Andersson.\" src=\"https:\/\/www.europesays.com\/fi\/wp-content\/uploads\/2025\/09\/39-151709768b92e7002ae6.jpeg\" loading=\"lazy\" class=\"sc-dntSTA iywpZY\"\/><\/p>\n<p>Avaa kuvien katselu<\/p>\n<p>Hallituspuolueiden ryhm\u00e4njohtajat kokoustivat eduskunnassa tiistaina aamup\u00e4iv\u00e4ll\u00e4. Kuvassa RKP:n Otto Andersson. Kuva: Silja Viitala \/ Yle<img decoding=\"async\" alt=\"Jani M\u00e4kel\u00e4 vastaa median kysymyksiin.\" src=\"https:\/\/www.europesays.com\/fi\/wp-content\/uploads\/2025\/09\/39-151622868b6f14300be3.jpeg\" class=\"sc-dntSTA iywpZY\"\/><\/p>\n<p>Avaa kuvien katselu<\/p>\n<p><img decoding=\"async\" alt=\"Jukka Kopra vastaa median kysymyksiin.\" src=\"https:\/\/www.europesays.com\/fi\/wp-content\/uploads\/2025\/09\/39-151594968b6b4e6aff72.jpeg\" class=\"sc-dntSTA iywpZY\"\/><\/p>\n<p>Avaa kuvien katselu<\/p>\n<p class=\"sc-jYczwO sc-ciCoXh frIBdZ cPdSqu yle__article__paragraph\">P\u00e4\u00e4ministeri Orpo ja valtiovarainministeri Purra astuivat j\u00e4lleen tiistaina median eteen kertomaan, ett\u00e4 he ovat samaa mielt\u00e4 maanantaina sovitusta menettelyst\u00e4.<\/p>\n<p class=\"sc-jYczwO sc-ciCoXh frIBdZ cPdSqu yle__article__paragraph\">He olivat yht\u00e4 mielt\u00e4 siit\u00e4, miten rasistiset puheet nostettaisiin esille eduskuntaryhmien puheenjohtajien kokouksissa, mutta erimielisyys Keskisarjan puheista ei ollut muuttunut.<\/p>\n<p class=\"sc-jYczwO sc-ciCoXh frIBdZ cPdSqu yle__article__paragraph\">T\u00e4m\u00e4 tuli esille, kun Ylen politiikan toimittaja <strong class=\"sc-eEHciv kkmMDs yle__article__strong\">Petri Raivio<\/strong> kysyi, tyydytt\u00e4\u00e4k\u00f6 p\u00e4\u00e4ministeri Orpoa se, ettei Purra ollut irtisanoutunut Keskisarjan sanomista maanantain tiedotustilaisuudessa.<\/p>\n<p class=\"sc-jYczwO sc-ciCoXh frIBdZ cPdSqu yle__article__paragraph\">\u2013 Ei h\u00e4n t\u00e4n\u00e4\u00e4nk\u00e4\u00e4n irtisanoudu niist\u00e4, Purra huikkasi kysymyksen v\u00e4liin.<\/p>\n<p><img decoding=\"async\" alt=\"Orpo ja Purra kommentoivat neuvotteluiden etenemist\u00e4 ja hallituksen pelis\u00e4\u00e4nt\u00f6j\u00e4 medialle.\" src=\"https:\/\/www.europesays.com\/fi\/wp-content\/uploads\/2025\/09\/39-151620768b6ecff59cd1.jpeg\" loading=\"lazy\" class=\"sc-dntSTA iywpZY\"\/><\/p>\n<p>Avaa kuvien katselu<\/p>\n<p>Median edustajat piirittiv\u00e4t Purran ja Orpon tiistaina Smolnan ulkopuolella. Kuva: Silja Viitala \/ Yle<\/p>\n<p class=\"sc-jYczwO sc-ciCoXh frIBdZ cPdSqu yle__article__paragraph\">Orpo oli jo aiemmin kertonut julkisuuteen, ettei Keskisarjan puheita voi pit\u00e4\u00e4 hyv\u00e4ksytt\u00e4vin\u00e4. Molemmat olivat yht\u00e4 mielt\u00e4, ettei Keskisarjan puheisiin puututa takautuvasti.<\/p>\n<p class=\"sc-jYczwO sc-ciCoXh frIBdZ cPdSqu yle__article__paragraph\">T\u00e4m\u00e4 siit\u00e4kin huolimatta, ett\u00e4 p\u00e4\u00e4ministeri Orpo kertoi tiedotustilaisuudessa maanantaina yhdenvertaisuustiedonannon koskevan \u201dmenneit\u00e4 ja tulevia puheita\u201d.<\/p>\n<p class=\"sc-jYczwO sc-ciCoXh frIBdZ cPdSqu yle__article__paragraph\">Petteri Orpon hallitus ei k\u00e4ynyt ensimm\u00e4ist\u00e4 kertaa pelis\u00e4\u00e4nt\u00f6keskusteluita siit\u00e4, millainen keskustelu ja puhe on sopivaa hallituspuolueiden edustajille. Kuinka l\u00e4hell\u00e4 hallituksen kaatuminen sitten oli?<\/p>\n<p><img decoding=\"async\" alt=\"PS:n kansanedustaja Teemu Keskisarja saapui paikalle juoksujalkaa viimeisell\u00e4 minuutilla ennen istunnon alkua.\" src=\"https:\/\/www.europesays.com\/fi\/wp-content\/uploads\/2025\/09\/39-151609968b6d9c191a0d.jpeg\" loading=\"lazy\" class=\"sc-dntSTA iywpZY\"\/><\/p>\n<p>Avaa kuvien katselu<\/p>\n<p>PS:n kansanedustaja Teemu Keskisarja saapui juoksujalkaa eduskunnan istuntoon tiistaina viimeisell\u00e4 minuutilla ennen istunnon alkua. Kuva: Silja Viitala \/ Yle<img decoding=\"async\" alt=\"Petteri Orpo s\u00f6i Sisu-pastilin.\" src=\"https:\/\/www.europesays.com\/fi\/wp-content\/uploads\/2025\/09\/39-151664268b81301614e2.jpeg\" loading=\"lazy\" class=\"sc-dntSTA iywpZY\"\/><\/p>\n<p>Avaa kuvien katselu<\/p>\n<p>P\u00e4\u00e4ministeri Petteri Orpo s\u00f6i Sisu-pastillin tiistaina ennen istunnon alkua. Kuva: Silja Viitala \/ Yle<\/p>\n<p class=\"sc-jYczwO sc-ciCoXh frIBdZ cPdSqu yle__article__paragraph\">Useat l\u00e4hteet viittaavat siihen, ett\u00e4 t\u00e4m\u00e4 oli vakavin kriisi sitten kes\u00e4n 2023, jolloin hallitus selvisi vaivoin perussuomalaisten vanhoista nettikirjoituksista. Mik\u00e4li asiaa ei olisi saatu k\u00e4sitelty\u00e4, tilanne olisi voinut johtaa hallituksen eroon.<\/p>\n<p class=\"sc-jYczwO sc-ciCoXh frIBdZ cPdSqu yle__article__paragraph\">Yhden hallitusl\u00e4hteen mukaan keskustelut eiv\u00e4t kuitenkaan \u00e4ityneet tasolle, jossa olisi ollut kyse hallituksen jatkosta. Toisen l\u00e4hteen mukaan kaikilla hallituspuolueilla on kaudella viel\u00e4 t\u00e4ll\u00e4 kaudella saavutettavaa, eik\u00e4 uusilla vaaleilla saavutettaisi pikavoittoja.<\/p>\n<p class=\"sc-jYczwO sc-ciCoXh frIBdZ cPdSqu yle__article__paragraph\">Taustalla vaanivat my\u00f6s puoluekannatusmittaukset, joissa SDP on repinyt muihin puolueisiin eroa k\u00e4rjess\u00e4.<\/p>\n<p class=\"sc-jYczwO sc-ciCoXh frIBdZ cPdSqu yle__article__paragraph\">Useat hallituspuolueiden edustajat ovat varmoja, etteiv\u00e4t perussuomalaisten ulostulot lopu t\u00e4h\u00e4n. Tilanteesta tekee heid\u00e4n mielest\u00e4\u00e4n vaikeamman se, ett\u00e4 perussuomalaisten puoluekokous valitsi puolueen varapuheenjohtajiksi Teemu Keskisarjan ja <strong class=\"sc-eEHciv kkmMDs yle__article__strong\">Simo Gr\u00f6nroosin<\/strong>, jotka vet\u00e4v\u00e4t perussuomalaisten sis\u00e4ll\u00e4 tiukkaa linjaa.<\/p>\n<p class=\"sc-jYczwO sc-ciCoXh frIBdZ cPdSqu yle__article__paragraph\">Gr\u00f6nroos totesi kes\u00e4kuun puoluekokouksessa, ett\u00e4 perussuomalaisten olisi l\u00e4hdett\u00e4v\u00e4 hallituksesta, jos hallitusohjelmassa sovittuun maahanmuuttopolitiikkaan ei saada kiristyksi\u00e4.<\/p>\n<p class=\"sc-jYczwO sc-ciCoXh frIBdZ cPdSqu yle__article__paragraph\">Perussuomalaisten ajatellaan muuttuneen hallituskumppaneille arvaamattomaksi varapuheenjohtajavalintojen j\u00e4lkeen.<\/p>\n<p class=\"sc-jYczwO sc-ciCoXh frIBdZ cPdSqu yle__article__paragraph\">\u2013 Puolue ei ole Riikka Purran k\u00e4siss\u00e4, useampi l\u00e4hde arvioi kilpailevista hallituspuolueista.<\/p>\n<p class=\"sc-jYczwO sc-ciCoXh frIBdZ cPdSqu yle__article__paragraph\">Hallituksen jatkosta eri puolueiden edustajilla on erilaisia n\u00e4kemyksi\u00e4. L\u00e4hes kaikki hallituspuolueiden edustajat muistuttavat, ett\u00e4 sovitut asiat etenev\u00e4t hallituksessa. Riihess\u00e4 esimerkiksi p\u00e4\u00e4tettiin merkitt\u00e4vist\u00e4 sopeutuksista.<\/p>\n<p class=\"sc-jYczwO sc-ciCoXh frIBdZ cPdSqu yle__article__paragraph\">Osa Ylen haastattelemista edustajista puolestaan miettii sit\u00e4, ett\u00e4 jokainen pelis\u00e4\u00e4nt\u00f6keskustelu nakertaa puolueiden v\u00e4list\u00e4 luottamusta ja hallituskautta on noin kaksi vuotta j\u00e4ljell\u00e4.<\/p>\n<p class=\"sc-jYczwO sc-ciCoXh frIBdZ cPdSqu yle__article__paragraph\">Seuraava luottamusta koskeva koetinkivi voi tulla vastaan, jos eduskuntaryhmien puheenjohtajat joutuvat k\u00e4sittelem\u00e4\u00e4n kansanedustajan rasistisia sanomisia. Jos puheista ei tule rangaistuksia, homma muuttuu hankalaksi.<\/p>\n<p class=\"sc-jYczwO sc-ciCoXh frIBdZ cPdSqu yle__article__paragraph\">\u2013 Lopputulos on se, ett\u00e4 jos luottamus h\u00e4vi\u00e4\u00e4, niin sitten ei ole en\u00e4\u00e4 hallitusta.<\/p>\n<p><img decoding=\"async\" alt=\" P\u00e4\u00e4ministeri Petteri Orpo ja valtiovarainministeri Riikka Purra budjettiriihen tiedotustilaisuudessa. \" src=\"https:\/\/www.europesays.com\/fi\/wp-content\/uploads\/2025\/09\/39-151675868b82dd56fe61.jpeg\" loading=\"lazy\" class=\"sc-dntSTA iywpZY\"\/><\/p>\n<p>Avaa kuvien katselu<\/p>\n<p>P\u00e4\u00e4ministeri Petteri Orpo (kok.) ja valtiovarainministeri Riikka Purra (ps.) pitiv\u00e4t tiedotustilaisuuden tiistai-iltana. Aiheena olivat riihen talousp\u00e4\u00e4t\u00f6kset. Kuva: Henrietta Hassinen \/ Yle<\/p>\n","protected":false},"excerpt":{"rendered":"Enn\u00e4tysvelka, kova ty\u00f6tt\u00f6myys ja leikkaukset j\u00e4iv\u00e4t hetkeksi sivuun, kun p\u00e4\u00e4ministeri Petteri Orpo (kok.) aloitti tiedotustilaisuuden maanantaina ennen budjettikeskusteluita.&hellip;\n","protected":false},"author":2,"featured_media":26988,"comment_status":"","ping_status":"","sticky":false,"template":"","format":"standard","meta":{"footnotes":""},"categories":[5],"tags":[22,23,3020,26,27,33,31,30,1913,8267,17,24,25,28,29,15,18,3552,21,49,1570,637,886,3302,888,32,7063,19,20,16],"class_list":{"0":"post-26987","1":"post","2":"type-post","3":"status-publish","4":"format-standard","5":"has-post-thumbnail","7":"category-otsikot","8":"tag-breaking-news","9":"tag-breakingnews","10":"tag-budjettiriihi","11":"tag-featured-news","12":"tag-featurednews","13":"tag-fi","14":"tag-finland","15":"tag-finnish","16":"tag-hallitukset","17":"tag-hallituspuolue","18":"tag-headlines","19":"tag-latest-news","20":"tag-latestnews","21":"tag-main-news","22":"tag-mainnews","23":"tag-news","24":"tag-otsikot","25":"tag-paaministerit","26":"tag-paauutiset","27":"tag-perussuomalaiset","28":"tag-petteri-orpo","29":"tag-politiikka","30":"tag-puolueet","31":"tag-riikka-purra","32":"tag-suomalaiset-poliitikot","33":"tag-suomi","34":"tag-teemu-keskisarja","35":"tag-top-stories","36":"tag-topstories","37":"tag-uutiset"},"share_on_mastodon":{"url":"","error":""},"_links":{"self":[{"href":"https:\/\/www.europesays.com\/fi\/wp-json\/wp\/v2\/posts\/26987","targetHints":{"allow":["GET"]}}],"collection":[{"href":"https:\/\/www.europesays.com\/fi\/wp-json\/wp\/v2\/posts"}],"about":[{"href":"https:\/\/www.europesays.com\/fi\/wp-json\/wp\/v2\/types\/post"}],"author":[{"embeddable":true,"href":"https:\/\/www.europesays.com\/fi\/wp-json\/wp\/v2\/users\/2"}],"replies":[{"embeddable":true,"href":"https:\/\/www.europesays.com\/fi\/wp-json\/wp\/v2\/comments?post=26987"}],"version-history":[{"count":0,"href":"https:\/\/www.europesays.com\/fi\/wp-json\/wp\/v2\/posts\/26987\/revisions"}],"wp:featuredmedia":[{"embeddable":true,"href":"https:\/\/www.europesays.com\/fi\/wp-json\/wp\/v2\/media\/26988"}],"wp:attachment":[{"href":"https:\/\/www.europesays.com\/fi\/wp-json\/wp\/v2\/media?parent=26987"}],"wp:term":[{"taxonomy":"category","embeddable":true,"href":"https:\/\/www.europesays.com\/fi\/wp-json\/wp\/v2\/categories?post=26987"},{"taxonomy":"post_tag","embeddable":true,"href":"https:\/\/www.europesays.com\/fi\/wp-json\/wp\/v2\/tags?post=26987"}],"curies":[{"name":"wp","href":"https:\/\/api.w.org\/{rel}","templated":true}]}}