{"id":269900,"date":"2026-06-07T14:03:14","date_gmt":"2026-06-07T14:03:14","guid":{"rendered":"https:\/\/www.europesays.com\/fi\/269900\/"},"modified":"2026-06-07T14:03:14","modified_gmt":"2026-06-07T14:03:14","slug":"viettel-fpt-telecom-ja-vnpt-muuttavat-ja-korottavat-kiintean-verkon-internet-pakettien-hintoja","status":"publish","type":"post","link":"https:\/\/www.europesays.com\/fi\/269900\/","title":{"rendered":"Viettel, FPT Telecom ja VNPT muuttavat ja korottavat kiinte\u00e4n verkon internet-pakettien hintoja."},"content":{"rendered":"<p class=\"MsoNormal\">Sotilasteleviestint\u00e4- ja teollisuusyhti\u00f6 Viettel ja<a class=\"data-link\" data-org-href=\"https:\/\/www.vietnam.vn\/category\/fpt\" href=\"https:\/\/www.vietnam.vn\/category\/fpt\" title=\"FPT\" target=\"_blank\" rel=\"nofollow noopener\">FPT<\/a> Telecom Joint Stock Company ovat nostaneet peruspalvelupakettinsa kuukausimaksun 195 000 VND:iin. Samaan aikaan Vietnamin posti- ja televiestint\u00e4ryhm\u00e4 (VNPT) on asettanut v\u00e4himm\u00e4ismaksuksi 190 000 VND\/kk. <\/p>\n<p><img decoding=\"async\" border=\"0\" style=\"width: 500px; height: auto; display: inline; margin: 0px auto;;cursor:pointer\" src=\"https:\/\/www.europesays.com\/fi\/wp-content\/uploads\/2026\/06\/1772776827346_dc5internet-2.jpeg\"\/><\/p>\n<p class=\"MsoNormal\"> Ennen t\u00e4t\u00e4 muutosta kaikkien kolmen yrityksen edullisimpien pakettien kuukausihinta oli 180 000 VND ja latausnopeus 300 Mbps. T\u00e4m\u00e4 muutos n\u00e4kyy selv\u00e4sti edullisimmassa paketissa, joka koskee uusia tilaajia; nykyiset asiakkaat s\u00e4ilytt\u00e4v\u00e4t vanhan hinnoittelupolitiikkansa. Lis\u00e4ksi joidenkin suurempien kaistanleveyksien pakettien hinta nousi hieman, muutamalla kymmenell\u00e4 tuhannella VND:ll\u00e4.<\/p>\n<p class=\"MsoNormal\"> T\u00e4m\u00e4 on harvinainen esimerkki Vietnamin kiinte\u00e4n verkon internet-palveluntarjoajista, jotka nostavat hintoja tarjottuaan pitk\u00e4\u00e4n kilpailukykyisi\u00e4 paketteja hinnan ja kaistanleveyden\/nopeuden suhteen. Viimeksi verkko-operaattorit tekiv\u00e4t vastaavan toimenpiteen vuonna 2023. Tuolloin kaikki kolme yrityst\u00e4 lopettivat halpojen pakettien ja rajattomien dataliittymien tarjoamisen, ja kiinte\u00e4n verkon internet-palvelut vaativat 300 000 VND:n asennusmaksun sen sijaan, ett\u00e4 ne olisivat olleet ilmaisia \u200b\u200bkuten ennen. <\/p>\n<p class=\"MsoNormal\"> S\u00e4\u00e4ntelyviranomainen katsoi t\u00e4m\u00e4n toimenpiteen olevan m\u00e4\u00e4r\u00e4ysten vastainen eik\u00e4 siksi puuttunut asiaan. Televiestint\u00e4yritykset voivat vapaasti m\u00e4\u00e4ritt\u00e4\u00e4 k\u00e4ytt\u00e4jille soveltamansa hinnat liiketoimintansa kehitt\u00e4missuuntautumisen perusteella, ja niiden on noudatettava m\u00e4\u00e4r\u00e4ttyj\u00e4 menettelyj\u00e4 tariffien rekister\u00f6inti\u00e4 ja ilmoittamista varten.<\/p>\n<p class=\"MsoNormal\"> <a class=\"data-link\" data-org-href=\"https:\/\/www.vietnam.vn\/category\/the-gioi\" href=\"https:\/\/www.vietnam.vn\/category\/the-gioi\" title=\"maailman-\" target=\"_blank\" rel=\"nofollow noopener\">Kansainv\u00e4lisen<\/a> televiestint\u00e4liiton (ITU) vuoden 2025 tilastojen mukaan Vietnam sijoittui kymmenen parhaan joukkoon kuukausittaisten internet-palveluiden halvimmilla kuukausikustannuksilla 6,72 dollarilla niiden maiden ja alueiden joukossa, jotka tarjoavat rajoittamattomia kuukausittaisia \u200b\u200binternet-palveluita. Joissakin maissa kustannukset ovat viel\u00e4 alhaisemmat, mutta vastineeksi ne tarjoavat hitaampia nopeuksia tai k\u00e4ytt\u00e4v\u00e4t silti ADSL-verkkoja. Vietnamissa k\u00e4ytt\u00e4jill\u00e4 on kuitenkin p\u00e4\u00e4sy valokuituinternetiin, jossa on rajoittamaton data ja yli 100 Mbps:n nopeudet.<\/p>\n<p class=\"MsoNormal\"> <a class=\"data-link\" data-org-href=\"https:\/\/www.vietnam.vn\/authors\/mic-gov-vn\" href=\"https:\/\/www.vietnam.vn\/authors\/mic-gov-vn\" title=\"Tiede- ja teknologiaministeri\u00f6\" target=\"_blank\" rel=\"nofollow noopener\">Tiede- ja teknologiaministeri\u00f6n<\/a> vuoden 2025 raportin mukaan Vietnam on edistynyt merkitt\u00e4v\u00e4sti laajakaistainfrastruktuurissa, kuten ottamalla k\u00e4ytt\u00f6\u00f6n uudet merikaapelit ADC ja SJC2 sek\u00e4 kansainv\u00e4lisen maanp\u00e4\u00e4llisen kaapelin VSTN, joka on 100-prosenttisesti vietnamilaisten yritysten omistuksessa. T\u00e4m\u00e4 on nostanut kansainv\u00e4lisen kokonaiskapasiteetin 80 Tbps:\u00e4\u00e4n ja varmistanut turvallisen yhteyden. <\/p>\n<p> Vo Vinh <\/p>\n<p class=\"mb-0\"> L\u00e4hde: https:\/\/doanhnghiepvn.vn\/doanh-nhan\/viettel-fpt-telecom-vnpt-dieu-chinh-tang-gia-goi-cuoc-internet-co-dinh\/20260306115810041<\/p>\n","protected":false},"excerpt":{"rendered":"Sotilasteleviestint\u00e4- ja teollisuusyhti\u00f6 Viettel jaFPT Telecom Joint Stock Company ovat nostaneet peruspalvelupakettinsa kuukausimaksun 195 000 VND:iin. Samaan aikaan&hellip;\n","protected":false},"author":2,"featured_media":269901,"comment_status":"","ping_status":"","sticky":false,"template":"","format":"standard","meta":{"footnotes":"","_share_on_mastodon":"0"},"categories":[87],"tags":[33,31,30,36565,5962,148,32,91,92,36737,36423,36560,1356],"class_list":["post-269900","post","type-post","status-publish","format-standard","has-post-thumbnail","category-internet","tag-fi","tag-finland","tag-finnish","tag-fpt","tag-hinta","tag-internet","tag-suomi","tag-technology","tag-teknologia","tag-televiestinta","tag-viettel","tag-vnpt","tag-yritykset"],"share_on_mastodon":{"url":"https:\/\/pubeurope.com\/@fi\/116709203103559910","error":""},"_links":{"self":[{"href":"https:\/\/www.europesays.com\/fi\/wp-json\/wp\/v2\/posts\/269900","targetHints":{"allow":["GET"]}}],"collection":[{"href":"https:\/\/www.europesays.com\/fi\/wp-json\/wp\/v2\/posts"}],"about":[{"href":"https:\/\/www.europesays.com\/fi\/wp-json\/wp\/v2\/types\/post"}],"author":[{"embeddable":true,"href":"https:\/\/www.europesays.com\/fi\/wp-json\/wp\/v2\/users\/2"}],"replies":[{"embeddable":true,"href":"https:\/\/www.europesays.com\/fi\/wp-json\/wp\/v2\/comments?post=269900"}],"version-history":[{"count":0,"href":"https:\/\/www.europesays.com\/fi\/wp-json\/wp\/v2\/posts\/269900\/revisions"}],"wp:featuredmedia":[{"embeddable":true,"href":"https:\/\/www.europesays.com\/fi\/wp-json\/wp\/v2\/media\/269901"}],"wp:attachment":[{"href":"https:\/\/www.europesays.com\/fi\/wp-json\/wp\/v2\/media?parent=269900"}],"wp:term":[{"taxonomy":"category","embeddable":true,"href":"https:\/\/www.europesays.com\/fi\/wp-json\/wp\/v2\/categories?post=269900"},{"taxonomy":"post_tag","embeddable":true,"href":"https:\/\/www.europesays.com\/fi\/wp-json\/wp\/v2\/tags?post=269900"}],"curies":[{"name":"wp","href":"https:\/\/api.w.org\/{rel}","templated":true}]}}