{"id":269951,"date":"2026-06-07T15:06:15","date_gmt":"2026-06-07T15:06:15","guid":{"rendered":"https:\/\/www.europesays.com\/fi\/269951\/"},"modified":"2026-06-07T15:06:15","modified_gmt":"2026-06-07T15:06:15","slug":"max-verstappen-ja-valtteri-bottas-nopeasti-ulkona-monacossa-f1-kisa-dramaattisesti-keskeytyksissa-urheilua-lyhyesti","status":"publish","type":"post","link":"https:\/\/www.europesays.com\/fi\/269951\/","title":{"rendered":"Max Verstappen ja Valtteri Bottas nopeasti ulkona Monacossa \u2013 F1-kisa dramaattisesti keskeytyksiss\u00e4 | Urheilua lyhyesti"},"content":{"rendered":"<p class=\"aw__sc-1qwuw0s-0 aw__sc-1vg2sqm-0 epAWpq ecELkD yle__article__paragraph\">Monacon GP:ss\u00e4 Max Verstappenin ja Valtteri Bottaksen kisat p\u00e4\u00e4ttyiv\u00e4t nopeasti. Verstappenin kisa oli jo ohi heti l\u00e4hd\u00f6n j\u00e4lkeen.<\/p>\n<p><img decoding=\"async\" alt=\"Max Verstappen n\u00e4ytt\u00e4\u00e4 tuohtuneelta.\" src=\"https:\/\/www.europesays.com\/fi\/wp-content\/uploads\/2026\/06\/1774864324.jpeg\" class=\"aw__sc-dklauk-0 LPzKX\"\/><\/p>\n<p>Avaa kuvien katselu<\/p>\n<p>Max Verstappenilla on ollut hankala alkukausi. Kuva: Clive Rose \/ Formula 1 \/ Getty Images<\/p>\n<p>16:38\u2022P\u00e4ivitetty 17:41<\/p>\n<p class=\"aw__sc-1qwuw0s-0 aw__sc-16t12w3-0 epAWpq ilisRd yle__accessibilityText\">Osa artikkelin sis\u00e4ll\u00f6st\u00e4 ei ole v\u00e4ltt\u00e4m\u00e4tt\u00e4 saavutettavissa esimerkiksi ruudunlukuohjelmalla.<\/p>\n<p class=\"aw__sc-1qwuw0s-0 aw__sc-ngllmo-0 epAWpq fzYpjk yle__article__paragraph\">Formula ykk\u00f6sten Monacon GP starttasi dramaattisesti, kun toisesta ruudusta l\u00e4htenyt <strong class=\"aw__sc-ngllmo-2 gdRrun yle__article__strong\">Max Verstappen<\/strong> p\u00e4\u00e4si huonosti liikkeelle. Verstappen nytk\u00e4hti irti l\u00e4ht\u00f6paikaltaan, mutta hetken p\u00e4\u00e4st\u00e4 auto hyytyi. Verstappen keskeytti lopulta ensimm\u00e4isen kierroksen j\u00e4lkeen.<\/p>\n<p class=\"aw__sc-1qwuw0s-0 aw__sc-ngllmo-0 epAWpq fzYpjk yle__article__paragraph\"><strong class=\"aw__sc-ngllmo-2 gdRrun yle__article__strong\">Valtteri Bottas<\/strong> puolestaan keskeytti toisena kuljettajana kilpailun 18. kierroksella 78 kierroksen kisassa. Bottakselle ilmoitettiin, ett\u00e4 auto pit\u00e4\u00e4 j\u00e4\u00e4hdytt\u00e4\u00e4 ja ottaa varikolle. My\u00f6hemmin Cadillac <a class=\"aw__sc-ngllmo-1 bTDnwX yle__article__link\" href=\"https:\/\/x.com\/cadillac_f1\/status\/2063615335748542879?s=46\" role=\"link\" rel=\"nofollow\">tiedotti<\/a>, ett\u00e4 kyse on jarruongelmista. Sek\u00e4 Bottaksella ett\u00e4 toisella Cadillac-kuljettaja <strong class=\"aw__sc-ngllmo-2 gdRrun yle__article__strong\">Sergio Perezill\u00e4<\/strong> oli jo aiemmin Monacossa jarruongelmia.<\/p>\n<p><img decoding=\"async\" alt=\"Valtteri Bottas Monacon GP:ss\u00e4 2026.\" src=\"https:\/\/www.europesays.com\/fi\/wp-content\/uploads\/2026\/06\/1780840035.jpeg\" loading=\"lazy\" class=\"aw__sc-dklauk-0 LPzKX\"\/><\/p>\n<p>Avaa kuvien katselu<\/p>\n<p>Valtteri Bottaksen (etualalla) Monacon GP oli t\u00e4n\u00e4 vuonna lyhyt. Kuva: XPB Images<\/p>\n<p class=\"aw__sc-1qwuw0s-0 aw__sc-ngllmo-0 epAWpq fzYpjk yle__article__paragraph\">Nelinkertaiselle mestarille Verstappenille kaudenalku on todella hankala. H\u00e4n oli ennen Monacon kisaa seitsem\u00e4nten\u00e4 kuljettajien mestaruustaistossa ja per\u00e4ti 88 pistett\u00e4 per\u00e4ss\u00e4 sarjaa johtavaa Mercedeksen <strong class=\"aw__sc-ngllmo-2 gdRrun yle__article__strong\">Kimi Antonellia<\/strong>.<\/p>\n<p><img decoding=\"async\" alt=\"Max Verstappen Monacon GP:ss\u00e4 hitaana.\" src=\"https:\/\/www.europesays.com\/fi\/wp-content\/uploads\/2026\/06\/1780840005.jpeg\" loading=\"lazy\" class=\"aw__sc-dklauk-0 LPzKX\"\/><\/p>\n<p>Avaa kuvien katselu<\/p>\n<p>Max Verstappen k\u00f6r\u00f6tteli moottorivian j\u00e4lkeen Monacon GP:ss\u00e4. Kuva: Getty Images<\/p>\n<p class=\"aw__sc-1qwuw0s-0 aw__sc-ngllmo-0 epAWpq fzYpjk yle__article__paragraph\">Verstappen kertoi keskeytyksens\u00e4 j\u00e4lkeen Sky Sportsille, ett\u00e4 jo l\u00e4mmittelykierros ei mennyt hyvin.<\/p>\n<p class=\"aw__sc-1qwuw0s-0 aw__sc-ngllmo-0 epAWpq fzYpjk yle__article__paragraph\">\u2013 Jo ennen l\u00e4ht\u00f6\u00e4 tuntui kauhealta. Moottori vain kuoli, Verstappen <a class=\"aw__sc-ngllmo-1 bTDnwX yle__article__link\" href=\"https:\/\/www.skysports.com\/f1\/live-blog\/12433\/13550466\/f1-monaco-gp-live-race-updates-results-stream-highlights-from-sixth-round-of-2026-formula-1-season-in-monte-carlo\" role=\"link\" rel=\"nofollow noopener\" target=\"_blank\">sanoi<\/a>.<\/p>\n<p class=\"aw__sc-1qwuw0s-0 aw__sc-ngllmo-0 epAWpq fzYpjk yle__article__paragraph\">\u2013 Sain v\u00e4h\u00e4n takaisin voimaa moottoriin ensimm\u00e4isen mutkan j\u00e4lkeen. Moottori kuulosti todella kauhealta. En voinut menn\u00e4 t\u00e4ydell\u00e4 kaasulla. Palasimme sitten varikolle ja se oli sitten siin\u00e4.<\/p>\n<p>Leclercill\u00e4 draamaa, kisa kesken<\/p>\n<p class=\"aw__sc-1qwuw0s-0 aw__sc-ngllmo-0 epAWpq fzYpjk yle__article__paragraph\">19-vuotia Kimi Antonelli on voittanut sensaatiomaisesti nelj\u00e4 kilpailua per\u00e4kk\u00e4in ja johtaa sarjaa ylivoimaisesti. Antonelli johti my\u00f6s Monacon kisaa ylivoimaisesti 60. kierrokselle saakka. Aston Martinin <strong class=\"aw__sc-ngllmo-2 gdRrun yle__article__strong\">Lance Stroll<\/strong> ajoi tuolloin sein\u00e4\u00e4n. Se toi radalle turva-auton. Antonelli hallitsi my\u00f6s uusintastartin ja piti johdon.<\/p>\n<p class=\"aw__sc-1qwuw0s-0 aw__sc-ngllmo-0 epAWpq fzYpjk yle__article__paragraph\">Ferrarin <strong class=\"aw__sc-ngllmo-2 gdRrun yle__article__strong\">Charles Leclercill\u00e4<\/strong> oli kotikisassaan draamaa loppuhetkill\u00e4. Leclerc oli kisassa kolmantena tallikaverinsa <strong class=\"aw__sc-ngllmo-2 gdRrun yle__article__strong\">Lewis Hamiltonin<\/strong> takana. Leclercille olisi voinut avautua turva-auton takia mahdollisuus nousta toiseksi, mutta h\u00e4net otettiinkin samaan aikaan Hamiltonin kanssa varikolle.<\/p>\n<p><img decoding=\"async\" alt=\"Ferrarin Charles Leclerc Monacon GP:ss\u00e4.\" src=\"https:\/\/www.europesays.com\/fi\/wp-content\/uploads\/2026\/06\/1780843501.jpeg\" loading=\"lazy\" class=\"aw__sc-dklauk-0 LPzKX\"\/><\/p>\n<p>Avaa kuvien katselu<\/p>\n<p>Monacolaisen Charles Leclercin kotikisa p\u00e4\u00e4ttyi ulosajoon. Kuva: XPB Images<\/p>\n<p class=\"aw__sc-1qwuw0s-0 aw__sc-ngllmo-0 epAWpq fzYpjk yle__article__paragraph\">Leclerc ei p\u00e4\u00e4ssyt siis eriaikaisella varikkopys\u00e4hdyksell\u00e4 turva-auton takana edes yritt\u00e4m\u00e4\u00e4n ohitusta Hamiltonista. Kun turva-auto poistui radalta, Leclerc t\u00e4r\u00e4ytti sein\u00e4\u00e4n. Monacolainen keskeytti ja avautui tiimiradiossa, ett\u00e4 ei halua ottaa vikaa t\u00e4llist\u00e4. Leclerc syytti ulosajosta jarruja.<\/p>\n<p class=\"aw__sc-1qwuw0s-0 aw__sc-ngllmo-0 epAWpq fzYpjk yle__article__paragraph\">Kymmenen kierrosta ennen maalia kisa keskeytettiin punaisella lipulla. Syy on Monacon radan asfaltin kunto viimeisess\u00e4 mutkassa. Juuri viimeisess\u00e4 mutkassa sek\u00e4 Stroll ett\u00e4 Leclerc ajoivat sein\u00e4\u00e4n. Kisa on jatkumassa 25 minuutin tauon j\u00e4lkeen Suomen aikaa kello 18.12.<\/p>\n<p class=\"aw__sc-1qwuw0s-0 aw__sc-ngllmo-0 epAWpq fzYpjk yle__article__paragraph\">P\u00e4ivitetty kello 17.37. Lis\u00e4tty tietoa kisan lopun tapahtumista.<\/p>\n","protected":false},"excerpt":{"rendered":"Monacon GP:ss\u00e4 Max Verstappenin ja Valtteri Bottaksen kisat p\u00e4\u00e4ttyiv\u00e4t nopeasti. Verstappenin kisa oli jo ohi heti l\u00e4hd\u00f6n j\u00e4lkeen.&hellip;\n","protected":false},"author":2,"featured_media":269952,"comment_status":"","ping_status":"","sticky":false,"template":"","format":"standard","meta":{"footnotes":"","_share_on_mastodon":"0"},"categories":[158],"tags":[3701,13735,33,31,30,3437,7571,2637,159,32,160,6336],"class_list":["post-269951","post","type-post","status-publish","format-standard","has-post-thumbnail","category-urheilu","tag-autourheilu","tag-charles-leclerc","tag-fi","tag-finland","tag-finnish","tag-formula-1","tag-max-verstappen","tag-monaco","tag-sports","tag-suomi","tag-urheilu","tag-valtteri-bottas"],"share_on_mastodon":{"url":"https:\/\/pubeurope.com\/@fi\/116709451013264331","error":""},"_links":{"self":[{"href":"https:\/\/www.europesays.com\/fi\/wp-json\/wp\/v2\/posts\/269951","targetHints":{"allow":["GET"]}}],"collection":[{"href":"https:\/\/www.europesays.com\/fi\/wp-json\/wp\/v2\/posts"}],"about":[{"href":"https:\/\/www.europesays.com\/fi\/wp-json\/wp\/v2\/types\/post"}],"author":[{"embeddable":true,"href":"https:\/\/www.europesays.com\/fi\/wp-json\/wp\/v2\/users\/2"}],"replies":[{"embeddable":true,"href":"https:\/\/www.europesays.com\/fi\/wp-json\/wp\/v2\/comments?post=269951"}],"version-history":[{"count":0,"href":"https:\/\/www.europesays.com\/fi\/wp-json\/wp\/v2\/posts\/269951\/revisions"}],"wp:featuredmedia":[{"embeddable":true,"href":"https:\/\/www.europesays.com\/fi\/wp-json\/wp\/v2\/media\/269952"}],"wp:attachment":[{"href":"https:\/\/www.europesays.com\/fi\/wp-json\/wp\/v2\/media?parent=269951"}],"wp:term":[{"taxonomy":"category","embeddable":true,"href":"https:\/\/www.europesays.com\/fi\/wp-json\/wp\/v2\/categories?post=269951"},{"taxonomy":"post_tag","embeddable":true,"href":"https:\/\/www.europesays.com\/fi\/wp-json\/wp\/v2\/tags?post=269951"}],"curies":[{"name":"wp","href":"https:\/\/api.w.org\/{rel}","templated":true}]}}