{"id":27021,"date":"2025-09-06T04:49:09","date_gmt":"2025-09-06T04:49:09","guid":{"rendered":"https:\/\/www.europesays.com\/fi\/27021\/"},"modified":"2025-09-06T04:49:09","modified_gmt":"2025-09-06T04:49:09","slug":"nyt-netflixissa-suomen-lahistolla-voi-iskea-valtava-maanjaristys-katastrofielokuva-nayttaa-tuhon-laajuuden","status":"publish","type":"post","link":"https:\/\/www.europesays.com\/fi\/27021\/","title":{"rendered":"Nyt Netflixiss\u00e4: Suomen l\u00e4hist\u00f6ll\u00e4 voi iske\u00e4 valtava maanj\u00e4ristys \u2013 katastrofielokuva n\u00e4ytt\u00e4\u00e4 tuhon laajuuden"},"content":{"rendered":"<p>Netflixin valikoimassa on nyt elokuva The Quake (2018). Se sijoittuu aikaan kolme vuotta The Wave (2015) -elokuvan tapahtumien j\u00e4lkeen. My\u00f6s se lis\u00e4ttiin Netflixiin.<\/p>\n<p>Elokuva pohjaa tarinansa Oslon alueen todelliseen maanj\u00e4ristysuhkaan. Vuonna 1904 kaupunkia ravisutti 5,4 magnitudin j\u00e4ristys, jonka keskus oli suoraan kaupungin alla. Nyky\u00e4\u00e4nkin alueella havaitaan pieni\u00e4 j\u00e4lkij\u00e4ristyksi\u00e4. Geologit eiv\u00e4t ole yksimielisi\u00e4, mutta useat tutkimukset viittaavat siihen, ett\u00e4 uusi suuri j\u00e4ristys voi olla mahdollinen \u2013 ajankohta on kuitenkin arvoitus.<\/p>\n<p>Ohjaajana <strong>John Andreas Andersen<\/strong>. N\u00e4yttelij\u00f6in\u00e4 <strong>Kristoffer Joner, Ane Dahl Torp, Jonas Hoff Oftebro, Edith Haagenrud-Sande <\/strong>sek\u00e4 <strong>Kathrine Thorborg Johansen<\/strong>.<\/p>\n<p>Episodi antoi elokuvalle <a href=\"https:\/\/www.episodi.fi\/elokuvat\/the-quake\/\" target=\"_blank\" rel=\"noreferrer noopener nofollow\">arvostelussa<\/a> nelj\u00e4 t\u00e4hte\u00e4:<\/p>\n<p>\u201dEritt\u00e4in hyv\u00e4 jatko-osa mutta my\u00f6s erinomainen katastrofielokuva, joka tarjoaa koko rahan edest\u00e4 juuri sit\u00e4 mit\u00e4 odottaakin.\u201d<\/p>\n<p>The Quake on my\u00f6s HBO Maxissa, Prime Videossa, SkyShowtimessa ja Viaplayssa.<\/p>\n<p>Elokuva sai kriitikoilta hyv\u00e4n vastaanoton, ja Rotten Tomatoesin kriitikkomittari on luvussa 85. Metacriticiss\u00e4 sill\u00e4 on 70 pistett\u00e4 sadasta. Rotten Tomatoesin konsensusteksti kuuluu seuraavasti:<\/p>\n<p>\u201dNautittavan \u00e4lyk\u00e4s toimintatrilleri The Quake tarjoaa runsaasti kynsien pureksintaa aiheuttavaa j\u00e4nnityst\u00e4, kuitenkaan uhraamatta hahmojen kehityst\u00e4 tai j\u00e4rke\u00e4.\u201d<\/p>\n<p>Alla traileri.<\/p>\n<p>Lue my\u00f6s: <a href=\"https:\/\/www.episodi.fi\/uutiset\/nyt-netflixissa-loistava-draamakomedia-karttyinen-mies-vastaan-maailma\/\" title=\"Nyt Netflixiss\u00e4: Loistava draamakomedia \u2013 k\u00e4rttyinen mies vastaan maailma\" class=\"underline-custom !font-montserrat !font-bold !underline-offset-4 !decoration-4 !decoration-episodi-blue !text-md\" rel=\"nofollow noopener\" target=\"_blank\">Nyt Netflixiss\u00e4: Loistava draamakomedia \u2013 k\u00e4rttyinen mies vastaan maailma<\/a><\/p>\n<p>Lue my\u00f6s: <a href=\"https:\/\/www.episodi.fi\/uutiset\/nyt-netflixissa-tassa-elokuvassa-tuhottiin-perati-sata-autoa-autovalmistaja-tuki-kuvauksia-lahjoittamalla-yhteensa-4-000-rengasta\/\" title=\"Nyt Netflixiss\u00e4: Haukutussa elokuvassa tuhottiin per\u00e4ti 100 pirssi\u00e4 \u2013 on sittemmin ker\u00e4nnyt ymp\u00e4rilleen innokkaan fanijoukon\" class=\"underline-custom !font-montserrat !font-bold !underline-offset-4 !decoration-4 !decoration-episodi-blue !text-md\" rel=\"nofollow noopener\" target=\"_blank\">Nyt Netflixiss\u00e4: Haukutussa elokuvassa tuhottiin per\u00e4ti 100 pirssi\u00e4 \u2013 on sittemmin ker\u00e4nnyt ymp\u00e4rilleen innokkaan fanijoukon<\/a><\/p>\n<p>Lue my\u00f6s: <a href=\"https:\/\/www.episodi.fi\/uutiset\/nyt-netflixissa-vauhdikas-toimintaelokuva-leffa-alkoi-kehittya-tuottajien-huomatessa-paakaksikon-valisen-aijakemian\/\" title=\"Nyt Netflixiss\u00e4: Vauhdikas toimintaelokuva! Leffa syntyi mahtavan \u00e4ij\u00e4kemian ansiosta\" class=\"underline-custom !font-montserrat !font-bold !underline-offset-4 !decoration-4 !decoration-episodi-blue !text-md\" rel=\"nofollow noopener\" target=\"_blank\">Nyt Netflixiss\u00e4: Vauhdikas toimintaelokuva! Leffa syntyi mahtavan \u00e4ij\u00e4kemian ansiosta<\/a><\/p>\n<p>Lue my\u00f6s: <a href=\"https:\/\/www.episodi.fi\/uutiset\/nyt-netflixissa-menestyselokuvien-sarjan-aloittanut-vauhtileffa-ykkososa-lienee-paras\/\" title=\"Nyt Netflixiss\u00e4: Menestyselokuvien sarjan aloittanut vauhtileffa \u2013 ykk\u00f6sosa lienee paras\" class=\"underline-custom !font-montserrat !font-bold !underline-offset-4 !decoration-4 !decoration-episodi-blue !text-md\" rel=\"nofollow noopener\" target=\"_blank\">Nyt Netflixiss\u00e4: Menestyselokuvien sarjan aloittanut vauhtileffa \u2013 ykk\u00f6sosa lienee paras<\/a><\/p>\n<p><img loading=\"lazy\" decoding=\"async\" alt=\"YouTube video\" width=\"480\" height=\"360\" data-pin-nopin=\"true\" nopin=\"nopin\" class=\"perfmatters-lazy\" src=\"https:\/\/www.europesays.com\/fi\/wp-content\/uploads\/2025\/09\/1757134149_521_hqdefault.jpg\"\/><\/p>\n<p>Lue my\u00f6s: <a href=\"https:\/\/www.episodi.fi\/uutiskirje\/?uutiskirjemainos=tekstilinkkimainos\" title=\"Tilaa Episodin uutiskirje ja voit voittaa leffalippuja! Nappaa tv-vinkit suoraan s\u00e4hk\u00f6postiin t\u00e4st\u00e4.\" class=\"underline-custom !font-montserrat !font-bold !underline-offset-4 !decoration-4 !decoration-episodi-blue !text-md\" rel=\"nofollow noopener\" target=\"_blank\">Tilaa Episodin uutiskirje ja voit voittaa leffalippuja! Nappaa katseluvinkit suoraan s\u00e4hk\u00f6postiin t\u00e4st\u00e4.<\/a><\/p>\n","protected":false},"excerpt":{"rendered":"Netflixin valikoimassa on nyt elokuva The Quake (2018). Se sijoittuu aikaan kolme vuotta The Wave (2015) -elokuvan tapahtumien&hellip;\n","protected":false},"author":2,"featured_media":27022,"comment_status":"","ping_status":"","sticky":false,"template":"","format":"standard","meta":{"footnotes":""},"categories":[130],"tags":[137,33,31,30,217,32,109],"class_list":{"0":"post-27021","1":"post","2":"type-post","3":"status-publish","4":"format-standard","5":"has-post-thumbnail","7":"category-viihde","8":"tag-entertainment","9":"tag-fi","10":"tag-finland","11":"tag-finnish","12":"tag-netflix","13":"tag-suomi","14":"tag-viihde"},"share_on_mastodon":{"url":"","error":""},"_links":{"self":[{"href":"https:\/\/www.europesays.com\/fi\/wp-json\/wp\/v2\/posts\/27021","targetHints":{"allow":["GET"]}}],"collection":[{"href":"https:\/\/www.europesays.com\/fi\/wp-json\/wp\/v2\/posts"}],"about":[{"href":"https:\/\/www.europesays.com\/fi\/wp-json\/wp\/v2\/types\/post"}],"author":[{"embeddable":true,"href":"https:\/\/www.europesays.com\/fi\/wp-json\/wp\/v2\/users\/2"}],"replies":[{"embeddable":true,"href":"https:\/\/www.europesays.com\/fi\/wp-json\/wp\/v2\/comments?post=27021"}],"version-history":[{"count":0,"href":"https:\/\/www.europesays.com\/fi\/wp-json\/wp\/v2\/posts\/27021\/revisions"}],"wp:featuredmedia":[{"embeddable":true,"href":"https:\/\/www.europesays.com\/fi\/wp-json\/wp\/v2\/media\/27022"}],"wp:attachment":[{"href":"https:\/\/www.europesays.com\/fi\/wp-json\/wp\/v2\/media?parent=27021"}],"wp:term":[{"taxonomy":"category","embeddable":true,"href":"https:\/\/www.europesays.com\/fi\/wp-json\/wp\/v2\/categories?post=27021"},{"taxonomy":"post_tag","embeddable":true,"href":"https:\/\/www.europesays.com\/fi\/wp-json\/wp\/v2\/tags?post=27021"}],"curies":[{"name":"wp","href":"https:\/\/api.w.org\/{rel}","templated":true}]}}