{"id":27030,"date":"2025-09-06T05:07:13","date_gmt":"2025-09-06T05:07:13","guid":{"rendered":"https:\/\/www.europesays.com\/fi\/27030\/"},"modified":"2025-09-06T05:07:13","modified_gmt":"2025-09-06T05:07:13","slug":"katsojilta-yksimielinen-tuomio-erikoisjoukot-luovuttajista-ei-edes-yrittanyt","status":"publish","type":"post","link":"https:\/\/www.europesays.com\/fi\/27030\/","title":{"rendered":"Katsojilta yksimielinen tuomio Erikoisjoukot-luovuttajista: &#8221;Ei edes yritt\u00e4nyt&#8221;"},"content":{"rendered":"<p>\n            Erikoisjoukot<br \/>\n            Sanoma\n        <\/p>\n<p class=\"subtitle \">Katsojat kummastelevat muun muassa sit\u00e4, miten kuvauksiin on valmistauduttu.<\/p>\n<p class=\"article-content article-content-width !bg-background\">Erikoisjoukot starttasi rytin\u00e4ll\u00e4 4. syyskuuta, sill\u00e4 kolme kokelasta luovutti ensimm\u00e4isen teht\u00e4v\u00e4n aikana. ,  ja  keskeyttiv\u00e4t kisansa.<\/p>\n<p class=\"article-content article-content-width !bg-background\">Katsojat kommentoivat luovuttajien enn\u00e4tyksellist\u00e4 m\u00e4\u00e4r\u00e4\u00e4 Nelosen <a href=\"https:\/\/www.facebook.com\/nelonen\/posts\/pfbid02otJQd6FMYVZi8Zsw82qotu4LBDgfZSasoEjR65CW9zWXGcjnZCG7KN3GAYJUSVfMl\" target=\"_blank\" rel=\"nofollow noopener\">Facebook<\/a>-sein\u00e4ll\u00e4 ja <a href=\"https:\/\/www.instagram.com\/p\/DOK2Ek4jM0t\/?hl=fi\" target=\"_blank\" rel=\"nofollow noopener\">Instagram<\/a>-tilill\u00e4 sek\u00e4 Jodel-viestipalvelussa.<\/p>\n<p class=\"article-content article-content-width !bg-background\">\u2013 Markus, ei ole p\u00e4rj\u00e4nnyt muissakaan tuon tyylisiss\u00e4 ohjelmissa.<\/p>\n<p class=\"article-content article-content-width !bg-background\">\u2013 P\u00f6yh\u00f6sest\u00e4 tuli deja vu, koska valitteli noita lonkkiaan Suuressa seikkailussa tai jossain vastaavasta. En ihan ymm\u00e4rr\u00e4, miksi ajatteli niiden sitten olevan kunnossa tuolla Erikoisjoukoissa?<\/p>\n<p class=\"article-content article-content-width !bg-background\">\u2013 Hyv\u00e4 kun kaikessa promomatskussa ollaan numerolaput k\u00e4dess\u00e4, ja todellisuudessa Archie&amp; co ei ehtinyt edes n\u00e4hd\u00e4 koko lappua.<\/p>\n<p>        <a itemprop=\"url\" href=\"https:\/\/www.seiska.fi\/katso\/archie-cruz-ulos-erikoisjoukoista-nain-han-kommentoi\/1920955\" rel=\"nofollow noopener\" target=\"_blank\"><\/p>\n<p>\nArchie Cruz ulos Erikoisjoukoista\n<\/p>\n<p class=\"section-date\">\n        <strong class=\"article-section\" data-section=\"katso\"><br \/>\n            katso<br \/>\n        <\/strong><br \/>\n        4.9. 22:01\n    <\/p>\n<p>    Archie Cruz ulos Erikoisjoukoista \u2013 n\u00e4in h\u00e4n kommentoi<\/p>\n<p itemprop=\"description\" class=\"subtitle \">\n    Rokkari luovutti tosi-tv-sarjassa ensimm\u00e4isen teht\u00e4v\u00e4n aikana.\n<\/p>\n<p>        <\/a><\/p>\n<p class=\"article-content article-content-width !bg-background\">\u2013 Eip\u00e4 yll\u00e4tt\u00e4nyt, ett\u00e4 Archie l\u00e4hti ensimm\u00e4isen\u00e4.<\/p>\n<p class=\"article-content article-content-width !bg-background\">\u2013 Veikkaan, ett\u00e4 Archie ja Markus meni hakemaan helpon bagin rahaa ja v\u00e4h\u00e4n julkisuutta lis\u00e4\u00e4. Tiesiv\u00e4t molemmat, ettei heist\u00e4 ole tuohon. Rantamaa tosin vaikutti silt\u00e4, ett\u00e4 oikeasti yritti ja luuli, ett\u00e4 pystyisi.<\/p>\n<p class=\"article-content article-content-width !bg-background\">\u2013 Noista kolmesta uskon, ett\u00e4 Markus oli oikeasti kivuissa (ja toki rapakunnossa), Aleksi sent\u00e4\u00e4n v\u00e4h\u00e4n yritti, mutta Archiesta ei voi sanoa, ett\u00e4 olisi edes yritt\u00e4nyt.<\/p>\n<p class=\"article-content article-content-width !bg-background\">\u2013 Aleksi ja Arttu, isot puheet, mutta pienet teot.<\/p>\n<p>                <img decoding=\"async\" src=\"https:\/\/www.europesays.com\/fi\/wp-content\/uploads\/2025\/09\/1890131.webp\" width=\"576\" height=\"274\" alt=\"Ensimm\u00e4isen jakson aikana joukosta l\u00e4htiv\u00e4t Archie Cruz, Markus P\u00f6yh\u00f6nen ja Aleksi Rantamaa. J\u00e4ljell\u00e4 ovat Karoliina Blackburn, Nino \u00c4rling, Mika Poutala, Nico Salo, Sonja Aiello, Mauro Severino, Iida Ketola, Noora Toivo, Mikko Kek\u00e4l\u00e4inen, Elina M\u00e4kinen, Mikael Renwall, Robert Helenius, Tiia Aalto.\" loading=\"lazy\" \/>            <\/p>\n<p>\n            Ensimm\u00e4isen jakson aikana joukosta l\u00e4htiv\u00e4t Archie Cruz, Markus P\u00f6yh\u00f6nen ja Aleksi Rantamaa. J\u00e4ljell\u00e4 ovat Karoliina Blackburn, Nino \u00c4rling, Mika Poutala, Nico Salo, Sonja Aiello, Mauro Severino, Iida Ketola, Noora Toivo, Mikko Kek\u00e4l\u00e4inen, Elina M\u00e4kinen, Mikael Renwall, Robert Helenius, Tiia Aalto.<br \/>\n            Sanoma\n        <\/p>\n<p>Tuttua menoa<\/p>\n<p class=\"article-content article-content-width !bg-background\">Monet katsojat pohtivat somessa, miten kokelaat ovat valmistautuneet leirille. Naiskokelaiden suoritusta on erityisesti kehuttu. Er\u00e4s kertoo saaneensa tyydytyksen tunteen, kun yksik\u00e4\u00e4n naisista ei luovuttanut jakson aikana.<\/p>\n<p class=\"article-content article-content-width !bg-background\">\u2013 T\u00e4mm\u00f6iseen ohjelmaan\/leiriin olet osallistumassa ja tied\u00e4t aivan varmasti, mit\u00e4 tulevan pit\u00e4\u00e4. T\u00e4ysin yll\u00e4tyksen\u00e4 tulee ilmeisesti monelle, ette ei kunto kest\u00e4, kun parin esteradan j\u00e4lkeen paikat aivan paskana.<\/p>\n<p>        <a itemprop=\"url\" href=\"https:\/\/www.seiska.fi\/katso\/ohhoh-ennatysmaara-luovuttajia-erikoisjoukoissa\/1919949\" rel=\"nofollow noopener\" target=\"_blank\"><\/p>\n<p>\nErikoisjoukot\n<\/p>\n<p class=\"section-date\">\n        <strong class=\"article-section\" data-section=\"katso\"><br \/>\n            katso<br \/>\n        <\/strong><br \/>\n        4.9. 21:55\n    <\/p>\n<p>    Ohhoh! Enn\u00e4tysm\u00e4\u00e4r\u00e4 luovuttajia Erikoisjoukoissa<\/p>\n<p itemprop=\"description\" class=\"subtitle \">\n    Heti ensimm\u00e4inen teht\u00e4v\u00e4 k\u00e4vi useammalle julkkikselle liian raskaaksi.\n<\/p>\n<p>        <\/a><\/p>\n<p class=\"article-content article-content-width !bg-background\">\u2013 Ai, ett\u00e4 oli taas tuttua menoa. Matias on mun suosikki n\u00e4ist\u00e4 nelj\u00e4st\u00e4 pomottajasta. Niin veem\u00e4inen, ett\u00e4 melkein itkett\u00e4\u00e4, vaikka vain makaan sohvalla ja katson r\u00e4\u00e4kki\u00e4. Mika Poutala on varmasti kilpailijoista k\u00e4rjess\u00e4.<\/p>\n<p class=\"article-content article-content-width !bg-background\">\u2013 T\u00e4m\u00e4 kausihan kerke\u00e4\u00e4 loppua parissa p\u00e4iv\u00e4ss\u00e4, jos taso on t\u00e4t\u00e4. Joo on tuolla kyll\u00e4 my\u00f6s kovia, joista voisi kuvitella, ett\u00e4 l\u00e4p\u00e4isee leirin, mutta kolme jo l\u00e4htenyt.<\/p>\n<p class=\"article-content article-content-width !bg-background\">\u2013 Tuntuu, ett\u00e4 t\u00e4ll\u00e4 kaudella ei ole niin paljon \u00e4rsytt\u00e4vi\u00e4 persoonia mit\u00e4 aiemmin.<\/p>\n<p class=\"article-content article-content-width !bg-background\">\u2013 L\u00e4hteek\u00f6 miehet tuonne enemm\u00e4n ylimielisin\u00e4 ja paskakuntoisina, ja naiset ovat oikeasti enemm\u00e4n valmiita ja valmistautuneita?<\/p>\n<p class=\"article-content article-content-width !bg-background\">\u2013 Ei nuo kouluttajat itse v\u00e4ltt\u00e4m\u00e4tt\u00e4 olisi edes l\u00e4hett\u00e4nyt ket\u00e4\u00e4n viel\u00e4 veks, kun ei ole numeroitakaan annettu.<\/p>\n<p class=\"italic m-italic article-content article-content-width !bg-background\">Erikoisjoukot torstaisin Nelosella ja Ruudussa.<\/p>\n<p>        <a itemprop=\"url\" href=\"https:\/\/www.seiska.fi\/katso\/podcast-briteissa-huolestuttiin-suomalaisesta-erikoisjoukot-ohjelmasta\/1919404\" rel=\"nofollow noopener\" target=\"_blank\"><\/p>\n<p>\nPodcast:\n<\/p>\n<p class=\"section-date\">\n        <strong class=\"article-section\" data-section=\"katso\"><br \/>\n            katso<br \/>\n        <\/strong><br \/>\n        4.9. 07:15\n    <\/p>\n<p>    Podcast: Briteiss\u00e4 huolestuttiin suomalaisesta Erikoisjoukot-ohjelmasta<\/p>\n<p itemprop=\"description\" class=\"subtitle \">\n    Tv:st\u00e4 tutut Erikoisjoukot-kouluttajat halusivat tehd\u00e4 ohjelman jo 10 vuotta sitten, mutta kanavat eiv\u00e4t olleet kiinnostuneita.\n<\/p>\n<p>        <\/a><\/p>\n<p><script async src=\"\/\/www.instagram.com\/embed.js\"><\/script><\/p>\n","protected":false},"excerpt":{"rendered":"Erikoisjoukot Sanoma Katsojat kummastelevat muun muassa sit\u00e4, miten kuvauksiin on valmistauduttu. Erikoisjoukot starttasi rytin\u00e4ll\u00e4 4. syyskuuta, sill\u00e4 kolme&hellip;\n","protected":false},"author":2,"featured_media":27031,"comment_status":"","ping_status":"","sticky":false,"template":"","format":"standard","meta":{"footnotes":""},"categories":[136],"tags":[8225,2345,407,137,2159,33,31,30,408,1751,5347,1758,2158,32,1318,109],"class_list":{"0":"post-27030","1":"post","2":"type-post","3":"status-publish","4":"format-standard","5":"has-post-thumbnail","7":"category-julkkikset","8":"tag-aleksi-rantamaa","9":"tag-archie-cruz","10":"tag-celebrities","11":"tag-entertainment","12":"tag-erikoisjoukot","13":"tag-fi","14":"tag-finland","15":"tag-finnish","16":"tag-julkkikset","17":"tag-katsojat","18":"tag-markus-poyhonen","19":"tag-nelonen","20":"tag-ruutu","21":"tag-suomi","22":"tag-tv-ohjelma","23":"tag-viihde"},"share_on_mastodon":{"url":"","error":""},"_links":{"self":[{"href":"https:\/\/www.europesays.com\/fi\/wp-json\/wp\/v2\/posts\/27030","targetHints":{"allow":["GET"]}}],"collection":[{"href":"https:\/\/www.europesays.com\/fi\/wp-json\/wp\/v2\/posts"}],"about":[{"href":"https:\/\/www.europesays.com\/fi\/wp-json\/wp\/v2\/types\/post"}],"author":[{"embeddable":true,"href":"https:\/\/www.europesays.com\/fi\/wp-json\/wp\/v2\/users\/2"}],"replies":[{"embeddable":true,"href":"https:\/\/www.europesays.com\/fi\/wp-json\/wp\/v2\/comments?post=27030"}],"version-history":[{"count":0,"href":"https:\/\/www.europesays.com\/fi\/wp-json\/wp\/v2\/posts\/27030\/revisions"}],"wp:featuredmedia":[{"embeddable":true,"href":"https:\/\/www.europesays.com\/fi\/wp-json\/wp\/v2\/media\/27031"}],"wp:attachment":[{"href":"https:\/\/www.europesays.com\/fi\/wp-json\/wp\/v2\/media?parent=27030"}],"wp:term":[{"taxonomy":"category","embeddable":true,"href":"https:\/\/www.europesays.com\/fi\/wp-json\/wp\/v2\/categories?post=27030"},{"taxonomy":"post_tag","embeddable":true,"href":"https:\/\/www.europesays.com\/fi\/wp-json\/wp\/v2\/tags?post=27030"}],"curies":[{"name":"wp","href":"https:\/\/api.w.org\/{rel}","templated":true}]}}