{"id":27034,"date":"2025-09-06T05:12:10","date_gmt":"2025-09-06T05:12:10","guid":{"rendered":"https:\/\/www.europesays.com\/fi\/27034\/"},"modified":"2025-09-06T05:12:10","modified_gmt":"2025-09-06T05:12:10","slug":"avatar-the-way-of-water-palaa-teattereihin-katso-uusi-traileri-ja-juliste","status":"publish","type":"post","link":"https:\/\/www.europesays.com\/fi\/27034\/","title":{"rendered":"Avatar: The Way of Water palaa teattereihin! \u2013 Katso uusi traileri ja juliste"},"content":{"rendered":"<p><strong>James Cameronin<\/strong> Avatar 2 eli Avatar: The Way of Water tienasi aikoinaan 2,320 miljardia dollaria lippukassoilla tehden siit\u00e4 kaikkien aikojen kolmanneksi eniten tienanneen elokuvan.<\/p>\n<p>Avatar: Fire and Ashin toivotaan tekev\u00e4n samankaltaisen tuloksen maailman lippukassoilla. Ajat ovat tosin muuttuneet, joten saapa n\u00e4hd\u00e4 miten k\u00e4y.<\/p>\n<p>Joulukuussa ensi-iltansa saavan Fire and Ashin kunniaksi fanit saavat ilokseen mannaa, sill\u00e4 The Way of Water py\u00f6rii viikon ajan maan elokuvateattereissa. Kyseess\u00e4 on 3D-uudelleenjulkaisu.<\/p>\n<p>Ensimm\u00e4iset n\u00e4yt\u00f6kset k\u00e4ynnistyv\u00e4t 3. lokakuuta.<\/p>\n<p>Avatar: The Way of Water sijoittuu yli kymmenen vuotta ensimm\u00e4isen elokuvan tapahtumien j\u00e4lkeen. Tarinan keski\u00f6ss\u00e4 on Sullyn perhe \u2013 Jake, Neytiri ja heid\u00e4n lapsensa \u2013 ja se kuvaa, kuinka pitk\u00e4lle he ovat valmiita menem\u00e4\u00e4n suojellakseen toisiaan. Elokuva kertoo heid\u00e4n mukanaan kulkevista vaikeuksista, selviytymisen taisteluista sek\u00e4 tragedioista, joita heid\u00e4n on kohdattava.<\/p>\n<p>Alla uusi traileri ja juliste.<\/p>\n<p><img loading=\"lazy\" decoding=\"async\" alt=\"YouTube video\" width=\"480\" height=\"360\" data-pin-nopin=\"true\" nopin=\"nopin\" class=\"perfmatters-lazy\" src=\"https:\/\/www.europesays.com\/fi\/wp-content\/uploads\/2025\/09\/1757135530_720_hqdefault.jpg\"\/><\/p>\n<p><img loading=\"lazy\" height=\"926\" width=\"648\" class=\"wp-image-243203 sp-no-webp perfmatters-lazy\" alt=\"\" decoding=\"async\" src=\"https:\/\/www.europesays.com\/fi\/wp-content\/uploads\/2025\/09\/corl2-001a-g-fin-fi-70x100-1-648x926.jpg\"  data-\/> <\/p>\n<p>Lue my\u00f6s: <a href=\"https:\/\/www.episodi.fi\/uutiskirje\/?uutiskirjemainos=tekstilinkkimainos\" title=\"Tilaa Episodin uutiskirje ja voit voittaa leffalippuja! Nappaa tv-vinkit suoraan s\u00e4hk\u00f6postiin t\u00e4st\u00e4.\" class=\"underline-custom !font-montserrat !font-bold !underline-offset-4 !decoration-4 !decoration-episodi-blue !text-md\" rel=\"nofollow noopener\" target=\"_blank\">Tilaa Episodin uutiskirje ja voit voittaa leffalippuja! Nappaa katseluvinkit suoraan s\u00e4hk\u00f6postiin t\u00e4st\u00e4.<\/a><\/p>\n","protected":false},"excerpt":{"rendered":"James Cameronin Avatar 2 eli Avatar: The Way of Water tienasi aikoinaan 2,320 miljardia dollaria lippukassoilla tehden siit\u00e4&hellip;\n","protected":false},"author":2,"featured_media":27035,"comment_status":"","ping_status":"","sticky":false,"template":"","format":"standard","meta":{"footnotes":""},"categories":[131],"tags":[8500,8365,155,137,33,173,31,30,434,172,32,109],"class_list":{"0":"post-27034","1":"post","2":"type-post","3":"status-publish","4":"format-standard","5":"has-post-thumbnail","7":"category-elokuvat","8":"tag-3d","9":"tag-avatar-the-way-of-water","10":"tag-elokuvat","11":"tag-entertainment","12":"tag-fi","13":"tag-film","14":"tag-finland","15":"tag-finnish","16":"tag-james-cameron","17":"tag-movies","18":"tag-suomi","19":"tag-viihde"},"share_on_mastodon":{"url":"","error":""},"_links":{"self":[{"href":"https:\/\/www.europesays.com\/fi\/wp-json\/wp\/v2\/posts\/27034","targetHints":{"allow":["GET"]}}],"collection":[{"href":"https:\/\/www.europesays.com\/fi\/wp-json\/wp\/v2\/posts"}],"about":[{"href":"https:\/\/www.europesays.com\/fi\/wp-json\/wp\/v2\/types\/post"}],"author":[{"embeddable":true,"href":"https:\/\/www.europesays.com\/fi\/wp-json\/wp\/v2\/users\/2"}],"replies":[{"embeddable":true,"href":"https:\/\/www.europesays.com\/fi\/wp-json\/wp\/v2\/comments?post=27034"}],"version-history":[{"count":0,"href":"https:\/\/www.europesays.com\/fi\/wp-json\/wp\/v2\/posts\/27034\/revisions"}],"wp:featuredmedia":[{"embeddable":true,"href":"https:\/\/www.europesays.com\/fi\/wp-json\/wp\/v2\/media\/27035"}],"wp:attachment":[{"href":"https:\/\/www.europesays.com\/fi\/wp-json\/wp\/v2\/media?parent=27034"}],"wp:term":[{"taxonomy":"category","embeddable":true,"href":"https:\/\/www.europesays.com\/fi\/wp-json\/wp\/v2\/categories?post=27034"},{"taxonomy":"post_tag","embeddable":true,"href":"https:\/\/www.europesays.com\/fi\/wp-json\/wp\/v2\/tags?post=27034"}],"curies":[{"name":"wp","href":"https:\/\/api.w.org\/{rel}","templated":true}]}}