{"id":270347,"date":"2026-06-08T01:11:11","date_gmt":"2026-06-08T01:11:11","guid":{"rendered":"https:\/\/www.europesays.com\/fi\/270347\/"},"modified":"2026-06-08T01:11:11","modified_gmt":"2026-06-08T01:11:11","slug":"vantaan-kivistossa-raju-palo-kerrostaloasunnossa-tilanne-oli-pelottava-uutisia-lyhyesti","status":"publish","type":"post","link":"https:\/\/www.europesays.com\/fi\/270347\/","title":{"rendered":"Vantaan Kivist\u00f6ss\u00e4 raju palo kerrostaloasunnossa \u2013 \u201dTilanne oli pelottava\u201d | Uutisia lyhyesti"},"content":{"rendered":"<p class=\"aw__sc-1qwuw0s-0 aw__sc-1vg2sqm-0 epAWpq ecELkD yle__article__paragraph\">Palon ep\u00e4ill\u00e4\u00e4n alkaneen parvekkeelta.<\/p>\n<p>Video: Anastasiia Golovakho<\/p>\n<p class=\"aw__sc-1qwuw0s-0 aw__sc-ngllmo-0 epAWpq fzYpjk yle__article__paragraph\">Vantaan Kivist\u00f6ss\u00e4 Kvartsinraitilla paloi maanantain vastaisena y\u00f6n\u00e4 kerrostaloasunto. Palo ei aiheuttanut henkil\u00f6vahinkoja.<\/p>\n<p class=\"aw__sc-1qwuw0s-0 aw__sc-ngllmo-0 epAWpq fzYpjk yle__article__paragraph\">Keski-Uudenmaan pelastuslaitos kertoi puoli nelj\u00e4lt\u00e4 aamulla, ett\u00e4 pelastustoiminta Vantaalla oli p\u00e4\u00e4ttynyt. Tuli oli irti 7. kerroksessa sijaitsevassa asunnossa ja sen parvekkeella. Pelastuslaitoksen arvion mukaan palo on todenn\u00e4k\u00f6isesti syttynyt parvekkeelta.<\/p>\n<p class=\"aw__sc-1qwuw0s-0 aw__sc-ngllmo-0 epAWpq fzYpjk yle__article__paragraph\">Asunto k\u00e4rsi palovahingoista, yl\u00e4puoliset asunnot savuvahingoista ja alapuoliset asunnot jossain m\u00e4\u00e4rin vesivahingoista.<\/p>\n<p class=\"aw__sc-1qwuw0s-0 aw__sc-ngllmo-0 epAWpq fzYpjk yle__article__paragraph\">Keski-Uudenmaan pelastuslaitos sai h\u00e4lytyksen keskisuuresta rakennuspalosta maanantain vastaisena y\u00f6n\u00e4 hieman kello yhden j\u00e4lkeen.<\/p>\n<p class=\"aw__sc-1qwuw0s-0 aw__sc-ngllmo-0 epAWpq fzYpjk yle__article__paragraph\">Palaneen rakennuksen naapuritalossa asuva <strong class=\"aw__sc-ngllmo-2 gdRrun yle__article__strong\">Anastasiia Golovakho<\/strong> kertoi Ylelle her\u00e4nneens\u00e4 y\u00f6ll\u00e4 paloautojen \u00e4\u00e4neen.<\/p>\n<p class=\"aw__sc-1qwuw0s-0 aw__sc-ngllmo-0 epAWpq fzYpjk yle__article__paragraph\">\u2013 Tilanne oli pelottava, enk\u00e4 heti ymm\u00e4rt\u00e4nyt, mist\u00e4 on kyse, Golovakho kertoo.<\/p>\n<p class=\"aw__sc-1qwuw0s-0 aw__sc-ngllmo-0 epAWpq fzYpjk yle__article__paragraph\">H\u00e4n sanoi ottaneensa mukaansa puhelimensa, lompakkonsa ja juosseensa ulos.<\/p>\n<p class=\"aw__sc-1qwuw0s-0 aw__sc-ngllmo-0 epAWpq fzYpjk yle__article__paragraph\">\u2013 Kadulla oli runsaasti ihmisi\u00e4 seuraamassa paloa.<\/p>\n<p class=\"aw__sc-1qwuw0s-0 aw__sc-ngllmo-0 epAWpq fzYpjk yle__article__paragraph\">Paikalla paloa oli sammuttamassa yhdeks\u00e4n pelastuslaitoksen yksikk\u00f6\u00e4.<\/p>\n","protected":false},"excerpt":{"rendered":"Palon ep\u00e4ill\u00e4\u00e4n alkaneen parvekkeelta. Video: Anastasiia Golovakho Vantaan Kivist\u00f6ss\u00e4 Kvartsinraitilla paloi maanantain vastaisena y\u00f6n\u00e4 kerrostaloasunto. Palo ei aiheuttanut&hellip;\n","protected":false},"author":2,"featured_media":263754,"comment_status":"","ping_status":"","sticky":false,"template":"","format":"standard","meta":{"footnotes":"","_share_on_mastodon":"0"},"categories":[12],"tags":[22,23,26,27,33,31,30,17,7087,3821,71,24,25,28,29,15,837,18,21,32,19,20,1265,1168,16,2359],"class_list":["post-270347","post","type-post","status-publish","format-standard","has-post-thumbnail","category-suomi","tag-breaking-news","tag-breakingnews","tag-featured-news","tag-featurednews","tag-fi","tag-finland","tag-finnish","tag-headlines","tag-keski-uudenmaan-pelastuslaitos","tag-kivisto","tag-kotimaa","tag-latest-news","tag-latestnews","tag-main-news","tag-mainnews","tag-news","tag-onnettomuudet","tag-otsikot","tag-paauutiset","tag-suomi","tag-top-stories","tag-topstories","tag-tulipalot","tag-uusimaa","tag-uutiset","tag-vantaa"],"share_on_mastodon":{"url":"https:\/\/pubeurope.com\/@fi\/116711829472855488","error":""},"_links":{"self":[{"href":"https:\/\/www.europesays.com\/fi\/wp-json\/wp\/v2\/posts\/270347","targetHints":{"allow":["GET"]}}],"collection":[{"href":"https:\/\/www.europesays.com\/fi\/wp-json\/wp\/v2\/posts"}],"about":[{"href":"https:\/\/www.europesays.com\/fi\/wp-json\/wp\/v2\/types\/post"}],"author":[{"embeddable":true,"href":"https:\/\/www.europesays.com\/fi\/wp-json\/wp\/v2\/users\/2"}],"replies":[{"embeddable":true,"href":"https:\/\/www.europesays.com\/fi\/wp-json\/wp\/v2\/comments?post=270347"}],"version-history":[{"count":0,"href":"https:\/\/www.europesays.com\/fi\/wp-json\/wp\/v2\/posts\/270347\/revisions"}],"wp:featuredmedia":[{"embeddable":true,"href":"https:\/\/www.europesays.com\/fi\/wp-json\/wp\/v2\/media\/263754"}],"wp:attachment":[{"href":"https:\/\/www.europesays.com\/fi\/wp-json\/wp\/v2\/media?parent=270347"}],"wp:term":[{"taxonomy":"category","embeddable":true,"href":"https:\/\/www.europesays.com\/fi\/wp-json\/wp\/v2\/categories?post=270347"},{"taxonomy":"post_tag","embeddable":true,"href":"https:\/\/www.europesays.com\/fi\/wp-json\/wp\/v2\/tags?post=270347"}],"curies":[{"name":"wp","href":"https:\/\/api.w.org\/{rel}","templated":true}]}}