{"id":270656,"date":"2026-06-08T08:45:13","date_gmt":"2026-06-08T08:45:13","guid":{"rendered":"https:\/\/www.europesays.com\/fi\/270656\/"},"modified":"2026-06-08T08:45:13","modified_gmt":"2026-06-08T08:45:13","slug":"ymparisto-ymparistopalkinto-haikalan-paivakodille-kunniamaininta-mantsalaan-paikalliset","status":"publish","type":"post","link":"https:\/\/www.europesays.com\/fi\/270656\/","title":{"rendered":"Ymp\u00e4rist\u00f6 | Ymp\u00e4rist\u00f6palkinto Haikalan p\u00e4iv\u00e4kodille\u2009\u2013\u2009kunniamaininta M\u00e4nts\u00e4l\u00e4\u00e4n | Paikalliset"},"content":{"rendered":"<p>Keski-Uudenmaan ymp\u00e4rist\u00f6palkinto vuodelta 2026 on my\u00f6nnetty nurmij\u00e4rvel\u00e4iselle Haikalan p\u00e4iv\u00e4kodille monipuolisesta, pitk\u00e4j\u00e4nteisest\u00e4 ja vaikuttavasta ilmastoty\u00f6st\u00e4.<\/p>\n<p>Kymmenennen kerran jaetun palkinnon tarkoituksena on nostaa esille ymp\u00e4rist\u00f6tekoja Keski-Uudellamaalla ja kannustaa eri tahoja toimimaan esimerkillisesti ja ansiokkaasti ymp\u00e4rist\u00f6n hyv\u00e4ksi. T\u00e4n\u00e4 vuonna kilpailun teemana oli ilmastoteot.<\/p>\n<p>\u2013\u2009T\u00e4m\u00e4n vuoden teemalla halusimme l\u00f6yt\u00e4\u00e4 tahoja, jotka pyrkiv\u00e4t toiminnallaan v\u00e4hent\u00e4m\u00e4\u00e4n p\u00e4\u00e4st\u00f6j\u00e4, pienent\u00e4m\u00e4\u00e4n kulutusta ja toimimaan teoillaan esimerkkin\u00e4 my\u00f6s muille. Ilmastoteot ovat t\u00e4rkeit\u00e4, sill\u00e4 niill\u00e4 voidaan vaikuttaa meid\u00e4n kaikkien tulevaisuuteen, kertoo Keski-Uudenmaan ymp\u00e4rist\u00f6keskuksen ymp\u00e4rist\u00f6nsuojelup\u00e4\u00e4llikk\u00f6 <strong>Ekaterina Ikonen<\/strong>.<\/p>\n<p><strong class=\"diks-storyline__impact\">Voittajan<\/strong> palkitsemisen lis\u00e4ksi my\u00f6nnettiin kunniamaininta m\u00e4nts\u00e4l\u00e4l\u00e4iselle Eero Mikkola Oy:lle m\u00e4\u00e4r\u00e4tietoisesta ja konkreettisesta ilmastoty\u00f6st\u00e4 edell\u00e4k\u00e4vij\u00e4n\u00e4 kuljetus- ja logistiikka-alalla.<\/p>\n<p>Eero Mikkola Oy on perheyritys, joka on ottanut k\u00e4ytt\u00f6\u00f6ns\u00e4 biokaasu- ja t\u00e4yss\u00e4hk\u00f6kalustoa, kehitt\u00e4nyt kuljetusten p\u00e4\u00e4st\u00f6laskentaa ja toiminut alalla aktiivisesti vastuullisuuskysymysten esill\u00e4 pit\u00e4misess\u00e4. Perheyritys viett\u00e4\u00e4 vuonna 2026 yrityksen 100-vuotisjuhlaa.<\/p>\n<p>Keski-Uudenmaan ymp\u00e4rist\u00f6palkinto on jaettu vuodesta 2014 alkaen. Voittaja julkistetaan perinteisesti kes\u00e4kuussa maailman ymp\u00e4rist\u00f6p\u00e4iv\u00e4n 5.6. tienoilla.<\/p>\n<p>P\u00e4\u00e4t\u00f6kset palkinnon voittajista tekee Keski-Uudenmaan ymp\u00e4rist\u00f6lautakunta ymp\u00e4rist\u00f6keskuksen ohjausryhm\u00e4n ehdotuksen pohjalta.<\/p>\n<p>\t\t<a class=\"diks-gallery__link\" href=\"https:\/\/i.media.fi\/incoming\/co8yvp\/11489785.jpg\/alternates\/FREE_1440\/11489785.jpg\" data-thumbnail=\"\" data-sub-html=\"Ymp\u00e4rist\u00f6palkinto my\u00f6nnettiin nyt kymmenennen kerran. Keski-Uudenmaan ymp\u00e4rist\u00f6keskus\" aria-label=\"Katso isompi kuva\" rel=\"nofollow noopener\" target=\"_blank\"><br \/>\n\t\t\t\t<img class=\"diks-figure__image\" src=\"https:\/\/www.europesays.com\/fi\/wp-content\/uploads\/2026\/06\/11489785.jpg\" loading=\"lazy\" decoding=\"sync\" alt=\"\"\/><\/p>\n<p>\t\t\t<\/a><br \/>\n\t\t\t\t\tYmp\u00e4rist\u00f6palkinto my\u00f6nnettiin nyt kymmenennen kerran. Keski-Uudenmaan ymp\u00e4rist\u00f6keskus<\/p>\n<p><strong class=\"diks-storyline__impact\">Ymp\u00e4rist\u00f6palkinnon<\/strong> 2026 voittaja Haikalan p\u00e4iv\u00e4koti Nurmij\u00e4rven Klaukkalasta on pyrkinyt juurruttamaan ilmastotekoja osaksi p\u00e4iv\u00e4kodin arkea jo kymmenen vuoden ajan.<\/p>\n<p>P\u00e4iv\u00e4kodin ilmastoty\u00f6 juontaa juurensa vuoden 2016 Keski-Uudenmaan energiatehokkuushankkeen pilottiin, jonka my\u00f6t\u00e4 p\u00e4iv\u00e4kodissa tehtiin energiankulutuksen alkukartoitus, aloitettiin ekotukitoiminta ja perustettiin ekotiimi.<\/p>\n<p>Toiminnan ytimess\u00e4 ovat olleet energiankulutuksen ja materiaalien k\u00e4yt\u00f6n v\u00e4hent\u00e4minen, kest\u00e4v\u00e4n kuluttamisen opettelu sek\u00e4 j\u00e4tteiden m\u00e4\u00e4r\u00e4n v\u00e4hent\u00e4minen.<\/p>\n<p>Lapsille opetetaan my\u00f6s aineettomien asioiden arvostamista sek\u00e4 luonnon kunnioittamista.<\/p>\n<p><strong class=\"diks-storyline__impact\">Ilmasto- ja luontosuhdetta<\/strong> edistet\u00e4\u00e4n Haikalan p\u00e4iv\u00e4kodin arjessa useilla tavoilla.<\/p>\n<p>P\u00e4iv\u00e4kodilla j\u00e4rjestet\u00e4\u00e4n esimerkiksi tarpeettoman tavaran vaihtotoreja ja roskienkeruuk\u00e4velyit\u00e4, kierr\u00e4tet\u00e4\u00e4n leluja ja huolehditaan valojen ja laitteiden sammuttamisesta.<\/p>\n<p>Vedenkulutusta ja paperin k\u00e4ytt\u00f6\u00e4 pyrit\u00e4\u00e4n v\u00e4hent\u00e4m\u00e4\u00e4n, ja yhdess\u00e4 lasten kanssa on seurattu ruokah\u00e4vikki\u00e4 ja tehty j\u00e4tteen maatumiskokeita.<\/p>\n<p>My\u00f6s l\u00e4hiluonnossa retkeily kuuluu p\u00e4iv\u00e4kodin arkeen, ja t\u00e4n\u00e4 kev\u00e4\u00e4n\u00e4 aloitettiin projekti, jossa istutetaan m\u00e4nnynsiemeni\u00e4 ja seurataan niiden kasvua.<\/p>\n<p>Lapsilla on oma ekotiimi, jossa lapset p\u00e4\u00e4sev\u00e4t osallistumaan toiminnan suunnitteluun. P\u00e4iv\u00e4koti on mukana Vihre\u00e4 lippu -toiminnassa, joka on kest\u00e4v\u00e4n kehityksen ohjelma ja ymp\u00e4rist\u00f6sertifikaatti kasvatusalalle.<\/p>\n<p>Haikalan p\u00e4iv\u00e4kodin ymp\u00e4rist\u00f6kasvatusty\u00f6h\u00f6n osallistetaan my\u00f6s lasten perheit\u00e4 ja koko talon henkil\u00f6kuntaa, ja ilmastotietoisuus on merkitt\u00e4v\u00e4 yhteinen arvo p\u00e4iv\u00e4kodissa.<\/p>\n","protected":false},"excerpt":{"rendered":"Keski-Uudenmaan ymp\u00e4rist\u00f6palkinto vuodelta 2026 on my\u00f6nnetty nurmij\u00e4rvel\u00e4iselle Haikalan p\u00e4iv\u00e4kodille monipuolisesta, pitk\u00e4j\u00e4nteisest\u00e4 ja vaikuttavasta ilmastoty\u00f6st\u00e4. Kymmenennen kerran jaetun palkinnon&hellip;\n","protected":false},"author":2,"featured_media":270657,"comment_status":"","ping_status":"","sticky":false,"template":"","format":"standard","meta":{"footnotes":"","_share_on_mastodon":"0"},"categories":[113],"tags":[446,33,31,30,32018,2233,440,108,2370,118,32,119,447,709],"class_list":["post-270656","post","type-post","status-publish","format-standard","has-post-thumbnail","category-ymparisto","tag-environment","tag-fi","tag-finland","tag-finnish","tag-hyvat-uutiset","tag-hyvinvointi","tag-ihmiset","tag-kulttuuri","tag-mantsala","tag-science","tag-suomi","tag-tiede","tag-ymparisto","tag-ymparistoasiat"],"share_on_mastodon":{"url":"https:\/\/pubeurope.com\/@fi\/116713614693392660","error":""},"_links":{"self":[{"href":"https:\/\/www.europesays.com\/fi\/wp-json\/wp\/v2\/posts\/270656","targetHints":{"allow":["GET"]}}],"collection":[{"href":"https:\/\/www.europesays.com\/fi\/wp-json\/wp\/v2\/posts"}],"about":[{"href":"https:\/\/www.europesays.com\/fi\/wp-json\/wp\/v2\/types\/post"}],"author":[{"embeddable":true,"href":"https:\/\/www.europesays.com\/fi\/wp-json\/wp\/v2\/users\/2"}],"replies":[{"embeddable":true,"href":"https:\/\/www.europesays.com\/fi\/wp-json\/wp\/v2\/comments?post=270656"}],"version-history":[{"count":0,"href":"https:\/\/www.europesays.com\/fi\/wp-json\/wp\/v2\/posts\/270656\/revisions"}],"wp:featuredmedia":[{"embeddable":true,"href":"https:\/\/www.europesays.com\/fi\/wp-json\/wp\/v2\/media\/270657"}],"wp:attachment":[{"href":"https:\/\/www.europesays.com\/fi\/wp-json\/wp\/v2\/media?parent=270656"}],"wp:term":[{"taxonomy":"category","embeddable":true,"href":"https:\/\/www.europesays.com\/fi\/wp-json\/wp\/v2\/categories?post=270656"},{"taxonomy":"post_tag","embeddable":true,"href":"https:\/\/www.europesays.com\/fi\/wp-json\/wp\/v2\/tags?post=270656"}],"curies":[{"name":"wp","href":"https:\/\/api.w.org\/{rel}","templated":true}]}}