{"id":27086,"date":"2025-09-06T06:30:15","date_gmt":"2025-09-06T06:30:15","guid":{"rendered":"https:\/\/www.europesays.com\/fi\/27086\/"},"modified":"2025-09-06T06:30:15","modified_gmt":"2025-09-06T06:30:15","slug":"kauriinmetsastaja-elokuvan-ensiesitys-poiki-pommiuhkauksen-mtvlle-1984","status":"publish","type":"post","link":"https:\/\/www.europesays.com\/fi\/27086\/","title":{"rendered":"Kauriinmets\u00e4st\u00e4j\u00e4-elokuvan ensiesitys poiki pommiuhkauksen MTV:lle 1984"},"content":{"rendered":"<p>Aikoinaan elokuva sokeerasi my\u00f6s kokeneen mediatutkijan.<\/p>\n<p>1.9. 14:50<\/p>\n<p class=\"article-body nof-ui-body-medium margin-bottom-24 padding-x-16\">Juttu on julkaistu ensimm\u00e4ist\u00e4 kertaa 5.4.2024 klo 7.01.<\/p>\n<p class=\"article-body margin-bottom-24 padding-x-16\">Televisiossa esitet\u00e4\u00e4n t\u00e4n\u00e4\u00e4n viiden Oscar-palkinnon elokuva, joka on aiheuttanut Suomessa porua pariinkin otteeseen.<\/p>\n<p class=\"article-body margin-bottom-24 padding-x-16\">Kauriinmets\u00e4st\u00e4j\u00e4 julkaistiin vuonna 1978. Suomen teattereihin filmi saapui noin vuotta my\u00f6hemmin.<\/p>\n<p class=\"article-body margin-bottom-24 padding-x-16\"><a class=\"article-personlink\" href=\"https:\/\/www.is.fi\/haku\/?query=Robert%20De%20Niron\" rel=\"nofollow noopener\" target=\"_blank\">Robert De Niron<\/a> ja <a class=\"article-personlink\" href=\"https:\/\/www.is.fi\/haku\/?query=Meryl%20Streepin\" rel=\"nofollow noopener\" target=\"_blank\">Meryl Streepin<\/a> t\u00e4hditt\u00e4m\u00e4 sek\u00e4 <a class=\"article-personlink\" href=\"https:\/\/www.is.fi\/haku\/?query=Michael%20Ciminon\" rel=\"nofollow noopener\" target=\"_blank\">Michael Ciminon<\/a> ohjaama elokuva kertoo amerikkalaisista ter\u00e4stehdasty\u00f6l\u00e4isist\u00e4, jotka l\u00e4hetet\u00e4\u00e4n Vietnamin sotaan.<\/p>\n<p class=\"article-body margin-bottom-24 padding-x-16\">Elokuvan kuohuttavimmassa kohtauksessa vietnamilaiset sissit pakottavat vangiksi j\u00e4\u00e4neet ty\u00f6l\u00e4iset pelaamaan ven\u00e4l\u00e4ist\u00e4 rulettia. Ven\u00e4l\u00e4isess\u00e4 ruletissa revolveri ladataan yhdell\u00e4 tai useammalla patruunalla ja osallistujat laukaisevat aseen ohimolla. Koskaan ei voi tiet\u00e4\u00e4, onko paikalla tyhj\u00e4 laukaus vai luoti.<\/p>\n<p class=\"article-body margin-bottom-24 padding-x-16\">Kohtauksen katsottiin innostaneen ihmisi\u00e4 kokeilemaan \u201dpeli\u00e4\u201d my\u00f6s Suomessa.<\/p>\n<p class=\"article-body margin-bottom-24 padding-x-16\">\u2013 Kun Kauriinmets\u00e4st\u00e4j\u00e4 viitisen vuotta sitten esitettiin elokuvateattereissa, tietoon tuli ainakin nelj\u00e4 ven\u00e4l\u00e4isen ruletin uhria, jotka kaikki olivat katsoneet filmin ennen kuolemaansa, IS kertoi vuonna 1984.<\/p>\n<p><img decoding=\"async\" src=\"https:\/\/www.europesays.com\/fi\/wp-content\/uploads\/2025\/09\/1757140215_331_468.jpg\" alt=\"Kauriinmets\u00e4st\u00e4jien p\u00e4\u00e4osissa n\u00e4htiin muun muassa Robert De Niro ja Meryl Streep.\" class=\"_Img_tdqg8_1\" style=\"aspect-ratio:1.3333333333333333\" loading=\"eager\"\/><\/p>\n<p class=\"article-picture-caption\">Kauriinmets\u00e4st\u00e4jien p\u00e4\u00e4osissa n\u00e4htiin muun muassa Robert De Niro ja Meryl Streep. Kuva:\u00a0IS-Arkisto<\/p>\n<p class=\"article-body margin-bottom-24 padding-x-16\">Elokuvateatterissa Kauriinmets\u00e4st\u00e4j\u00e4n katsonut pitk\u00e4n linjan mediatutkija <a class=\"article-personlink\" href=\"https:\/\/www.is.fi\/haku\/?query=Veijo%20Hietala\" rel=\"nofollow noopener\" target=\"_blank\">Veijo Hietala<\/a> sanoo, ett\u00e4 h\u00e4nen mielest\u00e4\u00e4n elokuvan kauheus perustuu \u00e4killiseen tunnelmanmuutokseen. Idyllisest\u00e4 Pennsylvaniasta leikataan keskelle raadollista Vietnamin sotaa.<\/p>\n<p class=\"article-body margin-bottom-24 padding-x-16\">\u2013 Se j\u00e4i sokkina mieleen. En ollut miss\u00e4\u00e4n muussa elokuvassa n\u00e4hnyt niin nopeaa tunnelmanmuutosta, Hietala kertoo.<\/p>\n<p class=\"article-body margin-bottom-24 padding-x-16\">Suomen televisiossa Kauriinmets\u00e4st\u00e4j\u00e4 esitettiin ensimm\u00e4isen kerran vuonna 1984, kun kolmetuntinen elokuva n\u00e4htiin MTV:ll\u00e4.<\/p>\n<p class=\"article-body margin-bottom-24 padding-x-16\">Elokuvan esitt\u00e4mist\u00e4 vastustettiin, ja MTV sai sen vuoksi jopa pommiuhkauksen. Kirjeess\u00e4 uhattiin r\u00e4j\u00e4ytt\u00e4\u00e4 dynamiittipanos, jos elokuvan l\u00e4hett\u00e4mist\u00e4 ei peruta. Poliisi tarkasti MTV:n tilat Helsingin Pasilassa koirien ja useiden miesten voimin, mutta merkki\u00e4k\u00e4\u00e4n r\u00e4j\u00e4hteist\u00e4 ei l\u00f6ydetty.<\/p>\n<p class=\"article-body margin-bottom-24 padding-x-16\">Kirjeen oli allekirjoittanut &#8221;Viihdev\u00e4kivallan Vastustajat ei-r.y.&#8221;.<\/p>\n<p class=\"article-body margin-bottom-24 padding-x-16\">Lis\u00e4ksi MTV:n ja Ylen ohjelmap\u00e4ivystykset saivat elokuvan televisioimisesta kymmeni\u00e4 puheluita.<\/p>\n<p class=\"article-body margin-bottom-24 padding-x-16\">6. marraskuuta 1984 asiasta kirjoitettiin Ilta-Sanomissa seuraavasti:<\/p>\n<blockquote class=\"blockquote\">\n<p class=\"article-body margin-bottom-8\">Mtv:n ohjelmap\u00e4ivystys sai Kauriinmets\u00e4st\u00e4j\u00e4n esitt\u00e4mist\u00e4 vastustavia puheluja koko illan ennen elokuvan alkamista. Itse elokuvan aikana puheluja tuli vain nelj\u00e4, joista kahdessa kauhisteltiin elokuvaa ja kahdessa valitettiin mainoksia.<\/p>\n<p class=\"article-body margin-bottom-8\">Yleisradion ohjelmap\u00e4ivystys kertoi saaneensa ennen elokuvan esitt\u00e4mist\u00e4 kolmisenkymment\u00e4 puhelua. Enemm\u00e4nkin olisi varmasti tullut, jos kaikki soittajat olisivat p\u00e4\u00e4sseet l\u00e4pi. Puhelut olivat pitki\u00e4 ja soittajilla oli n\u00e4kemyksilleen runsaasti perusteluja.<\/p>\n<\/blockquote>\n<p class=\"article-body margin-bottom-24 padding-x-16\">Ennen elokuvan alkua MTV:n kuuluttaja varoitteli katsojia ja sanoi, ettei filmi sovi lapsille, nuorille tai sellaisille, joille voimakkaat sotakohtaukset voivat aiheuttaa ahdistusta.<\/p>\n<p class=\"article-body margin-bottom-24 padding-x-16\">Hietala arvioi, ett\u00e4 osa arvostelua oli my\u00f6s tulkinta elokuvan rasistisuudesta. Vietkong-sissit esitet\u00e4\u00e4n petomaisina ja yksiulotteisina roistoina, h\u00e4n luonnehtii tulkintaa.<\/p>\n<p class=\"article-body margin-bottom-24 padding-x-16\">Hietalan mielest\u00e4 elokuva on kuvattu ty\u00f6l\u00e4isten n\u00e4k\u00f6kulmasta ja osa teoksen vaikuttavuutta onkin samaistuttavat p\u00e4\u00e4henkil\u00f6t.<\/p>\n<p class=\"article-body margin-bottom-24 padding-x-16\">\u2013 Jos joutuu sotaan, vastustajan kokee ep\u00e4inhimillisen\u00e4, h\u00e4n pohtii.<\/p>\n<p><img decoding=\"async\" src=\"https:\/\/www.europesays.com\/fi\/wp-content\/uploads\/2025\/09\/1757140215_182_468.jpg\" alt=\"Veijo Hietala katsoi Kauriinmets\u00e4st\u00e4j\u00e4n elokuvateatterissa, kun se saapui Suomen valkokankaille.\" class=\"_Img_tdqg8_1\" style=\"aspect-ratio:1.5011727912431587\" loading=\"eager\"\/><\/p>\n<p class=\"article-picture-caption\">Veijo Hietala katsoi Kauriinmets\u00e4st\u00e4j\u00e4n elokuvateatterissa, kun se saapui Suomen valkokankaille. Kuva:\u00a0Vesa-Matti V\u00e4\u00e4r\u00e4<\/p>\n<p class=\"article-body margin-bottom-24 padding-x-16\">Vastustuksesta huolimatta elokuva n\u00e4ytettiin televisiossa: Pasilassa ei r\u00e4j\u00e4ht\u00e4nyt pommia, eik\u00e4 se tiett\u00e4v\u00e4sti innoittanut ven\u00e4l\u00e4iseen rulettiinkaan.<\/p>\n<p class=\"article-body margin-bottom-24 padding-x-16\">Maailmanlaajuisesti parin-kolmenkymmenen ihmisen kuolema on yhdistetty Kauriinmets\u00e4st\u00e4j\u00e4\u00e4n.<\/p>\n<p class=\"article-body margin-bottom-24 padding-x-16\">Hietala kertoo, ett\u00e4 elokuvat vaikuttavat vahvasti tunteisiin ja sit\u00e4 kautta k\u00e4ytt\u00e4ytymiseen.<\/p>\n<p class=\"article-body margin-bottom-24 padding-x-16\">\u2013 Aina l\u00f6ytyy muutamia ihmisi\u00e4, jotka innostuvat hulluistakin asioista elokuvissa.<\/p>\n<p class=\"article-body margin-bottom-24 padding-x-16\">\u2013 Jo vuosikausia on pohdittu sit\u00e4, miten paljon v\u00e4kivaltaiset elokuvat ja tv-sarjat vaikuttavat tosiel\u00e4m\u00e4n v\u00e4kivaltaan mallioppimisen kautta. Aihetta on vaikea yksiselitteisesti todistaa puoleen tai toiseen, Hietala kertoo.<\/p>\n<p class=\"article-body nof-ui-body-medium margin-bottom-24 padding-x-16\">Kauriinmets\u00e4st\u00e4j\u00e4, Sub klo 23.00 maanantaina 1.9.<\/p>\n","protected":false},"excerpt":{"rendered":"Aikoinaan elokuva sokeerasi my\u00f6s kokeneen mediatutkijan. 1.9. 14:50 Juttu on julkaistu ensimm\u00e4ist\u00e4 kertaa 5.4.2024 klo 7.01. Televisiossa esitet\u00e4\u00e4n&hellip;\n","protected":false},"author":2,"featured_media":27087,"comment_status":"","ping_status":"","sticky":false,"template":"","format":"standard","meta":{"footnotes":""},"categories":[131],"tags":[155,137,33,173,31,30,34,172,32,109],"class_list":{"0":"post-27086","1":"post","2":"type-post","3":"status-publish","4":"format-standard","5":"has-post-thumbnail","7":"category-elokuvat","8":"tag-elokuvat","9":"tag-entertainment","10":"tag-fi","11":"tag-film","12":"tag-finland","13":"tag-finnish","14":"tag-ilta-sanomat","15":"tag-movies","16":"tag-suomi","17":"tag-viihde"},"share_on_mastodon":{"url":"","error":""},"_links":{"self":[{"href":"https:\/\/www.europesays.com\/fi\/wp-json\/wp\/v2\/posts\/27086","targetHints":{"allow":["GET"]}}],"collection":[{"href":"https:\/\/www.europesays.com\/fi\/wp-json\/wp\/v2\/posts"}],"about":[{"href":"https:\/\/www.europesays.com\/fi\/wp-json\/wp\/v2\/types\/post"}],"author":[{"embeddable":true,"href":"https:\/\/www.europesays.com\/fi\/wp-json\/wp\/v2\/users\/2"}],"replies":[{"embeddable":true,"href":"https:\/\/www.europesays.com\/fi\/wp-json\/wp\/v2\/comments?post=27086"}],"version-history":[{"count":0,"href":"https:\/\/www.europesays.com\/fi\/wp-json\/wp\/v2\/posts\/27086\/revisions"}],"wp:featuredmedia":[{"embeddable":true,"href":"https:\/\/www.europesays.com\/fi\/wp-json\/wp\/v2\/media\/27087"}],"wp:attachment":[{"href":"https:\/\/www.europesays.com\/fi\/wp-json\/wp\/v2\/media?parent=27086"}],"wp:term":[{"taxonomy":"category","embeddable":true,"href":"https:\/\/www.europesays.com\/fi\/wp-json\/wp\/v2\/categories?post=27086"},{"taxonomy":"post_tag","embeddable":true,"href":"https:\/\/www.europesays.com\/fi\/wp-json\/wp\/v2\/tags?post=27086"}],"curies":[{"name":"wp","href":"https:\/\/api.w.org\/{rel}","templated":true}]}}