{"id":270922,"date":"2026-06-08T15:03:12","date_gmt":"2026-06-08T15:03:12","guid":{"rendered":"https:\/\/www.europesays.com\/fi\/270922\/"},"modified":"2026-06-08T15:03:12","modified_gmt":"2026-06-08T15:03:12","slug":"nain-hiljaiseloa-viettava-jere-karalahti-kuluttaa-aikaansa-paljastava-video","status":"publish","type":"post","link":"https:\/\/www.europesays.com\/fi\/270922\/","title":{"rendered":"N\u00e4in hiljaiseloa viett\u00e4v\u00e4 Jere Karalahti kuluttaa aikaansa \u2013 paljastava video"},"content":{"rendered":"<p>            Timo Korhonen\n        <\/p>\n<p class=\"subtitle \">Jere on p\u00e4\u00e4ssyt nauttimaan kes\u00e4isest\u00e4 s\u00e4\u00e4st\u00e4.<\/p>\n<p class=\"article-content article-content-width !bg-background\">Ex-j\u00e4\u00e4kiekkoilija , 51, tuomittiin huhtikuussa t\u00f6rke\u00e4st\u00e4 huumausainerikoksesta. Helsingin k\u00e4r\u00e4j\u00e4oikeus langetti tuomion ehdollisena, eli Jere v\u00e4ltti vankilan.\u00a0<\/p>\n<p class=\"font-weight-bold m-font-weight-bold article-content article-content-width !bg-background\">Video: jere Karalahti yll\u00e4tti j\u00e4\u00e4hallilla:<\/p>\n<p class=\"article-content article-content-width !bg-background\">Jere oli kuitenkin jo aiemmin ehtinyt istua kiven sis\u00e4ss\u00e4 hyv\u00e4n tovin. Kiekkolegenda vangittiin lokakuun 2025 alussa. H\u00e4net vapautettiin tutkintavankeudesta helmikuussa, joten h\u00e4n oli vangittuna useita kuukausia.\u00a0<\/p>\n<p>Uudenlainen maila<\/p>\n<p class=\"article-content article-content-width !bg-background\">Huhtikuisen oikeudenk\u00e4ynnin j\u00e4lkeen Jere on viett\u00e4nyt p\u00e4\u00e4asiassa hiljaiseloa.<a href=\"https:\/\/www.seiska.fi\/urheilu\/jotain-tuloillaan-huumetuomion-saanut-jere-karalahti-yllattavissa-puuhissa\/2173963\" target=\"_blank\" rel=\"nofollow noopener\"> Kes\u00e4n alkutahdeilla h\u00e4n on kuitenkin aktivoitunut sosiaalisessa mediassa<\/a>.\u00a0<\/p>\n<p>        <a itemprop=\"url\" href=\"https:\/\/www.seiska.fi\/urheilu\/jotain-tuloillaan-huumetuomion-saanut-jere-karalahti-yllattavissa-puuhissa\/2173963\" rel=\"nofollow noopener\" target=\"_blank\"><\/p>\n<p>\nJotain tuloillaan?\n<\/p>\n<p class=\"section-date\">\n        <strong class=\"article-section\" data-section=\"urheilu\"><br \/>\n            urheilu<br \/>\n        <\/strong><br \/>\n        6.6. 12:45\n    <\/p>\n<p>Jotain tuloillaan? Huumetuomion saanut Jere Karalahti yll\u00e4tt\u00e4viss\u00e4 puuhissa!\n    <\/p>\n<p itemprop=\"description\" class=\"subtitle \">\n    Tuomio yhdest\u00e4 t\u00f6rke\u00e4st\u00e4 huumausainerikoksesta oli jopa iloinen yll\u00e4tys Jere Karalahdelle, sill\u00e4 syytt\u00e4j\u00e4 haki ex-kiekkoilijalle tuomiota kahdesta t\u00f6rke\u00e4st\u00e4 huumausainerikoksesta ja yhdest\u00e4 perusmuotoisesta huumausainerikoksesta.\n<\/p>\n<p>        <\/a><\/p>\n<p>                <img decoding=\"async\" src=\"https:\/\/www.europesays.com\/fi\/wp-content\/uploads\/2026\/06\/2175364.webp\" width=\"576\" height=\"720\" alt=\"Jere ei pahemmin ole parrasvaloissa paistatellut huhtikuisen oikeudenk\u00e4yntins\u00e4 j\u00e4lkeen.\" loading=\"lazy\" \/>            <\/p>\n<p>\n            Jere ei pahemmin ole parrasvaloissa paistatellut huhtikuisen oikeudenk\u00e4yntins\u00e4 j\u00e4lkeen.<br \/>\n            Timo Korhonen\n        <\/p>\n<p class=\"article-content article-content-width !bg-background\">Perjantaina (5.6.) Jere julkaisi Instagram-tarinoissaan golfiin liittyvi\u00e4 videoita. Golfk\u00e4rryjen lis\u00e4ksi p\u00e4tkiss\u00e4 vilahteli kuvauskalustoa. Yhdell\u00e4 videoista Jere taasen piteli k\u00e4siss\u00e4\u00e4n rautaista mailaa.<\/p>\n<p class=\"article-content article-content-width !bg-background\">\u00a0Julkaisut ovat sittemmin ehtineet poistua, eik\u00e4 Jere tarkemmin avannut niiden sis\u00e4lt\u00f6\u00e4. Kaikesta p\u00e4\u00e4tellen h\u00e4n oli kuitenkin jonkin sortin kuvauksissa.\u00a0<\/p>\n<p>Kapteeni Karalahti<\/p>\n<p class=\"article-content article-content-width !bg-background\">L\u00e4tk\u00e4t\u00e4hden some-el\u00e4m\u00e4 sai jatkoa sek\u00e4 sunnuntaina ett\u00e4 maanantaina. 24 tuntia katsottavissa olevilla videoilla Jere on veneen kyydiss\u00e4.\u00a0<\/p>\n<p class=\"article-content article-content-width !bg-background\">Ensimm\u00e4isess\u00e4 p\u00e4tk\u00e4ss\u00e4 pursi paahtaa vauhdilla eteenp\u00e4in, kameran kuvatessa hurjastelusta syntyvi\u00e4 vaahtop\u00e4it\u00e4.\u00a0<\/p>\n<p>        <a itemprop=\"url\" href=\"https:\/\/www.seiska.fi\/kotimaa\/nannan-karalahden-niklas-rakas-joutui-lopettamaan-uransa-ikavien-asioiden-tiimoilta\/2160875\" rel=\"nofollow noopener\" target=\"_blank\"><\/p>\n<p>\nNannan Karalahden Niklas-rakas\n<\/p>\n<p class=\"section-date\">\n        <strong class=\"article-section\" data-section=\"kotimaa\"><br \/>\n            kotimaa<br \/>\n        <\/strong><br \/>\n        24.5. 17:30\n    <\/p>\n<p>Nannan Karalahden Niklas-rakas joutui lopettamaan uransa ik\u00e4vien asioiden tiimoilta\n    <\/p>\n<p itemprop=\"description\" class=\"subtitle \">\n    Nannan 190-senttinen melojakarpaasi joutui lopettamaan uransa aikanaan muun muassa taloudellisista syist\u00e4.\n<\/p>\n<p>        <\/a><\/p>\n<p>                <img decoding=\"async\" src=\"https:\/\/www.europesays.com\/fi\/wp-content\/uploads\/2026\/06\/2175368.webp\" width=\"576\" height=\"639\" alt=\"Jere on n\u00e4hty aiemmin nyrkkeilykeh\u00e4ss\u00e4kin.\" loading=\"lazy\" \/>            <\/p>\n<p>\n            Jere on n\u00e4hty aiemmin nyrkkeilykeh\u00e4ss\u00e4kin.<br \/>\n            Miikka Kaskinen\n        <\/p>\n<p class=\"article-content article-content-width !bg-background\">Tuoreemmassa otoksessa Jere istuu ruorissa, siis kapteenin paikalla. Mies istuu selk\u00e4 kameraan p\u00e4in, katse tiukasti suunnattuna edess\u00e4 n\u00e4kyv\u00e4\u00e4n maa-alueeseen.\u00a0<\/p>\n<p class=\"article-content article-content-width !bg-background\">Valkoiseen t-paitaan ja kes\u00e4isiin shortseihin pukeutunut Jere on valinnut julkaisun taustalle soimaan oivallisen kappaleen. Pirates of the Caribbean -elokuvan tunnusmusiikki lienee kaikille tuttu, ja erityisen sopiva merelliseen milj\u00f6\u00f6seen.\u00a0<\/p>\n<p>        <a itemprop=\"url\" href=\"https:\/\/www.seiska.fi\/kotimaa\/nanna-ja-jere-karalahden-oikeusriidassa-yllatyskaanne\/2142519\" rel=\"nofollow noopener\" target=\"_blank\"><\/p>\n<p>\nNanna ja Jere Karalahti\n<\/p>\n<p class=\"section-date\">\n        <strong class=\"article-section\" data-section=\"kotimaa\"><br \/>\n            kotimaa<br \/>\n        <\/strong><br \/>\n        4.5. 13:29\n    <\/p>\n<p>Nanna ja Jere Karalahden oikeusriidassa yll\u00e4tysk\u00e4\u00e4nne!\n    <\/p>\n<p itemprop=\"description\" class=\"subtitle \">\n    Nanna ja Jere Karalahti eiv\u00e4t kohdanneet oikeustalon k\u00e4yt\u00e4vill\u00e4.\n<\/p>\n<p>        <\/a><\/p>\n","protected":false},"excerpt":{"rendered":"Timo Korhonen Jere on p\u00e4\u00e4ssyt nauttimaan kes\u00e4isest\u00e4 s\u00e4\u00e4st\u00e4. Ex-j\u00e4\u00e4kiekkoilija , 51, tuomittiin huhtikuussa t\u00f6rke\u00e4st\u00e4 huumausainerikoksesta. Helsingin k\u00e4r\u00e4j\u00e4oikeus langetti&hellip;\n","protected":false},"author":2,"featured_media":270923,"comment_status":"","ping_status":"","sticky":false,"template":"","format":"standard","meta":{"footnotes":"","_share_on_mastodon":"0"},"categories":[158],"tags":[33,31,30,3271,159,32,3810,160,1189,13591,10760,109],"class_list":["post-270922","post","type-post","status-publish","format-standard","has-post-thumbnail","category-urheilu","tag-fi","tag-finland","tag-finnish","tag-jere-karalahti","tag-sports","tag-suomi","tag-tuomio","tag-urheilu","tag-vankila","tag-vapaus","tag-veneily","tag-viihde"],"share_on_mastodon":{"url":"https:\/\/pubeurope.com\/@fi\/116715101521098347","error":""},"_links":{"self":[{"href":"https:\/\/www.europesays.com\/fi\/wp-json\/wp\/v2\/posts\/270922","targetHints":{"allow":["GET"]}}],"collection":[{"href":"https:\/\/www.europesays.com\/fi\/wp-json\/wp\/v2\/posts"}],"about":[{"href":"https:\/\/www.europesays.com\/fi\/wp-json\/wp\/v2\/types\/post"}],"author":[{"embeddable":true,"href":"https:\/\/www.europesays.com\/fi\/wp-json\/wp\/v2\/users\/2"}],"replies":[{"embeddable":true,"href":"https:\/\/www.europesays.com\/fi\/wp-json\/wp\/v2\/comments?post=270922"}],"version-history":[{"count":0,"href":"https:\/\/www.europesays.com\/fi\/wp-json\/wp\/v2\/posts\/270922\/revisions"}],"wp:featuredmedia":[{"embeddable":true,"href":"https:\/\/www.europesays.com\/fi\/wp-json\/wp\/v2\/media\/270923"}],"wp:attachment":[{"href":"https:\/\/www.europesays.com\/fi\/wp-json\/wp\/v2\/media?parent=270922"}],"wp:term":[{"taxonomy":"category","embeddable":true,"href":"https:\/\/www.europesays.com\/fi\/wp-json\/wp\/v2\/categories?post=270922"},{"taxonomy":"post_tag","embeddable":true,"href":"https:\/\/www.europesays.com\/fi\/wp-json\/wp\/v2\/tags?post=270922"}],"curies":[{"name":"wp","href":"https:\/\/api.w.org\/{rel}","templated":true}]}}