{"id":27106,"date":"2025-09-06T06:58:08","date_gmt":"2025-09-06T06:58:08","guid":{"rendered":"https:\/\/www.europesays.com\/fi\/27106\/"},"modified":"2025-09-06T06:58:08","modified_gmt":"2025-09-06T06:58:08","slug":"nhln-kunniagallerian-maalivahtisuuruus-on-kuollut-urheilua-lyhyesti","status":"publish","type":"post","link":"https:\/\/www.europesays.com\/fi\/27106\/","title":{"rendered":"NHL:n kunniagallerian maalivahtisuuruus on kuollut | Urheilua lyhyesti"},"content":{"rendered":"<p class=\"sc-jYczwO sc-dNFkOE frIBdZ edVjwg yle__article__paragraph\">Montreal Canadiensin entinen maalivahti Ken Dryden on kuollut sy\u00f6p\u00e4\u00e4n. H\u00e4n oli 78-vuotias.<\/p>\n<p><img decoding=\"async\" alt=\"Ken Dryden var expertkommentator i OS i Sarajevo 1984.\" src=\"https:\/\/www.europesays.com\/fi\/wp-content\/uploads\/2025\/09\/39-6678335ea2afeb06c24.jpeg\" class=\"sc-dntSTA iywpZY\"\/><\/p>\n<p>Avaa kuvien katselu<\/p>\n<p>Ken Dryden toimi uransa j\u00e4lkeen mm. asiantuntijana  Sarajevon olympialaisissa vuonna 1984. Kuva: ABC\/Courtesy Everett Collection\/All Over Press <\/p>\n<p class=\"sc-jYczwO sc-ciCoXh frIBdZ cPdSqu yle__article__paragraph\"><strong class=\"sc-eEHciv kkmMDs yle__article__strong\">Ken Dryden<\/strong> voitti urallaan kuusi Stanley Cup -mestaruutta Montreal Canadiensin joukkueessa 1970-luvulla.<\/p>\n<p class=\"sc-jYczwO sc-ciCoXh frIBdZ cPdSqu yle__article__paragraph\">H\u00e4net valittiin kuusi kertaa NHL:n t\u00e4hdist\u00f6otteluun. Dryden voitti my\u00f6s vuoden tulokas- ja paras maalivahti -palkinnot useita kertoja.<\/p>\n<p class=\"sc-jYczwO sc-ciCoXh frIBdZ cPdSqu yle__article__paragraph\">J\u00e4\u00e4kiekon kunniagalleriaan kelpuutettu maalivahti torjui NHL:ss\u00e4 vuosina 1971\u20131979. H\u00e4n lopetti uransa 32-vuotiaana.<\/p>\n<p class=\"sc-jYczwO sc-ciCoXh frIBdZ cPdSqu yle__article__paragraph\">Kanadan p\u00e4\u00e4ministeri <strong class=\"sc-eEHciv kkmMDs yle__article__strong\">Mark Carney<\/strong> kertoi sosiaalisessa mediassa olevansa surullinen Drydenin kuolemasta ja sanoi, ett\u00e4 Dryden oli suuri esikuva Kanadassa.<\/p>\n<p class=\"sc-jYczwO sc-ciCoXh frIBdZ cPdSqu yle__article__paragraph\">Dryden kirjoitti uransa j\u00e4lkeen suositun kirjan j\u00e4\u00e4kiekosta nimelt\u00e4 The Game ja ty\u00f6skenteli muun muassa toimittajana. Drydenin veli <strong class=\"sc-eEHciv kkmMDs yle__article__strong\">Dave Dryden<\/strong> oli my\u00f6s j\u00e4\u00e4kiekkomaalivahti. H\u00e4n kuoli vuonna 2022.<\/p>\n","protected":false},"excerpt":{"rendered":"Montreal Canadiensin entinen maalivahti Ken Dryden on kuollut sy\u00f6p\u00e4\u00e4n. H\u00e4n oli 78-vuotias. Avaa kuvien katselu Ken Dryden toimi&hellip;\n","protected":false},"author":2,"featured_media":27107,"comment_status":"","ping_status":"","sticky":false,"template":"","format":"standard","meta":{"footnotes":""},"categories":[158],"tags":[33,31,30,1143,8513,8515,8514,1697,159,32,160],"class_list":{"0":"post-27106","1":"post","2":"type-post","3":"status-publish","4":"format-standard","5":"has-post-thumbnail","7":"category-urheilu","8":"tag-fi","9":"tag-finland","10":"tag-finnish","11":"tag-jaakiekko","12":"tag-ken-dryden","13":"tag-maalivahdit","14":"tag-montreal-canadiens","15":"tag-nhl","16":"tag-sports","17":"tag-suomi","18":"tag-urheilu"},"share_on_mastodon":{"url":"","error":""},"_links":{"self":[{"href":"https:\/\/www.europesays.com\/fi\/wp-json\/wp\/v2\/posts\/27106","targetHints":{"allow":["GET"]}}],"collection":[{"href":"https:\/\/www.europesays.com\/fi\/wp-json\/wp\/v2\/posts"}],"about":[{"href":"https:\/\/www.europesays.com\/fi\/wp-json\/wp\/v2\/types\/post"}],"author":[{"embeddable":true,"href":"https:\/\/www.europesays.com\/fi\/wp-json\/wp\/v2\/users\/2"}],"replies":[{"embeddable":true,"href":"https:\/\/www.europesays.com\/fi\/wp-json\/wp\/v2\/comments?post=27106"}],"version-history":[{"count":0,"href":"https:\/\/www.europesays.com\/fi\/wp-json\/wp\/v2\/posts\/27106\/revisions"}],"wp:featuredmedia":[{"embeddable":true,"href":"https:\/\/www.europesays.com\/fi\/wp-json\/wp\/v2\/media\/27107"}],"wp:attachment":[{"href":"https:\/\/www.europesays.com\/fi\/wp-json\/wp\/v2\/media?parent=27106"}],"wp:term":[{"taxonomy":"category","embeddable":true,"href":"https:\/\/www.europesays.com\/fi\/wp-json\/wp\/v2\/categories?post=27106"},{"taxonomy":"post_tag","embeddable":true,"href":"https:\/\/www.europesays.com\/fi\/wp-json\/wp\/v2\/tags?post=27106"}],"curies":[{"name":"wp","href":"https:\/\/api.w.org\/{rel}","templated":true}]}}