{"id":27120,"date":"2025-09-06T07:20:07","date_gmt":"2025-09-06T07:20:07","guid":{"rendered":"https:\/\/www.europesays.com\/fi\/27120\/"},"modified":"2025-09-06T07:20:07","modified_gmt":"2025-09-06T07:20:07","slug":"ensitreffit-parit-tapaavat-kesken-kauden-mtv-uutiset","status":"publish","type":"post","link":"https:\/\/www.europesays.com\/fi\/27120\/","title":{"rendered":"Ensitreffit-parit tapaavat kesken kauden | MTV Uutiset"},"content":{"rendered":"<p><strong class=\"typography-bold\">Ensitreffit alttarilla -ohjelmassa avioituu t\u00e4n\u00e4 vuonna nelj\u00e4 pariskuntaa.<\/strong><\/p>\n<p><a class=\"underline\" data-testid=\"internal-link\" role=\"link\" data-sentry-element=\"Link\" data-sentry-component=\"InternalLink\" data-sentry-source-file=\"InternalLink.tsx\" href=\"https:\/\/www.mtvuutiset.fi\/aihe\/ensitreffit-alttarilla\/6891598\" rel=\"nofollow noopener\" target=\"_blank\">Ensitreffit alttarilla<\/a> -ohjelmassa seurataan t\u00e4n\u00e4 vuonna, kun nelj\u00e4 pariskuntaa avioituu ensin\u00e4kem\u00e4lt\u00e4. T\u00e4ll\u00e4 kaudella ohjelma uudistuu niin, etteiv\u00e4t pariskunnat avioidu virallisesti viime vuosien tapaan. Pariskuntien tukena ja apuna ovat asiantuntijat <strong class=\"typography-bold\">Hanna Myllymaa<\/strong>, <strong class=\"typography-bold\">Iida M\u00e4kikallio<\/strong> ja <strong class=\"typography-bold\">Joona Pesonen<\/strong>.<\/p>\n<p>Lue my\u00f6s: <a class=\"underline\" data-testid=\"internal-link\" role=\"link\" data-sentry-element=\"Link\" data-sentry-component=\"InternalLink\" data-sentry-source-file=\"InternalLink.tsx\" href=\"https:\/\/www.mtvuutiset.fi\/artikkeli\/ensitreffit-alttarilla-ohjelmassa-radikaali-muutos-parit-eivat-mene-naimisiin\/9161302\" rel=\"nofollow noopener\" target=\"_blank\">Ensitreffit alttarilla -ohjelmassa n\u00e4hd\u00e4\u00e4n radikaali muutos<\/a><\/p>\n<p>Ohjelman lehdist\u00f6tilaisuudessa asiantuntijat kertoivat, ett\u00e4 Ensitreffit alttarilla -ohjelman 12. tuotantokaudella n\u00e4hd\u00e4\u00e4n paljon tunteita. Asiantuntijat paljastavat, ett\u00e4 parit p\u00e4\u00e4sev\u00e4t tapaamaan toisensa kesken kauden.\u00a0<\/p>\n<p>\u2013 Minusta se on ollut tosi mielenkiintoista, ett\u00e4 meid\u00e4n parit ovat kesken kauden p\u00e4\u00e4sseet n\u00e4kem\u00e4\u00e4n toisiaan ja saaneet sit\u00e4 vertaistukea sek\u00e4 l\u00f6yt\u00e4neet erilaisia oivalluksia. Jopa niin, ett\u00e4 parit ovat ristiin kesken\u00e4\u00e4n keskustelemassa, Myllymaa kertoo.<\/p>\n<p>Myllymaan mukaan parit ovat l\u00f6yt\u00e4neet tapaamisessa uusia n\u00e4k\u00f6kulmia suhteisiin.<\/p>\n<p>\u2013 Se oli tosi raikasta ja kiva n\u00e4k\u00f6kulma t\u00e4h\u00e4n.<\/p>\n<p>M\u00e4kikallio toivoo, ett\u00e4 asia v\u00e4littyisi my\u00f6s kotisohvalle ja katsojat ottaisivat oppia my\u00f6s omiin suhteisiin.<\/p>\n<p>\u2013 Ja alkaisi luomaan sellaista kulttuuria, ett\u00e4 hei me voidaan keskustella n\u00e4ist\u00e4 asioista vaikka kaveripiiriss\u00e4 tai yst\u00e4vien kesken. Ett\u00e4 ne ovat sellaisia aiheita, mist\u00e4 voidaan yhdess\u00e4 jutella, ett\u00e4 ei j\u00e4\u00e4d\u00e4 niin paljon hankalien asioiden kanssa yksin.\u00a0<\/p>\n<p>\u2013 Kun me aletaan jakamaan asioita, niist\u00e4 tulee kevyempi\u00e4 kantaa, M\u00e4kikallio sanoo.<\/p>\n<p><strong class=\"typography-bold\">Yll\u00e4 olevalla videolla Pesonen arvioi, miksi v\u00e4hemmist\u00f6n edustajien h\u00e4it\u00e4 ei ole n\u00e4hty ohjelmassa.<\/strong><\/p>\n<p><strong class=\"typography-bold\">Ensitreffit alttarilla torstaisin klo 21 <\/strong><a class=\"underline\" data-testid=\"external-link\" href=\"https:\/\/www.mtv.fi\/ohjelma\/b7378e46171a483be690\/ensitreffit-alttarilla\" rel=\"noopener noreferrer nofollow\" data-sentry-component=\"ExternalLink\" data-sentry-source-file=\"ExternalLink.tsx\" target=\"_blank\"><strong class=\"typography-bold\">MTV Katsomossa<\/strong><\/a><strong class=\"typography-bold\"> ja MTV3-kanavalla.<\/strong><\/p>\n","protected":false},"excerpt":{"rendered":"Ensitreffit alttarilla -ohjelmassa avioituu t\u00e4n\u00e4 vuonna nelj\u00e4 pariskuntaa. Ensitreffit alttarilla -ohjelmassa seurataan t\u00e4n\u00e4 vuonna, kun nelj\u00e4 pariskuntaa avioituu&hellip;\n","protected":false},"author":2,"featured_media":1562,"comment_status":"","ping_status":"","sticky":false,"template":"","format":"standard","meta":{"footnotes":""},"categories":[133],"tags":[137,33,31,30,32,206,156,109],"class_list":{"0":"post-27120","1":"post","2":"type-post","3":"status-publish","4":"format-standard","5":"has-post-thumbnail","7":"category-televisiot","8":"tag-entertainment","9":"tag-fi","10":"tag-finland","11":"tag-finnish","12":"tag-suomi","13":"tag-televisiot","14":"tag-tv","15":"tag-viihde"},"share_on_mastodon":{"url":"","error":""},"_links":{"self":[{"href":"https:\/\/www.europesays.com\/fi\/wp-json\/wp\/v2\/posts\/27120","targetHints":{"allow":["GET"]}}],"collection":[{"href":"https:\/\/www.europesays.com\/fi\/wp-json\/wp\/v2\/posts"}],"about":[{"href":"https:\/\/www.europesays.com\/fi\/wp-json\/wp\/v2\/types\/post"}],"author":[{"embeddable":true,"href":"https:\/\/www.europesays.com\/fi\/wp-json\/wp\/v2\/users\/2"}],"replies":[{"embeddable":true,"href":"https:\/\/www.europesays.com\/fi\/wp-json\/wp\/v2\/comments?post=27120"}],"version-history":[{"count":0,"href":"https:\/\/www.europesays.com\/fi\/wp-json\/wp\/v2\/posts\/27120\/revisions"}],"wp:featuredmedia":[{"embeddable":true,"href":"https:\/\/www.europesays.com\/fi\/wp-json\/wp\/v2\/media\/1562"}],"wp:attachment":[{"href":"https:\/\/www.europesays.com\/fi\/wp-json\/wp\/v2\/media?parent=27120"}],"wp:term":[{"taxonomy":"category","embeddable":true,"href":"https:\/\/www.europesays.com\/fi\/wp-json\/wp\/v2\/categories?post=27120"},{"taxonomy":"post_tag","embeddable":true,"href":"https:\/\/www.europesays.com\/fi\/wp-json\/wp\/v2\/tags?post=27120"}],"curies":[{"name":"wp","href":"https:\/\/api.w.org\/{rel}","templated":true}]}}