{"id":271224,"date":"2026-06-08T21:57:12","date_gmt":"2026-06-08T21:57:12","guid":{"rendered":"https:\/\/www.europesays.com\/fi\/271224\/"},"modified":"2026-06-08T21:57:12","modified_gmt":"2026-06-08T21:57:12","slug":"netflixiin-tuli-jim-carreyn-elokuva-josta-nayttelija-pesi-katensa-julkisesti-otti-rahat-ja-jauhoi-paskaa","status":"publish","type":"post","link":"https:\/\/www.europesays.com\/fi\/271224\/","title":{"rendered":"Netflixiin tuli Jim Carreyn elokuva, josta n\u00e4yttelij\u00e4 pesi k\u00e4tens\u00e4 julkisesti &#8211; &#8221;Otti rahat ja jauhoi paskaa&#8221;"},"content":{"rendered":"<p>Kick-Ass (2010) oli sen verran kova hitti, ett\u00e4 jatko-osa valmistui vuonna 2013.<\/p>\n<p>Jeff Wadlow\u2019n ohjaamassa <a href=\"https:\/\/muropaketti.com\/avainsana\/kick-ass-2\/\" rel=\"nofollow noopener\" target=\"_blank\">Kick-Ass 2 -elokuvassa<\/a> Kick-Ass (Aaron Taylor-Johnson) ja Hit Girl (Chlo\u00eb Grace Moretz) yritt\u00e4v\u00e4t el\u00e4\u00e4 tavallista el\u00e4m\u00e4\u00e4 Mindyn\u00e4 ja Davena. Koulun p\u00e4\u00e4ttyminen ja ep\u00e4varmuus tulevaisuudesta saavat Daven kuitenkin haikailemaan paluuta, ja h\u00e4n p\u00e4\u00e4tt\u00e4\u00e4 perustaa Mindyn kanssa maailman ensimm\u00e4isen supersankaritiimin. <\/p>\n<p>Mutta pian Mindy j\u00e4\u00e4 kotona kiinni supersankaripuuhistaan, ja Hit Girl joutuu j\u00e4\u00e4m\u00e4\u00e4n el\u00e4kkeelle. <\/p>\n<p>Kick-Assin inspiroimana monet muutkin ovat ryhtyneet tosiel\u00e4m\u00e4n supersankareiksi. Kun Mindy keskittyy taistelemaan koulun ilkeiden tytt\u00f6jen kanssa, yksin j\u00e4\u00e4nyt Dave p\u00e4\u00e4tt\u00e4\u00e4 liitty\u00e4 uuteen Justice Forever -ryhm\u00e4\u00e4n, jota johtaa rautaisella otteellaan Colonel Stars and Stripes (Jim Carrey).<\/p>\n<p>Oman k\u00e4den oikeuteen turvautuva katuvahti oli Jim Carreylle poikkeuksellisen brutaali rooli, ja n\u00e4yttelij\u00e4 katuikin my\u00f6hemmin Kick-Ass 2:n kelkkaan l\u00e4htemist\u00e4.<\/p>\n<p>Kes\u00e4ll\u00e4 2013, jo ennen Kick-Ass 2:n ensi-iltaa Jim Carrey twiittasi sanoutuvansa irti elokuvasta ja sen v\u00e4kivaltaisuudesta. H\u00e4nen p\u00e4\u00e4t\u00f6kseens\u00e4 kuulemma vaikutti viime joulukuussa Sandy Hookin koulussa Connecticutissa sattunut ammuskelu jossa 26 ihmist\u00e4 sai surmansa.<\/p>\n<p>\u201dKuvasin osuuteni kuukautta ennen Sandy Hookin tapausta ja nyt en voi hyv\u00e4ll\u00e4 omallatunnolla allekirjoittaa elokuvan v\u00e4kivaltaisuutta. Pahoitteluni muille elokuvassa mukana olleille. En h\u00e4pe\u00e4 sit\u00e4 (elokuvaa), mutta viime aikojen tapahtumat ovat saaneet minut muuttamaan mielt\u00e4ni\u201d.<\/p>\n<p>Kuten arvata saattaa, kaikki Kick-Ass 2:n tekij\u00e4tiimiss\u00e4 olleet eiv\u00e4t olleet innoissaan Carreyn ratkaisusta. <\/p>\n<p>\u201dEn aio en\u00e4\u00e4 koskaan ty\u00f6skennell\u00e4 sen luup\u00e4\u00e4n kanssa, joten puhun nyt ihan suoraan\u201d, tylytti Kick-Ass-sarjakuvan yhdess\u00e4 Mark Millarin kanssa luonut <a href=\"https:\/\/muropaketti.com\/elokuvat\/jim-carrey-sai-haukut-kick-ass-2n-tiimoilta-en-enaa-koskaan-tyoskentele-sen-luupaan-kanssa\/\" rel=\"nofollow noopener\" target=\"_blank\">John Romita Jr<\/a>.<\/p>\n<p>\u201dHahmo, jota Jim Carrey esitti, luopui aseiden k\u00e4yt\u00f6st\u00e4 \u2013\u00a0luopui aseiden k\u00e4yt\u00f6st\u00e4\u00a0\u2013 ja alkoi hyvikseksi. Jokainen v\u00e4h\u00e4nk\u00e4\u00e4n kouluja k\u00e4ynyt olisi voinut keksi\u00e4, miten t\u00e4llaista hahmoa voi k\u00e4ytt\u00e4\u00e4 aseiden vastaisten ajatustensa esille tuomiseen. Jim Carrey ei kuitenkaan ole niin fiksu. H\u00e4n otti rahat ja alkoi sitten jauhaa paskaa elokuvastamme.\u201d<\/p>\n<p>Kick-Ass 2 on nyt lis\u00e4tty Netflixin valikoimaan. Ensimm\u00e4ist\u00e4 \u2013 ja sit\u00e4 selv\u00e4sti parempaa \u2013 Kick-Assia ei Suomessa voi katsoa edes vod-palveluista.<\/p>\n","protected":false},"excerpt":{"rendered":"Kick-Ass (2010) oli sen verran kova hitti, ett\u00e4 jatko-osa valmistui vuonna 2013. Jeff Wadlow\u2019n ohjaamassa Kick-Ass 2 -elokuvassa&hellip;\n","protected":false},"author":2,"featured_media":4018,"comment_status":"","ping_status":"","sticky":false,"template":"","format":"standard","meta":{"footnotes":"","_share_on_mastodon":"0"},"categories":[136],"tags":[407,137,33,31,30,14534,408,36910,217,32,109],"class_list":["post-271224","post","type-post","status-publish","format-standard","has-post-thumbnail","category-julkkikset","tag-celebrities","tag-entertainment","tag-fi","tag-finland","tag-finnish","tag-jim-carrey","tag-julkkikset","tag-kick-ass","tag-netflix","tag-suomi","tag-viihde"],"share_on_mastodon":{"url":"https:\/\/pubeurope.com\/@fi\/116716728937344292","error":""},"_links":{"self":[{"href":"https:\/\/www.europesays.com\/fi\/wp-json\/wp\/v2\/posts\/271224","targetHints":{"allow":["GET"]}}],"collection":[{"href":"https:\/\/www.europesays.com\/fi\/wp-json\/wp\/v2\/posts"}],"about":[{"href":"https:\/\/www.europesays.com\/fi\/wp-json\/wp\/v2\/types\/post"}],"author":[{"embeddable":true,"href":"https:\/\/www.europesays.com\/fi\/wp-json\/wp\/v2\/users\/2"}],"replies":[{"embeddable":true,"href":"https:\/\/www.europesays.com\/fi\/wp-json\/wp\/v2\/comments?post=271224"}],"version-history":[{"count":0,"href":"https:\/\/www.europesays.com\/fi\/wp-json\/wp\/v2\/posts\/271224\/revisions"}],"wp:featuredmedia":[{"embeddable":true,"href":"https:\/\/www.europesays.com\/fi\/wp-json\/wp\/v2\/media\/4018"}],"wp:attachment":[{"href":"https:\/\/www.europesays.com\/fi\/wp-json\/wp\/v2\/media?parent=271224"}],"wp:term":[{"taxonomy":"category","embeddable":true,"href":"https:\/\/www.europesays.com\/fi\/wp-json\/wp\/v2\/categories?post=271224"},{"taxonomy":"post_tag","embeddable":true,"href":"https:\/\/www.europesays.com\/fi\/wp-json\/wp\/v2\/tags?post=271224"}],"curies":[{"name":"wp","href":"https:\/\/api.w.org\/{rel}","templated":true}]}}