{"id":27123,"date":"2025-09-06T07:24:08","date_gmt":"2025-09-06T07:24:08","guid":{"rendered":"https:\/\/www.europesays.com\/fi\/27123\/"},"modified":"2025-09-06T07:24:08","modified_gmt":"2025-09-06T07:24:08","slug":"iso-paukku-wilma-murrolle-ja-kumppaneille-supertahti-ulos-mm-kisoista","status":"publish","type":"post","link":"https:\/\/www.europesays.com\/fi\/27123\/","title":{"rendered":"Iso paukku Wilma Murrolle ja kumppaneille \u2013 Supert\u00e4hti ulos MM-kisoista"},"content":{"rendered":"<p>Hallitseva naisten seiv\u00e4shypyn olympiavoittaja ja maailmanmestari Nina Kennedy ei kilpaile Tokiossa.<\/p>\n<p><img decoding=\"async\" class=\"image image-show image-preview\" src=\"https:\/\/www.europesays.com\/fi\/wp-content\/uploads\/2025\/09\/220924d69099fb363dd65839f91f84b14d517a96f87eeb087d1c95ef6f3c4d17.jpg\" alt=\"\"\/><img decoding=\"async\" class=\"image image-show\" src=\"https:\/\/www.europesays.com\/fi\/wp-content\/uploads\/2025\/09\/1757143448_944_220924d69099fb363dd65839f91f84b14d517a96f87eeb087d1c95ef6f3c4d17.jpg\" alt=\"\"\/><\/p>\n<p>Nina Kennedy ei kilpaile Tokion MM-kisoissa. AOP<\/p>\n<p class=\"paragraph\">Hallitseva naisten seiv\u00e4shypyn olympiavoittaja ja maailmanmestari <strong>Nina Kennedy<\/strong>, 28, ei kilpaile ensi viikonloppuna alkavissa Tokion MM-mittel\u00f6iss\u00e4.<\/p>\n<p class=\"paragraph\">Koko ulkoratakauden 2025 kilpailuista sivussa ollut australialainen loukkasi jalkansa hiljattain.<\/p>\n<p class=\"paragraph\">\u2013 Urheilu voi olla julmaa, mutta vammat ovat vain osa matkaa, ja se on ihan okei, Kennedy kirjoitti kuva- ja videopalvelu Instagramissa.<\/p>\n<p class=\"paragraph\">Kennedylle tehtiin viisi kuukautta sitten jalkaoperaatio. H\u00e4n kuntoutti jalkaansa ja oli jo ilmoittautunut mukaan Tokioon hallitsevan maailmanmestarin villill\u00e4 kortilla, kunnes operoituun jalkaan tuli hiljattain uusi vamma.<\/p>\n<p class=\"paragraph\">\u2013 Vaikka olen pettynyt, olen ylpe\u00e4 itsest\u00e4ni, ett\u00e4 yritin palata takaisin ja p\u00e4\u00e4st\u00e4 parhaaseen mahdolliseen MM-kisakuntoon. Voin aidosti sanoa, ett\u00e4 tein kaikkeni, Kennedy totesi.<\/p>\n<p class=\"paragraph\">Kennedy jakoi kaksi vuotta sitten Budapestin MM-kisoissa kultamitalin USA:n <strong>Katie Moonin<\/strong> kanssa. <strong>Wilma Murto<\/strong> oli Unkarissa pronssilla.<\/p>\n<p class=\"paragraph\">Australialaisen enn\u00e4tys on 491 senttimetri\u00e4 vuodelta 2023.<\/p>\n","protected":false},"excerpt":{"rendered":"Hallitseva naisten seiv\u00e4shypyn olympiavoittaja ja maailmanmestari Nina Kennedy ei kilpaile Tokiossa. Nina Kennedy ei kilpaile Tokion MM-kisoissa. AOP&hellip;\n","protected":false},"author":2,"featured_media":27124,"comment_status":"","ping_status":"","sticky":false,"template":"","format":"standard","meta":{"footnotes":""},"categories":[158],"tags":[35,722,33,31,30,41,159,32,167,160,161,162],"class_list":{"0":"post-27123","1":"post","2":"type-post","3":"status-publish","4":"format-standard","5":"has-post-thumbnail","7":"category-urheilu","8":"tag-24h","9":"tag-amerikka","10":"tag-fi","11":"tag-finland","12":"tag-finnish","13":"tag-liikunta-ja-urheilu","14":"tag-sports","15":"tag-suomi","16":"tag-terveys","17":"tag-urheilu","18":"tag-urheilutapahtumat","19":"tag-yleisurheilu"},"share_on_mastodon":{"url":"","error":""},"_links":{"self":[{"href":"https:\/\/www.europesays.com\/fi\/wp-json\/wp\/v2\/posts\/27123","targetHints":{"allow":["GET"]}}],"collection":[{"href":"https:\/\/www.europesays.com\/fi\/wp-json\/wp\/v2\/posts"}],"about":[{"href":"https:\/\/www.europesays.com\/fi\/wp-json\/wp\/v2\/types\/post"}],"author":[{"embeddable":true,"href":"https:\/\/www.europesays.com\/fi\/wp-json\/wp\/v2\/users\/2"}],"replies":[{"embeddable":true,"href":"https:\/\/www.europesays.com\/fi\/wp-json\/wp\/v2\/comments?post=27123"}],"version-history":[{"count":0,"href":"https:\/\/www.europesays.com\/fi\/wp-json\/wp\/v2\/posts\/27123\/revisions"}],"wp:featuredmedia":[{"embeddable":true,"href":"https:\/\/www.europesays.com\/fi\/wp-json\/wp\/v2\/media\/27124"}],"wp:attachment":[{"href":"https:\/\/www.europesays.com\/fi\/wp-json\/wp\/v2\/media?parent=27123"}],"wp:term":[{"taxonomy":"category","embeddable":true,"href":"https:\/\/www.europesays.com\/fi\/wp-json\/wp\/v2\/categories?post=27123"},{"taxonomy":"post_tag","embeddable":true,"href":"https:\/\/www.europesays.com\/fi\/wp-json\/wp\/v2\/tags?post=27123"}],"curies":[{"name":"wp","href":"https:\/\/api.w.org\/{rel}","templated":true}]}}