{"id":27125,"date":"2025-09-06T07:27:10","date_gmt":"2025-09-06T07:27:10","guid":{"rendered":"https:\/\/www.europesays.com\/fi\/27125\/"},"modified":"2025-09-06T07:27:10","modified_gmt":"2025-09-06T07:27:10","slug":"talla-sovelluksella-voit-paatya-kremlin-silmatikuksi-iltalehti","status":"publish","type":"post","link":"https:\/\/www.europesays.com\/fi\/27125\/","title":{"rendered":"T\u00e4ll\u00e4 sovelluksella voit p\u00e4\u00e4ty\u00e4 Kremlin silm\u00e4tikuksi &#8211; Iltalehti"},"content":{"rendered":"<ol>\n<li><a href=\"https:\/\/news.google.com\/rss\/articles\/CBMigAFBVV95cUxQUTRZRnZ2MGFKRmpHcHhfb1plTjgzOWR4UUs3NFVmZVJPNDZCcFFaVVRmZ21rb0l2SjliVmY2aDZZZlYxXzR0a1NNcm9HTFpsdnFtM1VNakI3bXU4SUlrMkpCZE90Q2YxblZzaWlzYkVkTDlsUVo5SzcyRmc2ZVRvOA?oc=5\" target=\"_blank\" rel=\"nofollow noopener\">T\u00e4ll\u00e4 sovelluksella voit p\u00e4\u00e4ty\u00e4 Kremlin silm\u00e4tikuksi<\/a>&nbsp;&nbsp;Iltalehti<\/li>\n<li><a href=\"https:\/\/news.google.com\/rss\/articles\/CBMiX0FVX3lxTE1wOVZPa01JUFVsbHFLaG5reG9wNndrYUNlUWtOeXREcHN1YUVJLVV1VXhjUzk0a1FrY3ZPRUotYU9BWjJUOGNVQkJfX3djYTY2TWVxV0VOQmRjQlY1d1NJ?oc=5\" target=\"_blank\" rel=\"nofollow noopener\">Ven\u00e4j\u00e4ll\u00e4 ilmestyi myyntiin yht\u00e4kki\u00e4 lukuisia &#8221;viallisia&#8221; puhelimia<\/a>&nbsp;&nbsp;Ilta-Sanomat<\/li>\n<li><a href=\"https:\/\/news.google.com\/rss\/articles\/CBMiQkFVX3lxTFBfNndfMWZydlRWdXNzNFhpMks3VjhQTkpzMDRmOVBRb2xSejQtTXhHWU1NYUpFQUJKSlMwU0VIZW55dw?oc=5\" target=\"_blank\" rel=\"nofollow noopener\">Ven\u00e4j\u00e4n valtaeliitti kirist\u00e4\u00e4 ruuvia \u2013 jopa parlamentissa \u00e4l\u00e4hdettiin uusista \u201dajatusrikoksista\u201d<\/a>&nbsp;&nbsp;Yle<\/li>\n<li><a href=\"https:\/\/news.google.com\/rss\/articles\/CBMifkFVX3lxTFBaRVVER0t1SzRnaVlHbFc5RUQ1Ump3Z09tTzZldXlIUHFWZWd5VFFKZWxTamlubFROOHpDZHRfX0YtSk8wOHAtUENpQThNOUF2bkkwSVl0dVdnUUFyX3FwQW9xRFk0V1NXRXBnVUJzbWkwdHZDczFwRXNRZVR0dw?oc=5\" target=\"_blank\" rel=\"nofollow noopener\">Ven\u00e4j\u00e4 rakentaa digitaalista rautaverhoa<\/a>&nbsp;&nbsp;pt-media.org<\/li>\n<li><a href=\"https:\/\/news.google.com\/rss\/articles\/CBMiwgFBVV95cUxONnVneW9mOFU5X3F1SGRHWmVGb2MxSllWQUtMUncwQ3MtMENlMTdCTHNkd2kzbTRLSTZmdFliaFFnSmFremVsZWU1d1NlcDVsQThIVnZNMXc0V3U0LXV2WEVNb1lJN0RIRlYtanp2UXdVNW9QRjFNTFZ6ejlTcmR5Ui1jNzZqYjZOWmZOOG9EbEVQbEtGZjZWV1N3a2l4cVB3QS0yc3k1OFlGd0N4VmJFVVZRVjAwcTBpNGNMWXMwcWsxZw?oc=5\" target=\"_blank\" rel=\"nofollow noopener\">Uudet lait t\u00e4n\u00e4\u00e4n voimaan Ven\u00e4j\u00e4ll\u00e4! kansasta t\u00e4ydellinen kontrolli Putinille?<\/a>&nbsp;&nbsp;Uusi Suomi Puheenvuoro<\/li>\n<\/ol>\n","protected":false},"excerpt":{"rendered":"T\u00e4ll\u00e4 sovelluksella voit p\u00e4\u00e4ty\u00e4 Kremlin silm\u00e4tikuksi&nbsp;&nbsp;Iltalehti Ven\u00e4j\u00e4ll\u00e4 ilmestyi myyntiin yht\u00e4kki\u00e4 lukuisia &#8221;viallisia&#8221; puhelimia&nbsp;&nbsp;Ilta-Sanomat Ven\u00e4j\u00e4n valtaeliitti kirist\u00e4\u00e4 ruuvia \u2013&hellip;\n","protected":false},"author":2,"featured_media":27126,"comment_status":"","ping_status":"","sticky":false,"template":"","format":"standard","meta":{"footnotes":""},"categories":[84],"tags":[35,33,31,30,631,633,632,32,91,92,487,149],"class_list":{"0":"post-27125","1":"post","2":"type-post","3":"status-publish","4":"format-standard","5":"has-post-thumbnail","7":"category-teknologia","8":"tag-24h","9":"tag-fi","10":"tag-finland","11":"tag-finnish","12":"tag-matkapuhelimet-ja-mobiililaitteet","13":"tag-mobiiliteknologia","14":"tag-puhelin","15":"tag-suomi","16":"tag-technology","17":"tag-teknologia","18":"tag-teknologia-yleista","19":"tag-tietojenkasittely-ja-informaatioteknologia"},"share_on_mastodon":{"url":"","error":""},"_links":{"self":[{"href":"https:\/\/www.europesays.com\/fi\/wp-json\/wp\/v2\/posts\/27125","targetHints":{"allow":["GET"]}}],"collection":[{"href":"https:\/\/www.europesays.com\/fi\/wp-json\/wp\/v2\/posts"}],"about":[{"href":"https:\/\/www.europesays.com\/fi\/wp-json\/wp\/v2\/types\/post"}],"author":[{"embeddable":true,"href":"https:\/\/www.europesays.com\/fi\/wp-json\/wp\/v2\/users\/2"}],"replies":[{"embeddable":true,"href":"https:\/\/www.europesays.com\/fi\/wp-json\/wp\/v2\/comments?post=27125"}],"version-history":[{"count":0,"href":"https:\/\/www.europesays.com\/fi\/wp-json\/wp\/v2\/posts\/27125\/revisions"}],"wp:featuredmedia":[{"embeddable":true,"href":"https:\/\/www.europesays.com\/fi\/wp-json\/wp\/v2\/media\/27126"}],"wp:attachment":[{"href":"https:\/\/www.europesays.com\/fi\/wp-json\/wp\/v2\/media?parent=27125"}],"wp:term":[{"taxonomy":"category","embeddable":true,"href":"https:\/\/www.europesays.com\/fi\/wp-json\/wp\/v2\/categories?post=27125"},{"taxonomy":"post_tag","embeddable":true,"href":"https:\/\/www.europesays.com\/fi\/wp-json\/wp\/v2\/tags?post=27125"}],"curies":[{"name":"wp","href":"https:\/\/api.w.org\/{rel}","templated":true}]}}