{"id":27131,"date":"2025-09-06T07:42:07","date_gmt":"2025-09-06T07:42:07","guid":{"rendered":"https:\/\/www.europesays.com\/fi\/27131\/"},"modified":"2025-09-06T07:42:07","modified_gmt":"2025-09-06T07:42:07","slug":"motorola-julkaisi-jattiakulla-moto-g06-powerin-ja-g06-perusmallin","status":"publish","type":"post","link":"https:\/\/www.europesays.com\/fi\/27131\/","title":{"rendered":"Motorola julkaisi j\u00e4ttiakulla Moto G06 Powerin ja G06-perusmallin"},"content":{"rendered":"\n<p><strong>Motorola on esitellyt uudet G-sarjan puhelimet, Moto G06:n ja Moto G06 Powerin.<\/strong><\/p>\n<p><a href=\"https:\/\/muropaketti.com\/avainsana\/motorola\/\" rel=\"nofollow noopener\" target=\"_blank\">Motorolan<\/a> Moto G06 Power erottuu joukosta valtavalla 7 000 mAh akullaan, joka on suurin t\u00e4h\u00e4n menness\u00e4 Moto-puhelimissa. Valmistajan mukaan yhdell\u00e4 latauksella voi toistaa jopa 28 tuntia videota, ja akun luvataan s\u00e4ilytt\u00e4v\u00e4n 80 prosenttia kapasiteetistaan 1 000 latauskerran j\u00e4lkeen. Latausnopeus rajoittuu kuitenkin 18 wattiin.<\/p>\n<p>Vakio-G06 <a href=\"https:\/\/www.motorola.com\/fi\/fi\/p\/phones\/moto-g\/moto-g06-power\/pmipmhy43m4\" target=\"_blank\" rel=\"noopener nofollow\">sis\u00e4lt\u00e4\u00e4<\/a> hieman pienemm\u00e4n, 5 200 mAh akun ja 10 W latauksen. Molemmissa malleissa on 6,88 tuuman HD+ IPS LCD -n\u00e4ytt\u00f6 120 Hz virkistystaajuudella, MediaTek Helio G81 -piirisarja, 4\u20138 Gt RAM-muistia ja jopa 256 Gt tallennustilaa, jota voi laajentaa microSD-kortilla. Takana on 50 MP p\u00e4\u00e4kamera ja edess\u00e4 8 MP selfie-kamera.<\/p>\n<p>Puhelimissa on IP64-suojaus, stereokaiuttimet Dolby Atmos -tuella ja 3,5 mm kuulokeliit\u00e4nt\u00e4. Moto G06 tulee saataville Pantone Arabesque-, Tapestry- ja Tendril-v\u00e4reiss\u00e4, kun taas G06 Power julkaistaan Pantone Laurel Oak- ja Tapestry-v\u00e4reiss\u00e4. Hintaa ja saatavuutta ei ole viel\u00e4 vahvistettu.<\/p>\n","protected":false},"excerpt":{"rendered":"Motorola on esitellyt uudet G-sarjan puhelimet, Moto G06:n ja Moto G06 Powerin. Motorolan Moto G06 Power erottuu joukosta&hellip;\n","protected":false},"author":2,"featured_media":27132,"comment_status":"","ping_status":"","sticky":false,"template":"","format":"standard","meta":{"footnotes":""},"categories":[85],"tags":[33,31,30,419,418,2431,32,91,92],"class_list":{"0":"post-27131","1":"post","2":"type-post","3":"status-publish","4":"format-standard","5":"has-post-thumbnail","7":"category-mobiili","8":"tag-fi","9":"tag-finland","10":"tag-finnish","11":"tag-mobiili","12":"tag-mobile","13":"tag-motorola","14":"tag-suomi","15":"tag-technology","16":"tag-teknologia"},"share_on_mastodon":{"url":"","error":""},"_links":{"self":[{"href":"https:\/\/www.europesays.com\/fi\/wp-json\/wp\/v2\/posts\/27131","targetHints":{"allow":["GET"]}}],"collection":[{"href":"https:\/\/www.europesays.com\/fi\/wp-json\/wp\/v2\/posts"}],"about":[{"href":"https:\/\/www.europesays.com\/fi\/wp-json\/wp\/v2\/types\/post"}],"author":[{"embeddable":true,"href":"https:\/\/www.europesays.com\/fi\/wp-json\/wp\/v2\/users\/2"}],"replies":[{"embeddable":true,"href":"https:\/\/www.europesays.com\/fi\/wp-json\/wp\/v2\/comments?post=27131"}],"version-history":[{"count":0,"href":"https:\/\/www.europesays.com\/fi\/wp-json\/wp\/v2\/posts\/27131\/revisions"}],"wp:featuredmedia":[{"embeddable":true,"href":"https:\/\/www.europesays.com\/fi\/wp-json\/wp\/v2\/media\/27132"}],"wp:attachment":[{"href":"https:\/\/www.europesays.com\/fi\/wp-json\/wp\/v2\/media?parent=27131"}],"wp:term":[{"taxonomy":"category","embeddable":true,"href":"https:\/\/www.europesays.com\/fi\/wp-json\/wp\/v2\/categories?post=27131"},{"taxonomy":"post_tag","embeddable":true,"href":"https:\/\/www.europesays.com\/fi\/wp-json\/wp\/v2\/tags?post=27131"}],"curies":[{"name":"wp","href":"https:\/\/api.w.org\/{rel}","templated":true}]}}