{"id":271344,"date":"2026-06-09T01:14:11","date_gmt":"2026-06-09T01:14:11","guid":{"rendered":"https:\/\/www.europesays.com\/fi\/271344\/"},"modified":"2026-06-09T01:14:11","modified_gmt":"2026-06-09T01:14:11","slug":"orpo-ja-zelenskyi-ovat-tiistaina-tallinnassa-uutisia-lyhyesti","status":"publish","type":"post","link":"https:\/\/www.europesays.com\/fi\/271344\/","title":{"rendered":"Orpo ja Zelenskyi ovat tiistaina Tallinnassa | Uutisia lyhyesti"},"content":{"rendered":"<p class=\"aw__sc-1qwuw0s-0 aw__sc-ngllmo-0 epAWpq fzYpjk yle__article__paragraph\">Ukrainan presidentti <strong class=\"aw__sc-ngllmo-2 gdRrun yle__article__strong\">Volodymyr Zelenskyi<\/strong> osallistuu huomenna Pohjoismaiden ja Baltian maiden p\u00e4\u00e4ministerien kokoukseen Tallinnassa.<\/p>\n<p class=\"aw__sc-1qwuw0s-0 aw__sc-ngllmo-0 epAWpq fzYpjk yle__article__paragraph\">Suomea kokouksessa edustaa p\u00e4\u00e4ministeri <strong class=\"aw__sc-ngllmo-2 gdRrun yle__article__strong\">Petteri Orpo<\/strong> (kok.). Kokousta is\u00e4nn\u00f6i Viron p\u00e4\u00e4ministeri <strong class=\"aw__sc-ngllmo-2 gdRrun yle__article__strong\">Kristen Michal<\/strong>.<\/p>\n<p class=\"aw__sc-1qwuw0s-0 aw__sc-ngllmo-0 epAWpq fzYpjk yle__article__paragraph\">Huippukokouksen p\u00e4\u00e4tteeksi kahdeksan maan p\u00e4\u00e4ministerit ja Zelenskyi pit\u00e4v\u00e4t yhteisen lehdist\u00f6tilaisuuden.<\/p>\n<p class=\"aw__sc-1qwuw0s-0 aw__sc-ngllmo-0 epAWpq fzYpjk yle__article__paragraph\">Asiasta kertoo <a class=\"aw__sc-ngllmo-1 bTDnwX yle__article__link\" href=\"https:\/\/www.valitsus.ee\/en\/news\/president-zelenskyy-attend-nordic-baltic-leaders-summit-tallinn\" role=\"link\" rel=\"nofollow noopener\" target=\"_blank\">Viron hallitus<\/a>. Viro toimii t\u00e4n\u00e4 vuonna Pohjoismaista ja Baltian maista koostuvan NB8-yhteisty\u00f6foorumin puheenjohtajamaana.<\/p>\n<p class=\"aw__sc-1qwuw0s-0 aw__sc-ngllmo-0 epAWpq fzYpjk yle__article__paragraph\">Vierailunsa aikana Zelenskyi tapaa my\u00f6s Viron presidentin <strong class=\"aw__sc-ngllmo-2 gdRrun yle__article__strong\">Alar Kariksen<\/strong>.<\/p>\n","protected":false},"excerpt":{"rendered":"Ukrainan presidentti Volodymyr Zelenskyi osallistuu huomenna Pohjoismaiden ja Baltian maiden p\u00e4\u00e4ministerien kokoukseen Tallinnassa. Suomea kokouksessa edustaa p\u00e4\u00e4ministeri Petteri&hellip;\n","protected":false},"author":2,"featured_media":271345,"comment_status":"","ping_status":"","sticky":false,"template":"","format":"standard","meta":{"footnotes":"","_share_on_mastodon":"0"},"categories":[5],"tags":[4362,22,23,26,27,33,31,30,17,70,24,25,28,29,15,18,3552,21,32,19,20,56,16,987,4029,3963],"class_list":["post-271344","post","type-post","status-publish","format-standard","has-post-thumbnail","category-otsikot","tag-baltia","tag-breaking-news","tag-breakingnews","tag-featured-news","tag-featurednews","tag-fi","tag-finland","tag-finnish","tag-headlines","tag-kansainvalinen-politiikka","tag-latest-news","tag-latestnews","tag-main-news","tag-mainnews","tag-news","tag-otsikot","tag-paaministerit","tag-paauutiset","tag-suomi","tag-top-stories","tag-topstories","tag-ulkomaat","tag-uutiset","tag-venajan-hyokkays","tag-viro","tag-volodymyr-zelenskyi"],"share_on_mastodon":{"url":"https:\/\/pubeurope.com\/@fi\/116717503300529201","error":""},"_links":{"self":[{"href":"https:\/\/www.europesays.com\/fi\/wp-json\/wp\/v2\/posts\/271344","targetHints":{"allow":["GET"]}}],"collection":[{"href":"https:\/\/www.europesays.com\/fi\/wp-json\/wp\/v2\/posts"}],"about":[{"href":"https:\/\/www.europesays.com\/fi\/wp-json\/wp\/v2\/types\/post"}],"author":[{"embeddable":true,"href":"https:\/\/www.europesays.com\/fi\/wp-json\/wp\/v2\/users\/2"}],"replies":[{"embeddable":true,"href":"https:\/\/www.europesays.com\/fi\/wp-json\/wp\/v2\/comments?post=271344"}],"version-history":[{"count":0,"href":"https:\/\/www.europesays.com\/fi\/wp-json\/wp\/v2\/posts\/271344\/revisions"}],"wp:featuredmedia":[{"embeddable":true,"href":"https:\/\/www.europesays.com\/fi\/wp-json\/wp\/v2\/media\/271345"}],"wp:attachment":[{"href":"https:\/\/www.europesays.com\/fi\/wp-json\/wp\/v2\/media?parent=271344"}],"wp:term":[{"taxonomy":"category","embeddable":true,"href":"https:\/\/www.europesays.com\/fi\/wp-json\/wp\/v2\/categories?post=271344"},{"taxonomy":"post_tag","embeddable":true,"href":"https:\/\/www.europesays.com\/fi\/wp-json\/wp\/v2\/tags?post=271344"}],"curies":[{"name":"wp","href":"https:\/\/api.w.org\/{rel}","templated":true}]}}