{"id":27139,"date":"2025-09-06T07:49:07","date_gmt":"2025-09-06T07:49:07","guid":{"rendered":"https:\/\/www.europesays.com\/fi\/27139\/"},"modified":"2025-09-06T07:49:07","modified_gmt":"2025-09-06T07:49:07","slug":"hyvin-tarttuva-virus-alkoi-jyllata-suomessa-edes-maski-ei-auta","status":"publish","type":"post","link":"https:\/\/www.europesays.com\/fi\/27139\/","title":{"rendered":"Hyvin tarttuva virus alkoi jyll\u00e4t\u00e4 Suomessa \u2013 Edes maski ei auta"},"content":{"rendered":"<p>Koulujen alku on pahentanut tilannetta. Flunssaa on nyt vaikea v\u00e4ltt\u00e4\u00e4, uutisoi Ilta-Sanomat.<\/p>\n<p><img decoding=\"async\" class=\"image image-show image-preview\" src=\"https:\/\/www.europesays.com\/fi\/wp-content\/uploads\/2025\/09\/7476cdf69454219732eb7d9bf3b055ad39a14d24f6d10e39addaad931fc5ebb0.jpg\" alt=\"\"\/><img decoding=\"async\" class=\"image image-show\" src=\"https:\/\/www.europesays.com\/fi\/wp-content\/uploads\/2025\/09\/1757144947_404_7476cdf69454219732eb7d9bf3b055ad39a14d24f6d10e39addaad931fc5ebb0.jpg\" alt=\"\"\/><\/p>\n<p>Flunssa jyll\u00e4\u00e4. Tiina Somerpuro<\/p>\n<p class=\"paragraph\">Flunssaa aiheuttava rinovirus etenee nyt voimakkaasti Suomessa, uutisoi Ilta-Sanomat.<\/p>\n<p class=\"paragraph\">Husin infektiosairauksien ylil\u00e4\u00e4k\u00e4rin <strong>Ville Holmbergin<\/strong> mukaan syysflunssakausi alkaa, kun koulut py\u00f6riv\u00e4t ja ihmiset ovat enemm\u00e4n toistensa kanssa tekemisiss\u00e4. Tartunnan saadessa t\u00e4rkein tapa v\u00e4ltt\u00e4\u00e4 levi\u00e4mist\u00e4 on l\u00e4hinn\u00e4 pysytell\u00e4 kotona ja v\u00e4ltt\u00e4\u00e4 l\u00e4hikontakteja ensimm\u00e4isten sairausp\u00e4ivien ajan, Ilta-Sanomat kertoo.<\/p>\n<p class=\"paragraph\">Koronavuosilta tuttu kasvosuojain ei juuri ole hy\u00f6dyksi.<\/p>\n<p class=\"paragraph\">\u2013 Ei maskilla oikein voi suojautua normaaleilta syysflunssilta. T\u00e4rkeint\u00e4 on se, ett\u00e4 silloin, kun on kipe\u00e4 ja eniten tartuttava, pysyy kotona, Holmberg sanoo Ilta-Sanomille.<\/p>\n<p class=\"paragraph\">Rinovirus aiheuttaa tavallista, p\u00e4\u00e4osin liev\u00e4\u00e4 nuhakuumetta. Sairaaloissa se n\u00e4kyy lehden mukaan enemm\u00e4nkin henkil\u00f6kunnan poissaoloina kuin potilasm\u00e4\u00e4r\u00e4ss\u00e4.<\/p>\n<p class=\"paragraph\">My\u00f6s koronavirustartunnat n\u00e4ytt\u00e4v\u00e4t olevan t\u00e4ll\u00e4 hetkell\u00e4 nousussa. Husin apulaisylil\u00e4\u00e4k\u00e4ri <strong>Eeva Ruotsalainen<\/strong> huomauttaa <a href=\"https:\/\/www.iltalehti.fi\/terveysuutiset\/bdcbde3c-9335-4f94-bacf-c87877a584a4\" rel=\"nofollow noopener\" target=\"_blank\">Iltalehdelle<\/a>, ett\u00e4 riskiryhmien suoja koronavirusta vastaan on hiipunut. Ruotsalaisen mukaan maksuttomat korona- ja influenssarokotukset kannattaa ottaa.<\/p>\n<p class=\"paragraph\">Maksuttoman koronavirusrokotteen saavat yli 75-vuotiaat ja hoivakodeissa, koti- ja omaishoidon piiriss\u00e4 olevat i\u00e4kk\u00e4\u00e4t, yli 18-vuotiaat riskiryhmiin kuuluvat ja kaikenik\u00e4iset voimakkaasti immuunipuutteiset.<\/p>\n","protected":false},"excerpt":{"rendered":"Koulujen alku on pahentanut tilannetta. Flunssaa on nyt vaikea v\u00e4ltt\u00e4\u00e4, uutisoi Ilta-Sanomat. Flunssa jyll\u00e4\u00e4. Tiina Somerpuro Flunssaa aiheuttava&hellip;\n","protected":false},"author":2,"featured_media":27140,"comment_status":"","ping_status":"","sticky":false,"template":"","format":"standard","meta":{"footnotes":""},"categories":[165],"tags":[35,33,31,30,166,32,167],"class_list":{"0":"post-27139","1":"post","2":"type-post","3":"status-publish","4":"format-standard","5":"has-post-thumbnail","7":"category-terveys","8":"tag-24h","9":"tag-fi","10":"tag-finland","11":"tag-finnish","12":"tag-health","13":"tag-suomi","14":"tag-terveys"},"share_on_mastodon":{"url":"","error":""},"_links":{"self":[{"href":"https:\/\/www.europesays.com\/fi\/wp-json\/wp\/v2\/posts\/27139","targetHints":{"allow":["GET"]}}],"collection":[{"href":"https:\/\/www.europesays.com\/fi\/wp-json\/wp\/v2\/posts"}],"about":[{"href":"https:\/\/www.europesays.com\/fi\/wp-json\/wp\/v2\/types\/post"}],"author":[{"embeddable":true,"href":"https:\/\/www.europesays.com\/fi\/wp-json\/wp\/v2\/users\/2"}],"replies":[{"embeddable":true,"href":"https:\/\/www.europesays.com\/fi\/wp-json\/wp\/v2\/comments?post=27139"}],"version-history":[{"count":0,"href":"https:\/\/www.europesays.com\/fi\/wp-json\/wp\/v2\/posts\/27139\/revisions"}],"wp:featuredmedia":[{"embeddable":true,"href":"https:\/\/www.europesays.com\/fi\/wp-json\/wp\/v2\/media\/27140"}],"wp:attachment":[{"href":"https:\/\/www.europesays.com\/fi\/wp-json\/wp\/v2\/media?parent=27139"}],"wp:term":[{"taxonomy":"category","embeddable":true,"href":"https:\/\/www.europesays.com\/fi\/wp-json\/wp\/v2\/categories?post=27139"},{"taxonomy":"post_tag","embeddable":true,"href":"https:\/\/www.europesays.com\/fi\/wp-json\/wp\/v2\/tags?post=27139"}],"curies":[{"name":"wp","href":"https:\/\/api.w.org\/{rel}","templated":true}]}}