{"id":271483,"date":"2026-06-09T05:29:13","date_gmt":"2026-06-09T05:29:13","guid":{"rendered":"https:\/\/www.europesays.com\/fi\/271483\/"},"modified":"2026-06-09T05:29:13","modified_gmt":"2026-06-09T05:29:13","slug":"janni-hussi-tyonteli-rattaita-yllattava-kyytilainen","status":"publish","type":"post","link":"https:\/\/www.europesays.com\/fi\/271483\/","title":{"rendered":"Janni Hussi ty\u00f6nteli rattaita \u2013 yll\u00e4tt\u00e4v\u00e4 kyytil\u00e4inen"},"content":{"rendered":"<p>            Timo Korhonen\n        <\/p>\n<p class=\"subtitle \">Rallikartturina menestyst\u00e4 niitt\u00e4nyt Janni Hussi kertoo sosiaalisessa mediassa luovasta ratkaisustaan, johon liittyy siniset rattaat. My\u00f6s valtiovarainministeri Riikka Purra otti kantaa Jannin hauskaan ideaan.<\/p>\n<p class=\"article-content article-content-width !bg-background\">Rallikartturi ja mediakasvo\u00a0<a href=\"https:\/\/www.seiska.fi\/haku?q=janni%20hussi\" target=\"_blank\" rel=\"nofollow noopener\">Janni Hussi<\/a> jakoi sunnuntaina kuvia itsest\u00e4\u00e4n ty\u00f6ntelem\u00e4ss\u00e4 rattaita.<\/p>\n<p class=\"font-weight-bold m-font-weight-bold article-content article-content-width !bg-background\">Video: Janni Hussi ik\u00e4v\u00f6i Harri-koiraa ty\u00f6matkoillaan.<\/p>\n<p>Koiran jalka vaati luovaa ajattelua<\/p>\n<p class=\"article-content article-content-width !bg-background\">Kyseess\u00e4 ei ole kuitenkaan mitk\u00e4\u00e4n perinteiset lastenvaunut, vaan varta vasten lemmikkien kuljettamiseen tarkoitetut koirak\u00e4rryt.\u00a0<\/p>\n<p class=\"article-content article-content-width !bg-background\">Janni esitteli Instagram-julkaisussaan ratkaisua, jonka teki noin viisi vuotta sitten rakkaan koiransa murtuneen jalan seurauksena.<\/p>\n<p class=\"article-content article-content-width !bg-background\">Kuvissa n\u00e4kyy Jannin toyvillakoira Harri istumassa tyytyv\u00e4isen\u00e4 sinisisiss\u00e4 rattaissa. Vuonna 2024 koira vietti <a href=\"https:\/\/www.seiska.fi\/kotimaa\/janni-hussin-harri-koiralla-synttarit-erikoinen-juhlapaikka\/1513017\" target=\"_blank\" rel=\"nofollow noopener\">12-vuotissyntym\u00e4p\u00e4ivi\u00e4\u00e4n<\/a>.\u00a0<\/p>\n<p>        <a itemprop=\"url\" href=\"https:\/\/www.seiska.fi\/kotimaa\/janni-hussi-avoimena-lisaantymisesta-podcastissaolen-tehnyt-toimenpiteita\/2170989\" rel=\"nofollow noopener\" target=\"_blank\"><\/p>\n<p>\nAvoimena lis\u00e4\u00e4ntymisest\u00e4 podcastissa:\n<\/p>\n<p class=\"section-date\">\n        <strong class=\"article-section\" data-section=\"kotimaa\"><br \/>\n            kotimaa<br \/>\n        <\/strong><br \/>\n        4.6. 06:00\n    <\/p>\n<p>Janni Hussi avoimena lis\u00e4\u00e4ntymisest\u00e4 podcastissa:&#8221;Olen tehnyt toimenpiteit\u00e4&#8221;\n    <\/p>\n<p itemprop=\"description\" class=\"subtitle \">\n    Janni kuvailee toimenpidett\u00e4 Sointu Borgille varsin graafisesti.\n<\/p>\n<p>        <\/a><\/p>\n<p>Vaihtoehtoinen kulkuneuvo<\/p>\n<p class=\"article-content article-content-width !bg-background\">Janni kertoo kuvasarjassa k\u00e4rryn taustoja:<\/p>\n<p class=\"article-content article-content-width !bg-background\">\u2013 K\u00e4vi toista s\u00e4\u00e4liksi, kun ei p\u00e4\u00e4ssyt kunnolla ulos nuuskuttamaan.<\/p>\n<p class=\"article-content article-content-width !bg-background\">Voit katsoa julkaisun alta tai <a href=\"https:\/\/www.instagram.com\/p\/DZSbpj2iJFE\/?img_index=1\" target=\"_blank\" rel=\"nofollow noopener\">t\u00e4st\u00e4 linkist\u00e4<\/a>.\u00a0<\/p>\n<p class=\"article-content article-content-width !bg-background\">Janni toteaa julkaisussa, ettei k\u00e4rryratkaisu ole ollut ainoastaan helppo:<\/p>\n<p class=\"article-content article-content-width !bg-background\">\u2013 Alkuun kielt\u00e4m\u00e4tt\u00e4 h\u00e4vetti kulkea n\u00e4iden kanssa&#8230; Mut sit aattelin et hittooks t\u00e4st\u00e4. Mit\u00e4 sit\u00e4 ei oman koissun eteen tekis!<\/p>\n<p class=\"article-content article-content-width !bg-background\">Rallikartturi kertoo, ett\u00e4 koira k\u00e4rsii nivelrikosta, joten k\u00e4velylenkit ovat nyky\u00e4\u00e4n hyvin rajattuja. Videolla Janni itse sen sijaan saa kuntoilua juostessaan k\u00e4rryjen kanssa.<\/p>\n<p>        <a itemprop=\"url\" href=\"https:\/\/www.seiska.fi\/katso\/janni-hussi-iloinen-yllatysuutinen\/2168489\" rel=\"nofollow noopener\" target=\"_blank\"><\/p>\n<p>\nJanni Hussi:\n<\/p>\n<p class=\"section-date\">\n        <strong class=\"article-section\" data-section=\"katso\"><br \/>\n            katso<br \/>\n        <\/strong><br \/>\n        1.6. 13:15\n    <\/p>\n<p>Janni Hussi: Iloinen yll\u00e4tysuutinen!\n    <\/p>\n<p itemprop=\"description\" class=\"subtitle \">\n    Janni Hussi toteuttaa monen faninsa toiveen.\n<\/p>\n<p>        <\/a><\/p>\n<p>Ei mitk\u00e4\u00e4n sporttik\u00e4rryt<\/p>\n<p class=\"article-content article-content-width !bg-background\">Kyseess\u00e4 ei Jannin mukaan ole kuitenkaan urheiluun tarkoitetut vaunut:<\/p>\n<p class=\"article-content article-content-width !bg-background\">\u2013 N\u00e4\u00e4 ei ihan suoranaiset \u201csportti-k\u00e4rryt\u201d ole, joten juoksumukavuus ei ehk\u00e4 ihan huipussaan n\u00e4iden kanssa.<\/p>\n<p class=\"article-content article-content-width !bg-background\">K\u00e4velyyn k\u00e4rryt sopivat kuitenkin erinomaisesti.<\/p>\n<p class=\"article-content article-content-width !bg-background\">K\u00e4rryll\u00e4 Harri p\u00e4\u00e4see k\u00e4tev\u00e4sti tutustumaan uusiin paikkoihin, joissa Janni sitten nostaa koiran ulos haistelemaan ja merkkailemaan.<\/p>\n<p class=\"article-content article-content-width !bg-background\">\u2013 Ja kyll\u00e4 n\u00e4\u00e4 on my\u00f6s monelle vastaantulijalle nostanut hymyn huulille, kun on tajunnut ett\u00e4 kyydiss\u00e4 onkin koira, Janni kirjoittaa.<\/p>\n<p class=\"article-content article-content-width !bg-background\">Kuvasarjasta v\u00e4littyy koiran tyytyv\u00e4isyys erikoiseen menopeliin.\u00a0Seniorivillakoira n\u00e4kyy usein Jannin sosiaalisessa mediassa:<\/p>\n<p>        <a itemprop=\"url\" href=\"https:\/\/www.seiska.fi\/kotimaa\/podcast-janni-hussi-avoimena-painostetaan-lastenhankintaan\/2165221\" rel=\"nofollow noopener\" target=\"_blank\"><\/p>\n<p>\nPodcast:\n<\/p>\n<p class=\"section-date\">\n        <strong class=\"article-section\" data-section=\"kotimaa\"><br \/>\n            kotimaa<br \/>\n        <\/strong><br \/>\n        29.5. 06:30\n    <\/p>\n<p>Podcast: Janni Hussi avoimena \u2013 painostetaan lastenhankintaan\n    <\/p>\n<p itemprop=\"description\" class=\"subtitle \">\n    Janni Hussi, Sointu Borg ja Ville Merinen pohtivat, miten nuorten miesten keskuudessa levi\u00e4v\u00e4\u00e4 naisvihaa voisi v\u00e4hent\u00e4\u00e4.\n<\/p>\n<p>        <\/a><\/p>\n<p>Poliittinen kysymys?<\/p>\n<p class=\"article-content article-content-width !bg-background\">Julkaisuun oli maanantaina kertynyt runsaasti kommentteja, joissa ihasteltiin Jannin luovaa ratkaisua.<\/p>\n<p class=\"article-content article-content-width !bg-background\">\u2013 Voi ett\u00e4, t\u00e4llaisia ihmisi\u00e4 lis\u00e4\u00e4 kiitos t\u00e4lle pallolle, kirjoittaa er\u00e4s.<\/p>\n<p class=\"article-content article-content-width !bg-background\">\u2013 Ihana parivaljakko ja Harppuuna saa el\u00e4\u00e4 parasta el\u00e4m\u00e4\u00e4ns\u00e4,\u00a0kirjoitti toinen.<\/p>\n<p class=\"article-content article-content-width !bg-background\">Hieman yll\u00e4tt\u00e4en oli julkaisua k\u00e4ynyt kommentoimassa my\u00f6s Suomen valtiovarainministeri <a href=\"https:\/\/www.seiska.fi\/haku?q=RIIKKA%20PURRA\" target=\"_blank\" rel=\"nofollow noopener\">Riikka Purra<\/a> (ps). Purra on j\u00e4tt\u00e4nyt julkaisuun kommentin, jossa h\u00e4n fiilistelee Harrin menopeli\u00e4:<\/p>\n<p class=\"article-content article-content-width !bg-background\">\u2013 Ihana \ud83e\udd70 Harrin oma auto \ud83d\udefa\ud83d\ude0d.<\/p>\n<p class=\"article-content article-content-width !bg-background\">Janni ei n\u00e4ytt\u00e4isi seuraavan itse valtiovarainministeri\u00e4 Instagramissa, mutta Purra seuraa kyll\u00e4 Jannia. Ehk\u00e4p\u00e4 persupoliitikko fanittaa Jannin koiran lis\u00e4ksi my\u00f6s kartturin rallitaitoja.\u00a0<\/p>\n<p>        <a itemprop=\"url\" href=\"https:\/\/www.seiska.fi\/kotimaa\/il-joel-harkimo-paljastaa-valinsa-janni-hussiin\/2160854\" rel=\"nofollow noopener\" target=\"_blank\"><\/p>\n<p>\nIL:\n<\/p>\n<p class=\"section-date\">\n        <strong class=\"article-section\" data-section=\"kotimaa\"><br \/>\n            kotimaa<br \/>\n        <\/strong><br \/>\n        24.5. 16:30\n    <\/p>\n<p>IL: Joel Harkimo paljastaa v\u00e4lins\u00e4 Janni Hussiin\n    <\/p>\n<p itemprop=\"description\" class=\"subtitle \">\n    Joel Harkimo paljasti Iltalehdelle millaiset v\u00e4lit h\u00e4nell\u00e4 on ex-puolisoonsa Janni Hussiin.\n<\/p>\n<p>        <\/a><\/p>\n<p><script async src=\"\/\/www.instagram.com\/embed.js\"><\/script><\/p>\n","protected":false},"excerpt":{"rendered":"Timo Korhonen Rallikartturina menestyst\u00e4 niitt\u00e4nyt Janni Hussi kertoo sosiaalisessa mediassa luovasta ratkaisustaan, johon liittyy siniset rattaat. My\u00f6s valtiovarainministeri&hellip;\n","protected":false},"author":2,"featured_media":271484,"comment_status":"","ping_status":"","sticky":false,"template":"","format":"standard","meta":{"footnotes":"","_share_on_mastodon":"0"},"categories":[130],"tags":[137,33,31,30,26425,2597,36928,3302,32,109],"class_list":["post-271483","post","type-post","status-publish","format-standard","has-post-thumbnail","category-viihde","tag-entertainment","tag-fi","tag-finland","tag-finnish","tag-harri-koira","tag-janni-hussi","tag-koirakarryt","tag-riikka-purra","tag-suomi","tag-viihde"],"share_on_mastodon":{"url":"https:\/\/pubeurope.com\/@fi\/116718506243210133","error":""},"_links":{"self":[{"href":"https:\/\/www.europesays.com\/fi\/wp-json\/wp\/v2\/posts\/271483","targetHints":{"allow":["GET"]}}],"collection":[{"href":"https:\/\/www.europesays.com\/fi\/wp-json\/wp\/v2\/posts"}],"about":[{"href":"https:\/\/www.europesays.com\/fi\/wp-json\/wp\/v2\/types\/post"}],"author":[{"embeddable":true,"href":"https:\/\/www.europesays.com\/fi\/wp-json\/wp\/v2\/users\/2"}],"replies":[{"embeddable":true,"href":"https:\/\/www.europesays.com\/fi\/wp-json\/wp\/v2\/comments?post=271483"}],"version-history":[{"count":0,"href":"https:\/\/www.europesays.com\/fi\/wp-json\/wp\/v2\/posts\/271483\/revisions"}],"wp:featuredmedia":[{"embeddable":true,"href":"https:\/\/www.europesays.com\/fi\/wp-json\/wp\/v2\/media\/271484"}],"wp:attachment":[{"href":"https:\/\/www.europesays.com\/fi\/wp-json\/wp\/v2\/media?parent=271483"}],"wp:term":[{"taxonomy":"category","embeddable":true,"href":"https:\/\/www.europesays.com\/fi\/wp-json\/wp\/v2\/categories?post=271483"},{"taxonomy":"post_tag","embeddable":true,"href":"https:\/\/www.europesays.com\/fi\/wp-json\/wp\/v2\/tags?post=271483"}],"curies":[{"name":"wp","href":"https:\/\/api.w.org\/{rel}","templated":true}]}}