{"id":27168,"date":"2025-09-06T08:22:07","date_gmt":"2025-09-06T08:22:07","guid":{"rendered":"https:\/\/www.europesays.com\/fi\/27168\/"},"modified":"2025-09-06T08:22:07","modified_gmt":"2025-09-06T08:22:07","slug":"myyrmaen-perjantaisen-poliisioperaation-takana-autokauppa-uusimaa","status":"publish","type":"post","link":"https:\/\/www.europesays.com\/fi\/27168\/","title":{"rendered":"Myyrm\u00e4en perjantaisen poliisioperaation takana autokauppa | Uusimaa"},"content":{"rendered":"<p class=\"sc-jYczwO sc-dNFkOE frIBdZ edVjwg yle__article__paragraph\">Poliisi tutkii tapahtumia Myyrmannin ostoskeskuksen parkkihallissa tapon yrityksen\u00e4 ja t\u00f6rke\u00e4n\u00e4 liikenneturvallisuuden vaarantamisena.<\/p>\n<p><img decoding=\"async\" alt=\"Y\u00f6n h\u00e4m\u00e4r\u00e4ss\u00e4 Myyrmanni kauppakeskuksen kulmalla seisoo poliisiauto.\" src=\"https:\/\/www.europesays.com\/fi\/wp-content\/uploads\/2025\/09\/39-1381845673b5436bdc08.jpeg\" class=\"sc-dntSTA iywpZY\"\/><\/p>\n<p>Avaa kuvien katselu<\/p>\n<p>Myyrmannin ostoskeskus on Myyrm\u00e4ess\u00e4 Vantaalla. Arkistokuva. Kuva: Kristiina Lehto \/ Yle<\/p>\n<p class=\"sc-jYczwO sc-ciCoXh frIBdZ cPdSqu yle__article__paragraph\">Jonkinlainen autokauppa oli perjantai-illan poliisioperaation <a class=\"sc-jDJeIs gotUgl yle__article__link\" href=\"https:\/\/yle.fi\/a\/74-20181406\" role=\"link\" rel=\"nofollow noopener\" target=\"_blank\">syyn\u00e4 Myyrm\u00e4ess\u00e4 Vantaalla.<\/a><\/p>\n<p class=\"sc-jYczwO sc-ciCoXh frIBdZ cPdSqu yle__article__paragraph\">Autokauppa ja autolla kaahaaminen tapahtuivat Myyrmannin ostoskeskuksen parkkihallissa.<\/p>\n<p class=\"sc-jYczwO sc-ciCoXh frIBdZ cPdSqu yle__article__paragraph\">\u2013 Jotain autokauppaa siell\u00e4 on ollut ja syyst\u00e4 tai toisesta ep\u00e4ilty on poistunut paikalta kiireess\u00e4, It\u00e4-Uudenmaan poliisin rikoskomisario, p\u00e4ivyst\u00e4v\u00e4 tutkinnanjohtaja <strong class=\"sc-eEHciv kkmMDs yle__article__strong\">Pia Katajala<\/strong> sanoo.<\/p>\n<p class=\"sc-jYczwO sc-ciCoXh frIBdZ cPdSqu yle__article__paragraph\">Tiedossa ei ole kenen autolla ep\u00e4ilty kaahasi paikalta pois, eik\u00e4 tiedet\u00e4 kuinka paljon paikalla oli ihmisi\u00e4.<\/p>\n<p class=\"sc-jYczwO sc-ciCoXh frIBdZ cPdSqu yle__article__paragraph\">Tilanteesta aiheutui vaaraa useammalle henkil\u00f6lle. Ep\u00e4ilty kaahari on edelleen kadoksissa, eik\u00e4 poliisi t\u00e4m\u00e4n takia voi antaa viel\u00e4 tarkempia kommentteja tapahtumista. Ep\u00e4illyst\u00e4 ei kuitenkaan ole vaaraa ulkopuolisille.<\/p>\n<p class=\"sc-jYczwO sc-ciCoXh frIBdZ cPdSqu yle__article__paragraph\">Poliisi sai h\u00e4t\u00e4keskuksesta ilmoituksen kello 18.40, ja asian selvittely jatkui viel\u00e4 my\u00f6h\u00e4\u00e4n illalla.<\/p>\n<p class=\"sc-jYczwO sc-ciCoXh frIBdZ cPdSqu yle__article__paragraph\">Tapausta tutkitaan tapon yrityksen\u00e4 ja t\u00f6rke\u00e4n\u00e4 liikenneturvallisuuden vaarantamisena.<\/p>\n","protected":false},"excerpt":{"rendered":"Poliisi tutkii tapahtumia Myyrmannin ostoskeskuksen parkkihallissa tapon yrityksen\u00e4 ja t\u00f6rke\u00e4n\u00e4 liikenneturvallisuuden vaarantamisena. Avaa kuvien katselu Myyrmannin ostoskeskus on&hellip;\n","protected":false},"author":2,"featured_media":27169,"comment_status":"","ping_status":"","sticky":false,"template":"","format":"standard","meta":{"footnotes":""},"categories":[12],"tags":[6680,22,23,1284,26,27,33,31,30,17,71,24,25,28,29,8522,8443,8523,15,18,21,581,32,19,20,1168,16,2359],"class_list":{"0":"post-27168","1":"post","2":"type-post","3":"status-publish","4":"format-standard","5":"has-post-thumbnail","7":"category-suomi","8":"tag-autokauppa","9":"tag-breaking-news","10":"tag-breakingnews","11":"tag-epaillyt","12":"tag-featured-news","13":"tag-featurednews","14":"tag-fi","15":"tag-finland","16":"tag-finnish","17":"tag-headlines","18":"tag-kotimaa","19":"tag-latest-news","20":"tag-latestnews","21":"tag-main-news","22":"tag-mainnews","23":"tag-myyrmaen-suuralue","24":"tag-myyrmaki","25":"tag-myyrmanni","26":"tag-news","27":"tag-otsikot","28":"tag-paauutiset","29":"tag-rikokset","30":"tag-suomi","31":"tag-top-stories","32":"tag-topstories","33":"tag-uusimaa","34":"tag-uutiset","35":"tag-vantaa"},"share_on_mastodon":{"url":"","error":""},"_links":{"self":[{"href":"https:\/\/www.europesays.com\/fi\/wp-json\/wp\/v2\/posts\/27168","targetHints":{"allow":["GET"]}}],"collection":[{"href":"https:\/\/www.europesays.com\/fi\/wp-json\/wp\/v2\/posts"}],"about":[{"href":"https:\/\/www.europesays.com\/fi\/wp-json\/wp\/v2\/types\/post"}],"author":[{"embeddable":true,"href":"https:\/\/www.europesays.com\/fi\/wp-json\/wp\/v2\/users\/2"}],"replies":[{"embeddable":true,"href":"https:\/\/www.europesays.com\/fi\/wp-json\/wp\/v2\/comments?post=27168"}],"version-history":[{"count":0,"href":"https:\/\/www.europesays.com\/fi\/wp-json\/wp\/v2\/posts\/27168\/revisions"}],"wp:featuredmedia":[{"embeddable":true,"href":"https:\/\/www.europesays.com\/fi\/wp-json\/wp\/v2\/media\/27169"}],"wp:attachment":[{"href":"https:\/\/www.europesays.com\/fi\/wp-json\/wp\/v2\/media?parent=27168"}],"wp:term":[{"taxonomy":"category","embeddable":true,"href":"https:\/\/www.europesays.com\/fi\/wp-json\/wp\/v2\/categories?post=27168"},{"taxonomy":"post_tag","embeddable":true,"href":"https:\/\/www.europesays.com\/fi\/wp-json\/wp\/v2\/tags?post=27168"}],"curies":[{"name":"wp","href":"https:\/\/api.w.org\/{rel}","templated":true}]}}