{"id":271713,"date":"2026-06-09T10:50:14","date_gmt":"2026-06-09T10:50:14","guid":{"rendered":"https:\/\/www.europesays.com\/fi\/271713\/"},"modified":"2026-06-09T10:50:14","modified_gmt":"2026-06-09T10:50:14","slug":"naamiomiehet-uhkasivat-tappaa-kaksi-panttivankia-ja-vaativat-15-000ta-euroa-sanoo-syyttaja-vantaan-tilausrikoksesta-kotimaa","status":"publish","type":"post","link":"https:\/\/www.europesays.com\/fi\/271713\/","title":{"rendered":"Naamio\u00admiehet uhkasivat tappaa kaksi panttivankia ja vaativat 15\u00ad\u00ad\u00a0000:ta euroa, sanoo syytt\u00e4j\u00e4 Vantaan tilaus\u00adrikoksesta | Kotimaa"},"content":{"rendered":"<p class=\"aw__sc-1qwuw0s-0 aw__sc-1vg2sqm-0 epAWpq ecELkD yle__article__paragraph\">Syytteen mukaan ulkomaalaiset miehet tunkeutuivat asuntoon, jossa he pitiv\u00e4t panttivankeina kahta henkil\u00f6\u00e4. Rikoksen alkuper\u00e4inen kohde oli paennut ulkomaille.<\/p>\n<p><img decoding=\"async\" alt=\"Nelj\u00e4 anonyymi\u00e4 henkil\u00f6\u00e4 oikeudessa. \" src=\"https:\/\/www.europesays.com\/fi\/wp-content\/uploads\/2026\/06\/1780988439.jpeg\" class=\"aw__sc-dklauk-0 LPzKX\"\/><\/p>\n<p>Avaa kuvien katselu<\/p>\n<p>Nelj\u00e4 syytetty\u00e4 saapui oikeudenk\u00e4yntiin vankeudesta tiistaina 9. kes\u00e4kuuta 2026. Kuva: Katri Kirsi \/ Yle<\/p>\n<ul class=\"aw__sc-1yb43iq-0 gFXHv yle__article__list yle__article__list--ul\">\n<li class=\"aw__sc-1yb43iq-1 gVAzbt\">Vantaan maaliskuisen panttivankitapauksen oikeusk\u00e4sittely on alkanut.<\/li>\n<li class=\"aw__sc-1yb43iq-1 gVAzbt\">Syytettyin\u00e4 on kuusi nuorta miest\u00e4. Nelj\u00e4 heist\u00e4 oli mukana panttivankitilanteessa. Yksi oli kuskina ja yksi avasi oven rappuk\u00e4yt\u00e4v\u00e4\u00e4n.<\/li>\n<li class=\"aw__sc-1yb43iq-1 gVAzbt\">Taustalla on syytt\u00e4j\u00e4n mukaan huumausaineisiin liittyv\u00e4 kiista.<\/li>\n<li class=\"aw__sc-1yb43iq-1 gVAzbt\">Syyttein\u00e4 ovat muun muassa t\u00f6rke\u00e4 kiristyksen yritys, vapaudenriisto ja t\u00f6rke\u00e4 kotirauhan rikkominen.<\/li>\n<li class=\"aw__sc-1yb43iq-1 gVAzbt\">Syytt\u00e4j\u00e4n mukaan tekoa ohjattiin ulkomailta k\u00e4sin Signal-sovelluksella.<\/li>\n<\/ul>\n<p class=\"aw__sc-1qwuw0s-0 aw__sc-ngllmo-0 epAWpq fzYpjk yle__article__paragraph\">Vantaalla 6.\u20137. maaliskuuta tapahtuneen panttivankitapauksen k\u00e4sittely alkoi t\u00e4n\u00e4\u00e4n It\u00e4-Uudenmaan k\u00e4r\u00e4j\u00e4oikeudessa. Yle seuraa aamup\u00e4iv\u00e4ll\u00e4 alkanutta oikeudenk\u00e4ynti\u00e4 t\u00e4ss\u00e4 p\u00e4ivittyv\u00e4ss\u00e4 artikkelissa.<\/p>\n<p class=\"aw__sc-1qwuw0s-0 aw__sc-ngllmo-0 epAWpq fzYpjk yle__article__paragraph\">Syytt\u00e4j\u00e4n mukaan naamioitunut miesjoukko tunkeutui y\u00f6ll\u00e4 yksityisasuntoon Martinlaaksossa. He ottivat panttivangeiksi kaksi asunnossa ollutta nuorta miest\u00e4.<\/p>\n<p class=\"aw__sc-1qwuw0s-0 aw__sc-ngllmo-0 epAWpq fzYpjk yle__article__paragraph\">Syytetyt estiv\u00e4t miesten poistumisen asunnosta uhkaamalla tappaa heid\u00e4t, jos he yritt\u00e4isiv\u00e4t paeta tai k\u00e4ytt\u00e4\u00e4 puhelinta.<\/p>\n<p class=\"aw__sc-1qwuw0s-0 aw__sc-ngllmo-0 epAWpq fzYpjk yle__article__paragraph\">Varsinainen kohde oli toisen panttivangin alaik\u00e4inen pikkuveli, joka oli paennut ulkomaille. Toinen panttivanki oli kohteen isoveljen yst\u00e4v\u00e4.<\/p>\n<p class=\"aw__sc-1qwuw0s-0 aw__sc-ngllmo-0 epAWpq fzYpjk yle__article__paragraph\">Syytteiss\u00e4 rikosnimikkein\u00e4 on t\u00f6rke\u00e4 kotirauhan rikkominen, vapauden riisto, laiton uhkaus, t\u00f6rke\u00e4 kiristyksen yritys, ampuma-aserikos sek\u00e4 vaarallisen esineen hallussapito. Syytt\u00e4j\u00e4n mukaan syytetyt toimivat suunnitelmallisesti ja yhteisty\u00f6ss\u00e4.<\/p>\n<p>Vaativat uhrin pikkuveljelt\u00e4 15\u00a0000 euroa<\/p>\n<p class=\"aw__sc-1qwuw0s-0 aw__sc-ngllmo-0 epAWpq fzYpjk yle__article__paragraph\">Syytetyt olivat tarkkailleet kohteen isoveljen asuntoa muutamia viikkoja. Rikoksen syyn\u00e4 oli huumausaineisiin liittynyt kiista.<\/p>\n<p class=\"aw__sc-1qwuw0s-0 aw__sc-ngllmo-0 epAWpq fzYpjk yle__article__paragraph\">Syytt\u00e4j\u00e4n mukaan syytetyt vaativat, ett\u00e4 heid\u00e4n asunnossa pit\u00e4m\u00e4ns\u00e4 miehet soittavat alaik\u00e4iselle veljelle. Heid\u00e4n piti kertoa veljelle, ett\u00e4 he ovat kidnapattuina mets\u00e4ss\u00e4 ja vaatia velje\u00e4 maksamaan 15\u00a0000 euroa tai heid\u00e4t tapettaisiin.<\/p>\n<p class=\"aw__sc-1qwuw0s-0 aw__sc-ngllmo-0 epAWpq fzYpjk yle__article__paragraph\">Alaik\u00e4inen veli ja toinen tuntemattomaksi j\u00e4\u00e4nyt henkil\u00f6 soittivat kiristyspuhelun j\u00e4lkeen poliisille, joka sai kolme ep\u00e4ilty\u00e4 kiinni paikan p\u00e4\u00e4lt\u00e4.<\/p>\n<p class=\"aw__sc-1qwuw0s-0 aw__sc-ngllmo-0 epAWpq fzYpjk yle__article__paragraph\">Poliisi sai kaksi muuta ep\u00e4ilty\u00e4 kiinni seuraavana p\u00e4iv\u00e4n\u00e4. Toinen heist\u00e4 oli ollut asunnolla ja toinen toimi kuljettajana.<\/p>\n<p class=\"aw__sc-1qwuw0s-0 aw__sc-ngllmo-0 epAWpq fzYpjk yle__article__paragraph\">Yksi syytetyist\u00e4 on uhrin naapuri, joka osallistui tekoon avaamalla oven rappuun. Syytetyn mukaan h\u00e4nt\u00e4 painostettiin avaamaan ovi.<\/p>\n<p>Tilaajat hankkivat asunnot ja maksoivat<\/p>\n<p class=\"aw__sc-1qwuw0s-0 aw__sc-ngllmo-0 epAWpq fzYpjk yle__article__paragraph\">Syytetyt ovat Irlannin, Viron ja Ukrainan kansalaisia. Yksi heist\u00e4 oli teon aikaan alaik\u00e4inen ja muut parikymppisi\u00e4 nuoria. Syytteen mukaan he tekiv\u00e4t rikoksen tilauksesta.<\/p>\n<p class=\"aw__sc-1qwuw0s-0 aw__sc-ngllmo-0 epAWpq fzYpjk yle__article__paragraph\">Nimimerkkien takana toimineet tilaajat olivat syytt\u00e4j\u00e4n mukaan velanperint\u00e4\u00e4 hoitavan rikollisorganisaation yl\u00e4miehi\u00e4, jotka palkkasivat syytetyt perim\u00e4\u00e4n alaik\u00e4isen kohteen velkaa.<\/p>\n<p class=\"aw__sc-1qwuw0s-0 aw__sc-ngllmo-0 epAWpq fzYpjk yle__article__paragraph\">Syytetyt kertoivat esitutkinnassa, ett\u00e4 alaik\u00e4inen oli velkaa ruotsalaiselle rikollisorganisaatiolle, joka antoi toimeksiannon velanperint\u00e4organisaatiolle. Alaik\u00e4inen kohde oli v\u00e4itetysti varastanut 50 kiloa amfetamiinia.<\/p>\n<p class=\"aw__sc-1qwuw0s-0 aw__sc-ngllmo-0 epAWpq fzYpjk yle__article__paragraph\">Alaik\u00e4inen sanoi poliisille tehneens\u00e4 15\u00a0000 euron valehuumekaupan ja saaneensa sen j\u00e4lkeen uhkausviestin ruotsalaiselta D\u00f6dspatrullen -rikollisjengilt\u00e4.<\/p>\n<p class=\"aw__sc-1qwuw0s-0 aw__sc-ngllmo-0 epAWpq fzYpjk yle__article__paragraph\">Syytetyt saapuivat Suomeen Viron kautta, ja heille j\u00e4rjestettiin asunnot Espoosta ja Vantaalta. Syytt\u00e4j\u00e4n k\u00e4sityksen mukaan osalle syytetyist\u00e4 maksettiin p\u00e4ivitt\u00e4ist\u00e4 palkkaa suoritetuista teht\u00e4vist\u00e4.<\/p>\n<p class=\"aw__sc-1qwuw0s-0 aw__sc-ngllmo-0 epAWpq fzYpjk yle__article__paragraph\">Syytt\u00e4j\u00e4n mukaan 22-vuotias irlantilainen toimi johtohahmona rikoksissa ja neuvoi muita. H\u00e4n sai Signal-viestisovelluksessa ohjeita tilaajalta.<\/p>\n<p class=\"aw__sc-1qwuw0s-0 aw__sc-ngllmo-0 epAWpq fzYpjk yle__article__paragraph\">Irlantilaiselle oli syytt\u00e4j\u00e4n mukaan luvattu 8\u00a0000\u201310\u00a0000 euroa teht\u00e4v\u00e4n loppuun suorittamisen j\u00e4lkeen, mik\u00e4 kertoo peritt\u00e4v\u00e4n velan suuresta m\u00e4\u00e4r\u00e4st\u00e4.<\/p>\n<p class=\"aw__sc-1qwuw0s-0 aw__sc-ngllmo-0 epAWpq fzYpjk yle__article__paragraph\">Nelj\u00e4 syytetty\u00e4 on ollut vangittuina esitutkinnan ajan. Syytt\u00e4j\u00e4 vaatii heid\u00e4n vangitsemisensa jatkamista ja v\u00e4hint\u00e4\u00e4n kahden vuoden vankeusrangaistusta.<\/p>\n<p>Syytetyt kiist\u00e4v\u00e4t syytteet enimm\u00e4kseen<\/p>\n<p class=\"aw__sc-1qwuw0s-0 aw__sc-ngllmo-0 epAWpq fzYpjk yle__article__paragraph\">Toiminnassa ep\u00e4ill\u00e4\u00e4n olleen mukana Suomessa asuvia ven\u00e4l\u00e4istaustaisia henkil\u00f6it\u00e4 j\u00e4rjestelij\u00f6in\u00e4.<\/p>\n<p class=\"aw__sc-1qwuw0s-0 aw__sc-ngllmo-0 epAWpq fzYpjk yle__article__paragraph\">Kahden aiemmin Suomessa asuneen ven\u00e4l\u00e4istaustaisen henkil\u00f6n ep\u00e4ill\u00e4\u00e4n ohjanneen toimintaa Signal-sovelluksen avulla. Poliisin tietojen mukaan he oleskelevat ulkomailla, mahdollisesti Ven\u00e4j\u00e4ll\u00e4.<\/p>\n<p class=\"aw__sc-1qwuw0s-0 aw__sc-ngllmo-0 epAWpq fzYpjk yle__article__paragraph\">Kaikki syytetyt kiist\u00e4v\u00e4t syytteet enimm\u00e4kseen. Riitaista on se, miksi syytetyt ovat olleet uhrien asunnossa ja mit\u00e4 siell\u00e4 on tehty. Kaksi syytetty\u00e4 my\u00f6nt\u00e4\u00e4 ampuma-aserikoksen.<\/p>\n<p class=\"aw__sc-1qwuw0s-0 aw__sc-ngllmo-0 epAWpq fzYpjk yle__article__paragraph\">Yksi virolainen syytetty my\u00f6nt\u00e4\u00e4, ett\u00e4 h\u00e4nen teht\u00e4v\u00e4ns\u00e4 Suomessa oli tarkkailla velkaa olleita ihmisi\u00e4. Palkkioksi h\u00e4n kertoo saaneensa muutamia satoja euroja.<\/p>\n<p class=\"aw__sc-1qwuw0s-0 aw__sc-ngllmo-0 epAWpq fzYpjk yle__article__paragraph\">Uhrit vaativat korvauksia k\u00e4rsimyksest\u00e4. Heid\u00e4n avustajansa mukaan tilanne aiheutti pelkotilan ja stressi\u00e4, mik\u00e4 on jatkunut panttivankitilanteen j\u00e4lkeen.<\/p>\n<p>Poliisi on paljastanut kaikkiaan nelj\u00e4 niin sanottuun crime as a service -ilmi\u00f6\u00f6n liittyv\u00e4\u00e4 tapausta. Videolla k\u00e4ymme l\u00e4pi, mit\u00e4 niist\u00e4 tiedet\u00e4\u00e4n. <\/p>\n<p class=\"aw__sc-1qwuw0s-0 aw__sc-ngllmo-0 epAWpq fzYpjk yle__article__paragraph\">Juttua p\u00e4ivitet\u00e4\u00e4n.<\/p>\n","protected":false},"excerpt":{"rendered":"Syytteen mukaan ulkomaalaiset miehet tunkeutuivat asuntoon, jossa he pitiv\u00e4t panttivankeina kahta henkil\u00f6\u00e4. Rikoksen alkuper\u00e4inen kohde oli paennut ulkomaille.&hellip;\n","protected":false},"author":2,"featured_media":271714,"comment_status":"","ping_status":"","sticky":false,"template":"","format":"standard","meta":{"footnotes":"","_share_on_mastodon":"0"},"categories":[12],"tags":[22,23,26,27,33,31,30,17,6928,7956,13993,71,24,25,28,29,15,2098,18,21,581,21459,32,19,20,1168,16,37,2359],"class_list":["post-271713","post","type-post","status-publish","format-standard","has-post-thumbnail","category-suomi","tag-breaking-news","tag-breakingnews","tag-featured-news","tag-featurednews","tag-fi","tag-finland","tag-finnish","tag-headlines","tag-huumausainerikokset","tag-ita-uudenmaan-karajaoikeus","tag-jengit","tag-kotimaa","tag-latest-news","tag-latestnews","tag-main-news","tag-mainnews","tag-news","tag-oikeudenkaynnit","tag-otsikot","tag-paauutiset","tag-rikokset","tag-suomen-katujengit","tag-suomi","tag-top-stories","tag-topstories","tag-uusimaa","tag-uutiset","tag-vakivaltarikokset","tag-vantaa"],"share_on_mastodon":{"url":"https:\/\/pubeurope.com\/@fi\/116719768908752299","error":""},"_links":{"self":[{"href":"https:\/\/www.europesays.com\/fi\/wp-json\/wp\/v2\/posts\/271713","targetHints":{"allow":["GET"]}}],"collection":[{"href":"https:\/\/www.europesays.com\/fi\/wp-json\/wp\/v2\/posts"}],"about":[{"href":"https:\/\/www.europesays.com\/fi\/wp-json\/wp\/v2\/types\/post"}],"author":[{"embeddable":true,"href":"https:\/\/www.europesays.com\/fi\/wp-json\/wp\/v2\/users\/2"}],"replies":[{"embeddable":true,"href":"https:\/\/www.europesays.com\/fi\/wp-json\/wp\/v2\/comments?post=271713"}],"version-history":[{"count":0,"href":"https:\/\/www.europesays.com\/fi\/wp-json\/wp\/v2\/posts\/271713\/revisions"}],"wp:featuredmedia":[{"embeddable":true,"href":"https:\/\/www.europesays.com\/fi\/wp-json\/wp\/v2\/media\/271714"}],"wp:attachment":[{"href":"https:\/\/www.europesays.com\/fi\/wp-json\/wp\/v2\/media?parent=271713"}],"wp:term":[{"taxonomy":"category","embeddable":true,"href":"https:\/\/www.europesays.com\/fi\/wp-json\/wp\/v2\/categories?post=271713"},{"taxonomy":"post_tag","embeddable":true,"href":"https:\/\/www.europesays.com\/fi\/wp-json\/wp\/v2\/tags?post=271713"}],"curies":[{"name":"wp","href":"https:\/\/api.w.org\/{rel}","templated":true}]}}