{"id":271762,"date":"2026-06-09T12:00:22","date_gmt":"2026-06-09T12:00:22","guid":{"rendered":"https:\/\/www.europesays.com\/fi\/271762\/"},"modified":"2026-06-09T12:00:22","modified_gmt":"2026-06-09T12:00:22","slug":"jess-by-the-laken-uusi-levy-on-kannanotto-kysymatta-nieltavaksi-tarkoitettua-aivotonta-paskaa-vastaan-ensisingle-julki","status":"publish","type":"post","link":"https:\/\/www.europesays.com\/fi\/271762\/","title":{"rendered":"Jess by the Laken uusi levy on kannanotto &#8221;kysym\u00e4tt\u00e4 nielt\u00e4v\u00e4ksi tarkoitettua aivotonta paskaa&#8221; vastaan &#8211; ensisingle julki"},"content":{"rendered":"<p>Vuoteen 2025 saakka <strong>Jess and the Ancient Ones<\/strong> -yhtyeen keulahahmona toiminut <strong>Jasmin Lempinen<\/strong> julkaisee syksyll\u00e4 <strong>Jess by the Lake<\/strong> -sooloprojektinsa toisen pitk\u00e4soiton. Svart Recordsin kautta julkaistava levy kantaa nime\u00e4 Human ja se n\u00e4kee p\u00e4iv\u00e4nvalon 11. syyskuuta.<\/p>\n<p>\u201dT\u00e4m\u00e4 levy on analoginen vastaisku ja b\u00e4ndisoiton ylistys. Se on kannanotto kaikkea sit\u00e4 vastaan mit\u00e4 nyky-yhteiskunta tuntuu suoltavan joka tuutista: kysym\u00e4tt\u00e4 nielt\u00e4v\u00e4ksi tarkoitettua kertak\u00e4ytt\u00f6tavaraa, sielutonta, muovista, aivotonta paskaa\u201d, Lempinen kertoo.<\/p>\n<p>\u201dAlbumi on loppuun asti mietitty taideteos ja kunnianosoitus sen tekij\u00f6it\u00e4 sek\u00e4 sen kuulijoita kohtaan. Sit\u00e4 tehdess\u00e4mme olemme pyrkineet parhaaseen mahdolliseen taiteelliseen suoritukseen ja \u00e4\u00e4nenlaatuun, mihin siin\u00e4 hetkess\u00e4 olemme kyenneet. Ja siin\u00e4 hetkess\u00e4 olemmekin todella el\u00e4neet ja kanavoineet siihen kaiken energiamme, jonka toivomme tavoittavan my\u00f6s kuulijat. Se kumartaa h\u00e4peilem\u00e4tt\u00e4 menneisyyteen, rock-musiikin perinteiden suuntaan.\u201d<\/p>\n<p>Ihmiskohtaloista ja ihmisen\u00e4 olemisesta kertovan Human-albumin ensimm\u00e4isen\u00e4 singlen\u00e4 on nyt julkaistu kappale Jaleihou, joka edustaa leyn r\u00e4j\u00e4ht\u00e4vint\u00e4 energiaa. Alta voit katsoa kappaleen kylkeen tehdyn videon.<\/p>\n<p><img loading=\"lazy\" decoding=\"async\" alt=\"Youtube video\" width=\"480\" height=\"360\" data-pin-nopin=\"true\" nopin=\"nopin\" class=\"perfmatters-lazy\" src=\"https:\/\/www.europesays.com\/fi\/wp-content\/uploads\/2026\/06\/1781006417_453_hqdefault.jpg\"\/><\/p>\n<p>Lue my\u00f6s: <a href=\"https:\/\/www.inferno.fi\/uutiskirje\/\" title=\"Tilaa Infernon uutiskirje\" class=\"underline-custom !font-montserrat !font-bold !underline-offset-4 !decoration-4 !decoration-red-600 !text-md\" rel=\"nofollow noopener\" target=\"_blank\">Tilaa Infernon uutiskirje ja tied\u00e4t mist\u00e4 kahvitauolla puhutaan! Nappaa raskaan musiikin uutiset ja puheenaiheet suoraan s\u00e4hk\u00f6postiin t\u00e4st\u00e4.<\/a><\/p>\n<p>    <a class=\"block\" href=\"https:\/\/www.como.fi\/uutiset\/nyt-saatiin-lisatietoa-vappu-pimian-korvaajasta-tanssii-tahtien-kanssa-ohjelmaan\/\" target=\"_blank\" rel=\"noopener nofollow\"><br \/>\n                    <img loading=\"lazy\" decoding=\"async\" width=\"672\" height=\"382\" alt=\"Nyt saatiin lis\u00e4tietoa Vappu Pimi\u00e4n korvaajasta Tanssii t\u00e4htien kanssa -ohjelmaan\" class=\"perfmatters-lazy\" src=\"https:\/\/www.europesays.com\/fi\/wp-content\/uploads\/2026\/06\/ttk_tanssii_tahtien_kanssa-672x382.jpg\"\/><\/p>\n<p>                        <img loading=\"lazy\" decoding=\"async\" alt=\"Como.fi\" width=\"16\" height=\"16\" class=\"perfmatters-lazy\" src=\"https:\/\/www.europesays.com\/fi\/wp-content\/uploads\/2026\/06\/1780830253_501_favicon-16x16.png\"\/><\/p>\n<p>    <\/a><\/p>\n<p>    <a class=\"block\" href=\"https:\/\/www.como.fi\/uutiset\/aki-manninen-kertoo-podcastissa-pettaneensa-yli-10-vuotta-ja-peitelleensa-erikoisella-tavalla\/\" target=\"_blank\" rel=\"noopener nofollow\"><br \/>\n                    <img loading=\"lazy\" decoding=\"async\" width=\"672\" height=\"505\" alt=\"Aki Manninen kertoo podcastissa pett\u00e4neens\u00e4 yli 10 vuotta ja peitelleens\u00e4 erikoisella tavalla\" class=\"perfmatters-lazy\" src=\"https:\/\/www.europesays.com\/fi\/wp-content\/uploads\/2026\/06\/Aki-Manninen-Silla-kai-podcast-672x505.jpg\"\/><\/p>\n<p>                        <img loading=\"lazy\" decoding=\"async\" alt=\"Como.fi\" width=\"16\" height=\"16\" class=\"perfmatters-lazy\" src=\"https:\/\/www.europesays.com\/fi\/wp-content\/uploads\/2026\/06\/1780830253_501_favicon-16x16.png\"\/><\/p>\n<p>    <\/a><\/p>\n<p>    <a class=\"block\" href=\"https:\/\/www.como.fi\/uutiset\/jorma-uotinen-teki-hattutempun-ja-kaveli-kassan-kautta-jaatava-rahasumma\/\" target=\"_blank\" rel=\"noopener nofollow\"><br \/>\n                    <img loading=\"lazy\" decoding=\"async\" width=\"672\" height=\"573\" alt=\"Jorma Uotinen teki hattutempun ja k\u00e4veli kassan kautta \u2013 j\u00e4\u00e4t\u00e4v\u00e4 rahasumma\" class=\"perfmatters-lazy\" src=\"https:\/\/www.europesays.com\/fi\/wp-content\/uploads\/2026\/06\/jorma_u-672x573.jpg\"\/><\/p>\n<p>                        <img loading=\"lazy\" decoding=\"async\" alt=\"Como.fi\" width=\"16\" height=\"16\" class=\"perfmatters-lazy\" src=\"https:\/\/www.europesays.com\/fi\/wp-content\/uploads\/2026\/06\/1780830253_501_favicon-16x16.png\"\/><\/p>\n<p>    <\/a><\/p>\n<p>    <a class=\"block\" href=\"https:\/\/www.inferno.fi\/live\/rohkea-ja-esimerkillinen-ankea-festival-infernon-kattava-reportaasi-ensimmaista-kertaa-jarjestetyn-tapahtuman-tunnelmista\/\" rel=\"nofollow noopener\" target=\"_blank\"><br \/>\n        <img loading=\"lazy\" height=\"373\" width=\"672\" class=\"attachment-large_post_image size-large_post_image sp-no-webp perfmatters-lazy\" alt=\"Rohkea ja esimerkillinen Ankea Festival \u2013 Infernon kattava reportaasi ensimm\u00e4ist\u00e4 kertaa j\u00e4rjestetyn tapahtuman tunnelmista\" decoding=\"async\" src=\"https:\/\/www.europesays.com\/fi\/wp-content\/uploads\/2026\/06\/20260605-224237-672x373.jpg\"  data-\/><br \/>\n    <\/a><\/p>\n<p>    <a class=\"block\" href=\"https:\/\/www.inferno.fi\/uutiset\/vaikka-musiikki-on-elamamme-sinun-taytyy-kunnioittaa-itseasi-myos-ihmisena-alissa-white-gluz-kertoo-mita-aika-arch-enemyn-riveissa-opetti\/\" rel=\"nofollow noopener\" target=\"_blank\"><br \/>\n        <img loading=\"lazy\" height=\"448\" width=\"672\" class=\"attachment-large_post_image size-large_post_image sp-no-webp perfmatters-lazy\" alt=\"\u201dVaikka musiikki on el\u00e4m\u00e4mme, sinun t\u00e4ytyy kunnioittaa itse\u00e4si my\u00f6s ihmisen\u00e4\u201d \u2013 Alissa White-Gluz kertoo, mit\u00e4 aika Arch Enemyn riveiss\u00e4 opetti\" decoding=\"async\" src=\"https:\/\/www.europesays.com\/fi\/wp-content\/uploads\/2026\/02\/arch-enemy-helsingin-jaahalli-101120205-aj-johanssonphoto-21-672x448.jpg\"  data-\/><br \/>\n    <\/a><\/p>\n<p>    <a class=\"block\" href=\"https:\/\/www.inferno.fi\/live\/inferno-ankea-festivalissa-katso-massiivinen-kuvagalleria\/\" rel=\"nofollow noopener\" target=\"_blank\"><br \/>\n        <img loading=\"lazy\" height=\"377\" width=\"672\" class=\"attachment-large_post_image size-large_post_image sp-no-webp perfmatters-lazy\" alt=\"Inferno Ankea Festivalissa \u2013 katso massiivinen kuvagalleria\" decoding=\"async\" src=\"https:\/\/www.europesays.com\/fi\/wp-content\/uploads\/2026\/06\/20260604-n19a7656-672x377.jpg\"  data-\/><br \/>\n    <\/a><\/p>\n<p>    <a class=\"block\" href=\"https:\/\/www.inferno.fi\/live\/yleisokuvagalleria-ankea-festivalista-bongaatko-joukosta-itsesi-tai-tuttuja\/\" rel=\"nofollow noopener\" target=\"_blank\"><br \/>\n        <img loading=\"lazy\" height=\"362\" width=\"672\" class=\"attachment-large_post_image size-large_post_image sp-no-webp perfmatters-lazy\" alt=\"Yleis\u00f6kuvagalleria Ankea Festivalista \u2013 bongaatko joukosta itsesi tai tuttuja?\" decoding=\"async\" src=\"https:\/\/www.europesays.com\/fi\/wp-content\/uploads\/2026\/06\/20260605-n19a8768-672x362.jpg\"  data-\/><br \/>\n    <\/a><\/p>\n","protected":false},"excerpt":{"rendered":"Vuoteen 2025 saakka Jess and the Ancient Ones -yhtyeen keulahahmona toiminut Jasmin Lempinen julkaisee syksyll\u00e4 Jess by the&hellip;\n","protected":false},"author":2,"featured_media":271763,"comment_status":"","ping_status":"","sticky":false,"template":"","format":"standard","meta":{"footnotes":"","_share_on_mastodon":"0"},"categories":[132],"tags":[137,33,31,30,195,47,1243,1244,32,1245,109],"class_list":["post-271762","post","type-post","status-publish","format-standard","has-post-thumbnail","category-musiikki","tag-entertainment","tag-fi","tag-finland","tag-finnish","tag-music","tag-musiikki","tag-musiikkivideo","tag-single","tag-suomi","tag-tuleva-levy","tag-viihde"],"share_on_mastodon":{"url":"https:\/\/pubeurope.com\/@fi\/116720044233944222","error":""},"_links":{"self":[{"href":"https:\/\/www.europesays.com\/fi\/wp-json\/wp\/v2\/posts\/271762","targetHints":{"allow":["GET"]}}],"collection":[{"href":"https:\/\/www.europesays.com\/fi\/wp-json\/wp\/v2\/posts"}],"about":[{"href":"https:\/\/www.europesays.com\/fi\/wp-json\/wp\/v2\/types\/post"}],"author":[{"embeddable":true,"href":"https:\/\/www.europesays.com\/fi\/wp-json\/wp\/v2\/users\/2"}],"replies":[{"embeddable":true,"href":"https:\/\/www.europesays.com\/fi\/wp-json\/wp\/v2\/comments?post=271762"}],"version-history":[{"count":0,"href":"https:\/\/www.europesays.com\/fi\/wp-json\/wp\/v2\/posts\/271762\/revisions"}],"wp:featuredmedia":[{"embeddable":true,"href":"https:\/\/www.europesays.com\/fi\/wp-json\/wp\/v2\/media\/271763"}],"wp:attachment":[{"href":"https:\/\/www.europesays.com\/fi\/wp-json\/wp\/v2\/media?parent=271762"}],"wp:term":[{"taxonomy":"category","embeddable":true,"href":"https:\/\/www.europesays.com\/fi\/wp-json\/wp\/v2\/categories?post=271762"},{"taxonomy":"post_tag","embeddable":true,"href":"https:\/\/www.europesays.com\/fi\/wp-json\/wp\/v2\/tags?post=271762"}],"curies":[{"name":"wp","href":"https:\/\/api.w.org\/{rel}","templated":true}]}}