{"id":27195,"date":"2025-09-06T09:05:14","date_gmt":"2025-09-06T09:05:14","guid":{"rendered":"https:\/\/www.europesays.com\/fi\/27195\/"},"modified":"2025-09-06T09:05:14","modified_gmt":"2025-09-06T09:05:14","slug":"anniina-valtosella-mysteeri-lahteeko-ne-vai-ei","status":"publish","type":"post","link":"https:\/\/www.europesays.com\/fi\/27195\/","title":{"rendered":"Anniina Valtosella mysteeri \u2013 \u201dL\u00e4hteek\u00f6 ne vai ei?\u201d"},"content":{"rendered":"<p>Meteorologillakin voi olla v\u00e4lill\u00e4 vaikeuksia kertoa, millaista s\u00e4\u00e4t\u00e4 on tulossa. N\u00e4in on k\u00e4ynyt s\u00e4\u00e4karttojen \u00e4\u00e4reen palanneelle <strong>Anniina Valtoselle<\/strong>, jolle tuleva s\u00e4\u00e4 on nyt suorastaan mysteeri.<\/p>\n<p>\u2013 P\u00e4\u00e4t\u00e4n iloisesti kertoa, etten oikeasti tied\u00e4, mit\u00e4 sumuille l\u00e4hip\u00e4ivin\u00e4 k\u00e4y. L\u00e4hteek\u00f6 ne vai ei? Onko l\u00e4mmint\u00e4 vai ei? Who knows! kirjoittaa Anniina julkaisunsa alussa.<\/p>\n<p>Jos odottaa viel\u00e4 helteit\u00e4, sekin voi olla Anniinan mukaan mahdollista tai sitten ei.<\/p>\n<p>\u2013 Mahiksethan olisi helteeseen, mutta koska on syyskuu ja muodostuu sumua, niin en laittaisi vedossa kaikkia panoksia helteen toteutumiselle, kertoo Anniina.<\/p>\n<p>S\u00e4\u00e4 on aihe, josta puhutaan mielell\u00e4\u00e4n. Ehk\u00e4 siksi t\u00e4h\u00e4nkin julkaisuun on tullut paljon s\u00e4\u00e4aiheeseen liittyvi\u00e4 kommentteja.<\/p>\n<p>\u2013 Ite nautin kyll\u00e4 kun l\u00e4mmint\u00e4. Petteri L\u00f6pp\u00f6nen sanoi kyll\u00e4 hyvin ilta uutisissa \u201dsanotaa hus hus sumulle\u201d my\u00f6nn\u00e4n et v\u00e4h\u00e4 naurahin, kommentoi joku.<\/p>\n<p>Lue my\u00f6s: <a href=\"https:\/\/www.como.fi\/uutiset\/anniina-valtoselta-arvoituksellinen-paivitys\/\" title=\"Anniina Valtoselta arvoituksellinen p\u00e4ivitys\" class=\"underline-custom !font-montserrat !font-bold !underline-offset-4 !decoration-4 !decoration-red-600 !text-md\" rel=\"nofollow noopener\" target=\"_blank\">Anniina Valtoselta arvoituksellinen p\u00e4ivitys<\/a><\/p>\n<p>Lue my\u00f6s: <a href=\"https:\/\/www.como.fi\/uutiset\/meteorologi-anniina-valtosen-hammentava-ulostulo-tallainen-pouta-oikeasti-on\/\" title=\"Meteorologi Anniina Valtosen h\u00e4mment\u00e4v\u00e4 ulostulo: T\u00e4llainen pouta oikeasti on!\" class=\"underline-custom !font-montserrat !font-bold !underline-offset-4 !decoration-4 !decoration-red-600 !text-md\" rel=\"nofollow noopener\" target=\"_blank\">Meteorologi Anniina Valtosen h\u00e4mment\u00e4v\u00e4 ulostulo: T\u00e4llainen pouta oikeasti on!<\/a><\/p>\n<p>Lue my\u00f6s: <a href=\"https:\/\/www.como.fi\/uutiset\/anniina-valtonen-ei-suostu-sanomaan-s-alkuista-sanaa-syy-on-hyva\/\" title=\"Anniina Valtonen ei suostu sanomaan s-alkuista sanaa \u2013 syy on hyv\u00e4\" class=\"underline-custom !font-montserrat !font-bold !underline-offset-4 !decoration-4 !decoration-red-600 !text-md\" rel=\"nofollow noopener\" target=\"_blank\">Anniina Valtonen ei suostu sanomaan s-alkuista sanaa \u2013 syy on hyv\u00e4<\/a><\/p>\n<p>\u2013 Se oli hyv\u00e4 heitto L\u00f6pp\u00f6selt\u00e4, on Anniinalta saatu t\u00e4h\u00e4n vastauksena hymi\u00f6n kera.<\/p>\n<p>Anniinalle on tullut my\u00f6s paljon kehuja.<\/p>\n<p>\u2013 Sin\u00e4 et onneksi n\u00e4yt\u00e4 harmaalta, ilahdun n\u00e4kemisest\u00e4si olohuoneessani. Olet valons\u00e4de, loistat ihan taatusti aamusumussakin, kertoo er\u00e4s.<\/p>\n<p>Moni Anniinan julkaisu liittyy s\u00e4\u00e4h\u00e4n eli h\u00e4nen ty\u00f6h\u00f6ns\u00e4. Niit\u00e4 on mielenkiintoista lukea.<\/p>\n<p>Jos upotus ei n\u00e4y, avaa se auki <a href=\"https:\/\/www.instagram.com\/p\/DOJf1pZDdwI\/?utm_source=ig_web_copy_link&amp;igsh=MzRlODBiNWFlZA==\" target=\"_blank\" rel=\"noreferrer noopener nofollow\">t\u00e4st\u00e4<\/a>.<\/p>\n<p>Lue my\u00f6s: <a href=\"https:\/\/www.como.fi\/tilaa-comon-uutiskirje\/\" title=\"Tilaa Comon uutiskirje ja tied\u00e4t mist\u00e4 kahvitauolla puhutaan! Nappaa kotimaan tv-vinkit ja puheenaiheet suoraan s\u00e4hk\u00f6postiin t\u00e4st\u00e4.\" class=\"underline-custom !font-montserrat !font-bold !underline-offset-4 !decoration-4 !decoration-red-600 !text-md\" rel=\"nofollow noopener\" target=\"_blank\">Tilaa Comon uutiskirje ja tied\u00e4t mist\u00e4 kahvitauolla puhutaan! Nappaa kotimaan tv-vinkit ja puheenaiheet suoraan s\u00e4hk\u00f6postiin t\u00e4st\u00e4.<\/a><\/p>\n<p>\t\t\t\t<script async src=\"\/\/www.instagram.com\/embed.js\"><\/script><\/p>\n","protected":false},"excerpt":{"rendered":"Meteorologillakin voi olla v\u00e4lill\u00e4 vaikeuksia kertoa, millaista s\u00e4\u00e4t\u00e4 on tulossa. N\u00e4in on k\u00e4ynyt s\u00e4\u00e4karttojen \u00e4\u00e4reen palanneelle Anniina Valtoselle,&hellip;\n","protected":false},"author":2,"featured_media":27196,"comment_status":"","ping_status":"","sticky":false,"template":"","format":"standard","meta":{"footnotes":""},"categories":[133],"tags":[137,33,31,30,32,206,156,109],"class_list":{"0":"post-27195","1":"post","2":"type-post","3":"status-publish","4":"format-standard","5":"has-post-thumbnail","7":"category-televisiot","8":"tag-entertainment","9":"tag-fi","10":"tag-finland","11":"tag-finnish","12":"tag-suomi","13":"tag-televisiot","14":"tag-tv","15":"tag-viihde"},"share_on_mastodon":{"url":"","error":""},"_links":{"self":[{"href":"https:\/\/www.europesays.com\/fi\/wp-json\/wp\/v2\/posts\/27195","targetHints":{"allow":["GET"]}}],"collection":[{"href":"https:\/\/www.europesays.com\/fi\/wp-json\/wp\/v2\/posts"}],"about":[{"href":"https:\/\/www.europesays.com\/fi\/wp-json\/wp\/v2\/types\/post"}],"author":[{"embeddable":true,"href":"https:\/\/www.europesays.com\/fi\/wp-json\/wp\/v2\/users\/2"}],"replies":[{"embeddable":true,"href":"https:\/\/www.europesays.com\/fi\/wp-json\/wp\/v2\/comments?post=27195"}],"version-history":[{"count":0,"href":"https:\/\/www.europesays.com\/fi\/wp-json\/wp\/v2\/posts\/27195\/revisions"}],"wp:featuredmedia":[{"embeddable":true,"href":"https:\/\/www.europesays.com\/fi\/wp-json\/wp\/v2\/media\/27196"}],"wp:attachment":[{"href":"https:\/\/www.europesays.com\/fi\/wp-json\/wp\/v2\/media?parent=27195"}],"wp:term":[{"taxonomy":"category","embeddable":true,"href":"https:\/\/www.europesays.com\/fi\/wp-json\/wp\/v2\/categories?post=27195"},{"taxonomy":"post_tag","embeddable":true,"href":"https:\/\/www.europesays.com\/fi\/wp-json\/wp\/v2\/tags?post=27195"}],"curies":[{"name":"wp","href":"https:\/\/api.w.org\/{rel}","templated":true}]}}