{"id":27218,"date":"2025-09-06T09:35:08","date_gmt":"2025-09-06T09:35:08","guid":{"rendered":"https:\/\/www.europesays.com\/fi\/27218\/"},"modified":"2025-09-06T09:35:08","modified_gmt":"2025-09-06T09:35:08","slug":"patrik-laineen-seura-kauppasi-sankarinsa","status":"publish","type":"post","link":"https:\/\/www.europesays.com\/fi\/27218\/","title":{"rendered":"Patrik Laineen seura kauppasi sankarinsa"},"content":{"rendered":"<p>NHL:ss\u00e4 tehtiin veivaus, joka ei n\u00e4ill\u00e4 n\u00e4kymin n\u00e4y j\u00e4\u00e4ll\u00e4.<\/p>\n<p><img decoding=\"async\" class=\"image image-show image-preview\" src=\"https:\/\/www.europesays.com\/fi\/wp-content\/uploads\/2025\/09\/75f1a36dfa89121750d3ce7a5a1e435275b8122799322fd9ec2a218b97979dbe.jpg\" alt=\"\"\/><img decoding=\"async\" class=\"image image-show\" src=\"https:\/\/www.europesays.com\/fi\/wp-content\/uploads\/2025\/09\/1757151307_590_75f1a36dfa89121750d3ce7a5a1e435275b8122799322fd9ec2a218b97979dbe.jpg\" alt=\"\"\/><\/p>\n<p>Carey Price voitti NHL:n parhaalle maalivahdille jaettavan Vezina-palkinnon kauden 2014\u201315 p\u00e4\u00e4tteeksi. ZumaWire \/ MVPHOTOS<\/p>\n<p class=\"paragraph\">J\u00e4\u00e4kiekon NHL-seura Montreal Canadiens on kaupannut maalivahti <strong>Carey Pricen<\/strong>, 38, San Jose Sharksiin.<\/p>\n<p class=\"paragraph\">Price ei ole pelannut sitten kauden 2021\u201322, ja kyseess\u00e4 onkin Pricelt\u00e4 ja Canadiensilta erikoisliike, jolla kanadalaisseura sai kaivettua lis\u00e4tilaa palkkakattoonsa.<\/p>\n<p class=\"paragraph\"><a href=\"https:\/\/www.sportsnet.ca\/nhl\/article\/canadiens-trade-with-sharks-one-last-huge-save-from-carey-price\/\" target=\"_blank\" rel=\"noopener nofollow\">Sportsnet<\/a> kuvailee, ett\u00e4 siirto oli Pricelt\u00e4 viimeinen torjunta Montrealille. Jotta siirto saatiin toteutetuksi, Pricen piti heivata sopimuksessaan ollut siirron est\u00e4nyt pyk\u00e4l\u00e4.<\/p>\n<p class=\"paragraph\">Kaupassa Sharksille siirtyi lis\u00e4ksi kes\u00e4n 2026 varaustilaisuuden viidennen kierroksen vuoro. Montrealiin liikahti 22-vuotias puolustaja <strong>Gannon Laroque<\/strong>, joka on kolmen edellisen kauden aikana pelannut yhteens\u00e4 vain 22 runkosarjaottelua AHL:ss\u00e4, ECHL:ss\u00e4 ja WHL:ss\u00e4.<\/p>\n<p class=\"paragraph\">Price pelasi NHL:ss\u00e4 viimeksi 29. huhtikuuta 2022. NHL.comin mukaan uralle stopin panivat lukuisat loukkaantumiset ja Pricen haluttomuus menn\u00e4 isompaan polvileikkaukseen.<\/p>\n<p class=\"paragraph\">Price ei ole edustanut NHL:ss\u00e4 mit\u00e4\u00e4n toista seuraa Canadiensin lis\u00e4ksi. Runkosarjaotteluita perinteisen seuran paidassa kertyi 712.<\/p>\n<p class=\"paragraph\">Canadiens ja Price allekirjoittivat 8-vuotisen, kokonaisarvoltaan 84 miljoonan dollarin sopimuksen hein\u00e4kuussa 2017, eli maalivahdin sopimuksesta on j\u00e4ljell\u00e4 en\u00e4\u00e4 yksi kausi.<\/p>\n<p class=\"paragraph\"><a href=\"https:\/\/www.espn.com\/nhl\/story\/_\/id\/46168972\/canadiens-trade-carey-price-sharks-salary-cap-move\" target=\"_blank\" rel=\"noopener nofollow\">ESPN:n<\/a> mukaan Canadiens maksoi Pricelle syyskuun 1. p\u00e4iv\u00e4n\u00e4 viimeisen sopimusvuoden 5,5 miljoonan dollarin allekirjoitusbonuksen, mik\u00e4 avitti nyt tapahtunutta kauppaa.<\/p>\n<p class=\"paragraph\">Pricen sopimuksen vaikutus palkkakattoon on 10,5 miljoonaa dollaria. Varsinaisen palkanmaksun osalta Pricen sopimus oli kuitenkin etupainotteinen. Esimerkiksi kaudesta 2018\u201319 Price kuittasi allekirjoitusbonusta bruttona 13 miljoonaa ja palkkaa 2 miljoonaa.<\/p>\n<p class=\"paragraph\">Viimeisest\u00e4 sopimuskaudestaan Price tienaa yhteens\u00e4 7,5 miljoonaa dollaria, eli Canadiensin kuun alussa maksaman allekirjoitusbonuksen j\u00e4lkeen Sharksille j\u00e4i maksettavaksi palkkaa kaksi miljoonaa.<\/p>\n<p class=\"paragraph\">Sharksin peruste kaupalle oli seuran kipuilu ylt\u00e4\u00e4 niin sanotun palkkalattian yl\u00e4puolelle.<\/p>\n<p class=\"paragraph\">NHL:n palkkalattia kaudella 2025\u201326 on 70,6 miljoonaa ja palkkakatto 95,5 miljoonaa. Seurojen on pelaajasopimusten yhteisarvolla osuttava n\u00e4iden summien v\u00e4liin.<\/p>\n","protected":false},"excerpt":{"rendered":"NHL:ss\u00e4 tehtiin veivaus, joka ei n\u00e4ill\u00e4 n\u00e4kymin n\u00e4y j\u00e4\u00e4ll\u00e4. Carey Price voitti NHL:n parhaalle maalivahdille jaettavan Vezina-palkinnon kauden&hellip;\n","protected":false},"author":2,"featured_media":27219,"comment_status":"","ping_status":"","sticky":false,"template":"","format":"standard","meta":{"footnotes":""},"categories":[158],"tags":[35,1144,1274,33,31,30,1143,41,1146,159,32,160],"class_list":{"0":"post-27218","1":"post","2":"type-post","3":"status-publish","4":"format-standard","5":"has-post-thumbnail","7":"category-urheilu","8":"tag-24h","9":"tag-ammattilaisjaakiekko","10":"tag-ammattiurheilu","11":"tag-fi","12":"tag-finland","13":"tag-finnish","14":"tag-jaakiekko","15":"tag-liikunta-ja-urheilu","16":"tag-miesten-jaakiekko","17":"tag-sports","18":"tag-suomi","19":"tag-urheilu"},"share_on_mastodon":{"url":"","error":""},"_links":{"self":[{"href":"https:\/\/www.europesays.com\/fi\/wp-json\/wp\/v2\/posts\/27218","targetHints":{"allow":["GET"]}}],"collection":[{"href":"https:\/\/www.europesays.com\/fi\/wp-json\/wp\/v2\/posts"}],"about":[{"href":"https:\/\/www.europesays.com\/fi\/wp-json\/wp\/v2\/types\/post"}],"author":[{"embeddable":true,"href":"https:\/\/www.europesays.com\/fi\/wp-json\/wp\/v2\/users\/2"}],"replies":[{"embeddable":true,"href":"https:\/\/www.europesays.com\/fi\/wp-json\/wp\/v2\/comments?post=27218"}],"version-history":[{"count":0,"href":"https:\/\/www.europesays.com\/fi\/wp-json\/wp\/v2\/posts\/27218\/revisions"}],"wp:featuredmedia":[{"embeddable":true,"href":"https:\/\/www.europesays.com\/fi\/wp-json\/wp\/v2\/media\/27219"}],"wp:attachment":[{"href":"https:\/\/www.europesays.com\/fi\/wp-json\/wp\/v2\/media?parent=27218"}],"wp:term":[{"taxonomy":"category","embeddable":true,"href":"https:\/\/www.europesays.com\/fi\/wp-json\/wp\/v2\/categories?post=27218"},{"taxonomy":"post_tag","embeddable":true,"href":"https:\/\/www.europesays.com\/fi\/wp-json\/wp\/v2\/tags?post=27218"}],"curies":[{"name":"wp","href":"https:\/\/api.w.org\/{rel}","templated":true}]}}