{"id":27234,"date":"2025-09-06T09:59:09","date_gmt":"2025-09-06T09:59:09","guid":{"rendered":"https:\/\/www.europesays.com\/fi\/27234\/"},"modified":"2025-09-06T09:59:09","modified_gmt":"2025-09-06T09:59:09","slug":"kouvolassa-tehtiin-aivan-uudenlainen-elokuva-kouvolan-sanomat","status":"publish","type":"post","link":"https:\/\/www.europesays.com\/fi\/27234\/","title":{"rendered":"Kouvolassa tehtiin aivan uudenlainen elokuva &#8211; Kouvolan Sanomat"},"content":{"rendered":"<ol>\n<li><a href=\"https:\/\/news.google.com\/rss\/articles\/CBMiX0FVX3lxTE56ZzVINU5PbEhuS2JwRzFUckoxMVlvVEhqWkJyVVhKeTNmYTNlcnlMUlRQQi12LWxocUJWZzQxcW56VmJjZ2htUTBuVkhQUEFFWGhhc3FObDdOVnkxeWpF?oc=5\" target=\"_blank\" rel=\"nofollow noopener\">Kouvolassa tehtiin aivan uudenlainen elokuva<\/a>&nbsp;&nbsp;Kouvolan Sanomat<\/li>\n<li><a href=\"https:\/\/news.google.com\/rss\/articles\/CBMiVEFVX3lxTE5CSUQwdm9YNzVsUnFvQm8zek9vb2RuNllYVVc5aXJaWlY4azQxa3J3N0lTQVhCY3E2U3I3SlhOZVNYVm9fUTN2Z3FKTDlMQVM1ZHNOaQ?oc=5\" target=\"_blank\" rel=\"nofollow noopener\">Etel\u00e4-Saimaa seurasi aamuvirkun Tiinan ja y\u00f6ky\u00f6peli Juhon rutiineita: &#8221;Moni on sanonut, ett\u00e4 miten voit olla noin pirte\u00e4&#8221;<\/a>&nbsp;&nbsp;Etel\u00e4-Saimaa<\/li>\n<li><a href=\"https:\/\/news.google.com\/rss\/articles\/CBMiXEFVX3lxTFBvOV9HQnZkVTZIWG9fMjE5YzYtVFJDYjBLUTFMU1VNMW9rU2w5NEFwc29rLWE3T2trb3RUMG5OaHFYM1ZBLU1KTDNkbjlxd1diV3JHdDZtVFhZU1hE?oc=5\" target=\"_blank\" rel=\"nofollow noopener\">Ep\u00e4ilty teinitappaja aiheutti v\u00e4likohtauksen leikkipuiston kulmilla \u2013 18-vuotias mies koki karmean hetken autonratissa<\/a>&nbsp;&nbsp;Ilta-Sanomat<\/li>\n<li><a href=\"https:\/\/news.google.com\/rss\/articles\/CBMiWkFVX3lxTFBNS1A4Uk1SZ3NfbHFHQW5GRHNONkJzdHpvY0E3R214YTRQRkNzc2FTMUdkNTN6Rm15UVRsUVVEQ2p1UzN3dUdXdVR0V0NvRHpUVURDMlVuWG9ZQQ?oc=5\" target=\"_blank\" rel=\"nofollow noopener\">HS Iitiss\u00e4 | Taposta ep\u00e4illyll\u00e4 alaik\u00e4isell\u00e4 on \u201dpitk\u00e4 syntilista\u201d, kertoo paikallinen<\/a>&nbsp;&nbsp;HS.fi<\/li>\n<li><a href=\"https:\/\/news.google.com\/rss\/articles\/CBMie0FVX3lxTE9hMkRaRUhPdTZ1aDdTOEwtdU9tNGRobzJUaEIyQi1NUDFNNG53Um9jSGx1VldPUjB4Q2U5RldOMjd3N2FfM0UtR3cyUnBqVDZjNVcwbkxud0l3M2xSbkRlTTNURFJBZEp6c2djYjMyT19zWnlkcWdoV3RXbw?oc=5\" target=\"_blank\" rel=\"nofollow noopener\">15-vuotias poika vangittiin Iitin taposta ep\u00e4iltyn\u00e4<\/a>&nbsp;&nbsp;Iltalehti<\/li>\n<\/ol>\n","protected":false},"excerpt":{"rendered":"Kouvolassa tehtiin aivan uudenlainen elokuva&nbsp;&nbsp;Kouvolan Sanomat Etel\u00e4-Saimaa seurasi aamuvirkun Tiinan ja y\u00f6ky\u00f6peli Juhon rutiineita: &#8221;Moni on sanonut, ett\u00e4&hellip;\n","protected":false},"author":2,"featured_media":27235,"comment_status":"","ping_status":"","sticky":false,"template":"","format":"standard","meta":{"footnotes":""},"categories":[131],"tags":[155,137,33,173,31,30,3436,737,3764,108,172,3018,32,485,140,109],"class_list":{"0":"post-27234","1":"post","2":"type-post","3":"status-publish","4":"format-standard","5":"has-post-thumbnail","7":"category-elokuvat","8":"tag-elokuvat","9":"tag-entertainment","10":"tag-fi","11":"tag-film","12":"tag-finland","13":"tag-finnish","14":"tag-kaupunkikulttuuri","15":"tag-kouvola","16":"tag-kouvolan-seutukunta","17":"tag-kulttuuri","18":"tag-movies","19":"tag-muusikko","20":"tag-suomi","21":"tag-taide-yleista","22":"tag-tv-ja-elokuvat","23":"tag-viihde"},"share_on_mastodon":{"url":"","error":""},"_links":{"self":[{"href":"https:\/\/www.europesays.com\/fi\/wp-json\/wp\/v2\/posts\/27234","targetHints":{"allow":["GET"]}}],"collection":[{"href":"https:\/\/www.europesays.com\/fi\/wp-json\/wp\/v2\/posts"}],"about":[{"href":"https:\/\/www.europesays.com\/fi\/wp-json\/wp\/v2\/types\/post"}],"author":[{"embeddable":true,"href":"https:\/\/www.europesays.com\/fi\/wp-json\/wp\/v2\/users\/2"}],"replies":[{"embeddable":true,"href":"https:\/\/www.europesays.com\/fi\/wp-json\/wp\/v2\/comments?post=27234"}],"version-history":[{"count":0,"href":"https:\/\/www.europesays.com\/fi\/wp-json\/wp\/v2\/posts\/27234\/revisions"}],"wp:featuredmedia":[{"embeddable":true,"href":"https:\/\/www.europesays.com\/fi\/wp-json\/wp\/v2\/media\/27235"}],"wp:attachment":[{"href":"https:\/\/www.europesays.com\/fi\/wp-json\/wp\/v2\/media?parent=27234"}],"wp:term":[{"taxonomy":"category","embeddable":true,"href":"https:\/\/www.europesays.com\/fi\/wp-json\/wp\/v2\/categories?post=27234"},{"taxonomy":"post_tag","embeddable":true,"href":"https:\/\/www.europesays.com\/fi\/wp-json\/wp\/v2\/tags?post=27234"}],"curies":[{"name":"wp","href":"https:\/\/api.w.org\/{rel}","templated":true}]}}